{"id":293430,"date":"2022-05-27T17:06:16","date_gmt":"2022-05-27T20:06:16","guid":{"rendered":"https:\/\/jundiai.sp.gov.br\/noticias\/?p=293430"},"modified":"2022-05-27T17:06:16","modified_gmt":"2022-05-27T20:06:16","slug":"governador-rodrigo-garcia-conhece-conceito-inovador-do-mundo-das-criancas","status":"publish","type":"post","link":"https:\/\/jundiai.sp.gov.br\/noticias\/2022\/05\/27\/governador-rodrigo-garcia-conhece-conceito-inovador-do-mundo-das-criancas\/","title":{"rendered":"Governador Rodrigo Garcia conhece conceito inovador do Mundo das Crian\u00e7as"},"content":{"rendered":"\n<p>Depois do evento Governo na \u00c1rea, realizado no Parque da Uva, o governador Rodrigo Garcia visitou o Mundo das Crian\u00e7as na companhia do prefeito Luiz Fernando Machado, na tarde desta sexta-feira (27). Foi uma oportunidade para Rodrigo conhecer o conceito inovador do espa\u00e7o &#8211; voltado a atividades educacionais ao ar livre, desenvolvimento motor e lazer &#8211; e saber um pouco mais sobre o programa Escola Inovadora, como alimenta\u00e7\u00e3o saud\u00e1vel e a presen\u00e7a da rob\u00f3tica nas salas de aula da rede municipal.<\/p>\n\n\n\n<p>\u201cPedi ao Luiz Fernando que me mostrasse o Mundo das Crian\u00e7as, pois eu sei do esfor\u00e7o que foi para realiz\u00e1-lo e dos investimentos que Jundia\u00ed faz na Educa\u00e7\u00e3o. \u00c9 muito bom estar aqui e ver tudo isso de perto. Estou muito feliz\u201d, declarou o governador aos pais, filhos e educadores presentes, depois de conhecer diferentes espa\u00e7os, como a casa da \u00e1rvore (onde conversou com os integrantes do Comit\u00ea das Crian\u00e7as e depois foi realizado um piquenique), o foguete e os brinquedos n\u00e3o estruturados.<\/p>\n\n\n\n<figure class=\"wp-block-image size-full\"><img loading=\"lazy\" decoding=\"async\" width=\"1280\" height=\"853\" src=\"https:\/\/jundiai.sp.gov.br\/noticias\/wp-content\/uploads\/sites\/32\/2022\/05\/governador_visita_mundo_das_criancas-510.jpg\" alt=\"\" class=\"wp-image-293431\" srcset=\"https:\/\/jundiai.sp.gov.br\/noticias\/wp-content\/uploads\/sites\/32\/2022\/05\/governador_visita_mundo_das_criancas-510.jpg 1280w, https:\/\/jundiai.sp.gov.br\/noticias\/wp-content\/uploads\/sites\/32\/2022\/05\/governador_visita_mundo_das_criancas-510-300x200.jpg 300w, https:\/\/jundiai.sp.gov.br\/noticias\/wp-content\/uploads\/sites\/32\/2022\/05\/governador_visita_mundo_das_criancas-510-768x512.jpg 768w, https:\/\/jundiai.sp.gov.br\/noticias\/wp-content\/uploads\/sites\/32\/2022\/05\/governador_visita_mundo_das_criancas-510-450x300.jpg 450w\" sizes=\"auto, (max-width: 1280px) 100vw, 1280px\" \/><figcaption>Luiz Fernando mostrou as instala\u00e7\u00f5es do Mundo das Crian\u00e7as para o governador, que elogiou seu espa\u00e7o inovador<\/figcaption><\/figure>\n\n\n\n<p>\u201cO Mundo das Crian\u00e7as \u00e9 um espa\u00e7o para o desenvolvimento e o lazer de nossas crian\u00e7as, junto a suas fam\u00edlias, em contato com a natureza e ao lado de nossa represa de abastecimento\u201d, explicou Luiz Fernando. \u201cJundia\u00ed, atrav\u00e9s do programa Escola Inovadora, tem feito avan\u00e7os importantes na Educa\u00e7\u00e3o, como o ingl\u00eas a partir dos 4 anos, a rob\u00f3tica, a alimenta\u00e7\u00e3o saud\u00e1vel e o investimento cont\u00ednuo na prepara\u00e7\u00e3o de nossos educadores.\u201d<\/p>\n\n\n\n<p>Em mar\u00e7o, o Governo do Estado implantou, em parceria com a Unidade de Gest\u00e3o de Educa\u00e7\u00e3o, o Centro de Inova\u00e7\u00e3o de Educa\u00e7\u00e3o B\u00e1sica Paulista (CIEBP) no Mundo das Crian\u00e7as. Trata-se de um espa\u00e7o com tecnologia e inova\u00e7\u00e3o, que trabalha com a prototipagem e solu\u00e7\u00e3o de problemas, semelhante ao Fab Lab. O investimento realizado no CIEBP de Jundia\u00ed foi de R$ 175.187,82, com obras civis realizadas pela DAE e materiais e equipamentos do Governo do Estado.<\/p>\n\n\n\n<figure class=\"wp-block-image size-full\"><img loading=\"lazy\" decoding=\"async\" width=\"1280\" height=\"853\" src=\"https:\/\/jundiai.sp.gov.br\/noticias\/wp-content\/uploads\/sites\/32\/2022\/05\/governador_visita_mundo_das_criancas-162.jpg\" alt=\"\" class=\"wp-image-293432\" srcset=\"https:\/\/jundiai.sp.gov.br\/noticias\/wp-content\/uploads\/sites\/32\/2022\/05\/governador_visita_mundo_das_criancas-162.jpg 1280w, https:\/\/jundiai.sp.gov.br\/noticias\/wp-content\/uploads\/sites\/32\/2022\/05\/governador_visita_mundo_das_criancas-162-300x200.jpg 300w, https:\/\/jundiai.sp.gov.br\/noticias\/wp-content\/uploads\/sites\/32\/2022\/05\/governador_visita_mundo_das_criancas-162-768x512.jpg 768w, https:\/\/jundiai.sp.gov.br\/noticias\/wp-content\/uploads\/sites\/32\/2022\/05\/governador_visita_mundo_das_criancas-162-450x300.jpg 450w\" sizes=\"auto, (max-width: 1280px) 100vw, 1280px\" \/><figcaption>O governador conversou com os integrantes do Comit\u00ea das Crian\u00e7as e p\u00f4de entender um pouco do que eles desenvolvem<\/figcaption><\/figure>\n\n\n\n<p><strong>Assessoria de Imprensa<br>Foto: fot\u00f3grafo PMJ<\/strong><\/p>\n","protected":false},"excerpt":{"rendered":"<p>Depois do evento Governo na \u00c1rea, realizado no Parque da Uva, o governador Rodrigo Garcia visitou o Mundo das Crian\u00e7as na companhia do prefeito Luiz Fernando Machado, na tarde desta sexta-feira (27). Foi uma oportunidade para Rodrigo conhecer o conceito inovador do espa\u00e7o &#8211; voltado a atividades educacionais ao ar livre, desenvolvimento motor e lazer [&hellip;]<\/p>\n","protected":false},"author":71,"featured_media":293431,"comment_status":"closed","ping_status":"closed","sticky":false,"template":"","format":"standard","meta":{"footnotes":""},"categories":[2],"tags":[1061,1436,1778,1754],"ods":[],"class_list":["post-293430","post","type-post","status-publish","format-standard","has-post-thumbnail","hentry","category-noticias","tag-escola-inovadora","tag-mundo-das-criancas","tag-rodrigo-garcia","tag-visita"],"_links":{"self":[{"href":"https:\/\/jundiai.sp.gov.br\/noticias\/wp-json\/wp\/v2\/posts\/293430","targetHints":{"allow":["GET"]}}],"collection":[{"href":"https:\/\/jundiai.sp.gov.br\/noticias\/wp-json\/wp\/v2\/posts"}],"about":[{"href":"https:\/\/jundiai.sp.gov.br\/noticias\/wp-json\/wp\/v2\/types\/post"}],"author":[{"embeddable":true,"href":"https:\/\/jundiai.sp.gov.br\/noticias\/wp-json\/wp\/v2\/users\/71"}],"replies":[{"embeddable":true,"href":"https:\/\/jundiai.sp.gov.br\/noticias\/wp-json\/wp\/v2\/comments?post=293430"}],"version-history":[{"count":3,"href":"https:\/\/jundiai.sp.gov.br\/noticias\/wp-json\/wp\/v2\/posts\/293430\/revisions"}],"predecessor-version":[{"id":293436,"href":"https:\/\/jundiai.sp.gov.br\/noticias\/wp-json\/wp\/v2\/posts\/293430\/revisions\/293436"}],"wp:featuredmedia":[{"embeddable":true,"href":"https:\/\/jundiai.sp.gov.br\/noticias\/wp-json\/wp\/v2\/media\/293431"}],"wp:attachment":[{"href":"https:\/\/jundiai.sp.gov.br\/noticias\/wp-json\/wp\/v2\/media?parent=293430"}],"wp:term":[{"taxonomy":"category","embeddable":true,"href":"https:\/\/jundiai.sp.gov.br\/noticias\/wp-json\/wp\/v2\/categories?post=293430"},{"taxonomy":"post_tag","embeddable":true,"href":"https:\/\/jundiai.sp.gov.br\/noticias\/wp-json\/wp\/v2\/tags?post=293430"},{"taxonomy":"ods","embeddable":true,"href":"https:\/\/jundiai.sp.gov.br\/noticias\/wp-json\/wp\/v2\/ods?post=293430"}],"curies":[{"name":"wp","href":"https:\/\/api.w.org\/{rel}","templated":true}]}}