{"id":293622,"date":"2022-05-30T15:19:18","date_gmt":"2022-05-30T18:19:18","guid":{"rendered":"https:\/\/jundiai.sp.gov.br\/noticias\/?p=293622"},"modified":"2022-06-03T15:23:17","modified_gmt":"2022-06-03T18:23:17","slug":"prefeitura-promove-acoes-na-comemoracao-da-semana-do-meio-ambiente","status":"publish","type":"post","link":"https:\/\/jundiai.sp.gov.br\/noticias\/2022\/05\/30\/prefeitura-promove-acoes-na-comemoracao-da-semana-do-meio-ambiente\/","title":{"rendered":"Prefeitura promove a\u00e7\u00f5es na comemora\u00e7\u00e3o da Semana do Meio Ambiente"},"content":{"rendered":"\n<p>A Prefeitura de Jundia\u00ed, por meio da Unidade de Gest\u00e3o de Planejamento Urbano e Meio Ambiente (UGPUMA) e Funda\u00e7\u00e3o Serra do Japi, promove a\u00e7\u00f5es para comemorar a Semana Mundial do Meio Ambiente, com diferentes atividades para a popula\u00e7\u00e3o.<\/p>\n\n\n\n<p>A programa\u00e7\u00e3o tem in\u00edcio no s\u00e1bado (4), \u00e0s 8h30, com a inaugura\u00e7\u00e3o da Horta Fazenda Grande. Na ocasi\u00e3o ser\u00e1 realizado o plantio de um canteiro de flores comest\u00edveis por crian\u00e7as do bairro, al\u00e9m da inaugura\u00e7\u00e3o do ponto de venda e apoio da horta. Durante a a\u00e7\u00e3o, ser\u00e3o distribu\u00eddas 100 mudas de hortali\u00e7as para os moradores do bairro e ser\u00e1 realizado o plantio de \u00e1rvores na rua Daniel da Silva, ampliando as mudas do Programa P\u00e9 de \u00c1rvore.<\/p>\n\n\n\n<figure class=\"wp-block-image size-full\"><img loading=\"lazy\" decoding=\"async\" width=\"1280\" height=\"853\" src=\"https:\/\/jundiai.sp.gov.br\/noticias\/wp-content\/uploads\/sites\/32\/2022\/05\/curso-horta-urbana-85.jpg\" alt=\"DESCRI\u00c7\u00c3O DA IMAGEM\nMulher est\u00e1 abaixada e mexendo em terra e mudas de plantas.\" class=\"wp-image-293623\" srcset=\"https:\/\/jundiai.sp.gov.br\/noticias\/wp-content\/uploads\/sites\/32\/2022\/05\/curso-horta-urbana-85.jpg 1280w, https:\/\/jundiai.sp.gov.br\/noticias\/wp-content\/uploads\/sites\/32\/2022\/05\/curso-horta-urbana-85-300x200.jpg 300w, https:\/\/jundiai.sp.gov.br\/noticias\/wp-content\/uploads\/sites\/32\/2022\/05\/curso-horta-urbana-85-768x512.jpg 768w, https:\/\/jundiai.sp.gov.br\/noticias\/wp-content\/uploads\/sites\/32\/2022\/05\/curso-horta-urbana-85-450x300.jpg 450w\" sizes=\"auto, (max-width: 1280px) 100vw, 1280px\" \/><figcaption>Horta Urbana no Fazenda Grande ser\u00e1 inaugurada no s\u00e1bado (4)<\/figcaption><\/figure>\n\n\n\n<p>No domingo (5), Dia do Meio Ambiente, ser\u00e1 promovida conversa sobre trilhas na Serra do Japi, passeio cicl\u00edstico na Serra do Japi, com sa\u00edda do CREAM (Centro de Refer\u00eancias em Educa\u00e7\u00e3o Ambiental &#8211; avenida At\u00edlio Gobbo, 4.600 &#8211; Santa Clara), \u00e0s 8 horas. No local tamb\u00e9m ser\u00e1 realizada uma aula de yoga. Os interessados devem fazer a inscri\u00e7\u00e3o no <a href=\"https:\/\/docs.google.com\/forms\/d\/17LGC0vcHAVLPuBPS-sG_5d0VshZj_pC_bBFm24CM2Sc\/viewform?edit_requested=true\">site<\/a>, o n\u00famero de vagas \u00e9 limitado.&nbsp;<\/p>\n\n\n\n<p>A programa\u00e7\u00e3o prossegue na segunda-feira (6), \u00e0s 17 horas, com a apresenta\u00e7\u00e3o e discuss\u00e3o do Plano Municipal da Mata Atl\u00e2ntica, no audit\u00f3rio do 8\u00ba andar do Pa\u00e7o Municipal. A\u00e7\u00e3o que \u00e9 aberta para a participa\u00e7\u00e3o da popula\u00e7\u00e3o, que pode contribuir com sugest\u00f5es e sanar d\u00favidas sobre o tema.&nbsp;<\/p>\n\n\n\n<p>Na ter\u00e7a-feira (7), \u00e0s 17 horas, tamb\u00e9m no audit\u00f3rio do 8\u00ba andar do Pa\u00e7o Municipal, a UPGUMA promove a discuss\u00e3o sobre as mudan\u00e7as clim\u00e1ticas e as fragilidades urbanas, com a Dra. Fabiana Barbi Seleguim, pesquisadora Nepam-Unicamp. A iniciativa tamb\u00e9m conta com a participa\u00e7\u00e3o da popula\u00e7\u00e3o, que deve fazer a inscri\u00e7\u00e3o para participar do evento no<a href=\"https:\/\/docs.google.com\/forms\/d\/e\/1FAIpQLSfwaxxrXv622RJ_aWbP_ggMa9rBqYewmiF2YsQZ173b_MTxHw\/viewform\"> site<\/a>. As vagas s\u00e3o limitadas.<\/p>\n\n\n\n<p>O encerramento das comemora\u00e7\u00f5es ser\u00e1 na quarta-feira (8), \u00e0s 18 horas, com a apresenta\u00e7\u00e3o do Plano de Trabalho para o desenvolvimento dos estudos e projetos do Plano de Requalifica\u00e7\u00e3o do Vale do Rio Jundia\u00ed, no Espa\u00e7o Jundia\u00ed Empreendedora, no 3\u00ba piso do Maxi Shopping Jundia\u00ed.&nbsp;<\/p>\n\n\n\n<figure class=\"wp-block-image size-full\"><img loading=\"lazy\" decoding=\"async\" width=\"1280\" height=\"853\" src=\"https:\/\/jundiai.sp.gov.br\/noticias\/wp-content\/uploads\/sites\/32\/2022\/02\/base_serra_do_japi-96.jpg\" alt=\"DESCRI\u00c7\u00c3O DA IMAGEM\nNo primeiro plano h\u00e1 \u00e1rvores e serra, ao fundo \u00e9 poss\u00edvel ver a cidade\" class=\"wp-image-285412\" srcset=\"https:\/\/jundiai.sp.gov.br\/noticias\/wp-content\/uploads\/sites\/32\/2022\/02\/base_serra_do_japi-96.jpg 1280w, https:\/\/jundiai.sp.gov.br\/noticias\/wp-content\/uploads\/sites\/32\/2022\/02\/base_serra_do_japi-96-300x200.jpg 300w, https:\/\/jundiai.sp.gov.br\/noticias\/wp-content\/uploads\/sites\/32\/2022\/02\/base_serra_do_japi-96-768x512.jpg 768w, https:\/\/jundiai.sp.gov.br\/noticias\/wp-content\/uploads\/sites\/32\/2022\/02\/base_serra_do_japi-96-450x300.jpg 450w\" sizes=\"auto, (max-width: 1280px) 100vw, 1280px\" \/><figcaption>Programa\u00e7\u00e3o conta com passeio cicl\u00edstico pela Serra do Japi<\/figcaption><\/figure>\n\n\n\n<p>\u201cElaboramos uma agenda que promove e incentiva a participa\u00e7\u00e3o da popula\u00e7\u00e3o com caminhada e debates sobre importantes temas do meio ambiente na nossa cidade. Convidamos os mun\u00edcipes a participarem e nos ajudarem a planejar o desenvolvimento do munic\u00edpio para os pr\u00f3ximos anos\u201d, afirma o gestor da UGPUMA, Sin\u00e9sio Scarabello Filho.<\/p>\n\n\n<div class=\"wp-block-image\">\n<figure class=\"aligncenter size-large\"><img loading=\"lazy\" decoding=\"async\" width=\"679\" height=\"960\" src=\"https:\/\/jundiai.sp.gov.br\/noticias\/wp-content\/uploads\/sites\/32\/2022\/06\/semana-do-meio-ambiente-679x960.jpeg\" alt=\"\" class=\"wp-image-294114\" srcset=\"https:\/\/jundiai.sp.gov.br\/noticias\/wp-content\/uploads\/sites\/32\/2022\/06\/semana-do-meio-ambiente-679x960.jpeg 679w, https:\/\/jundiai.sp.gov.br\/noticias\/wp-content\/uploads\/sites\/32\/2022\/06\/semana-do-meio-ambiente-300x424.jpeg 300w, https:\/\/jundiai.sp.gov.br\/noticias\/wp-content\/uploads\/sites\/32\/2022\/06\/semana-do-meio-ambiente.jpeg 724w\" sizes=\"auto, (max-width: 679px) 100vw, 679px\" \/><\/figure>\n<\/div>\n\n\n<p><strong>Assessoria de Imprensa<\/strong><br><strong>Fotos: Fot\u00f3grafos PMJ<\/strong><\/p>\n","protected":false},"excerpt":{"rendered":"<p>A Prefeitura de Jundia\u00ed, por meio da Unidade de Gest\u00e3o de Planejamento Urbano e Meio Ambiente (UGPUMA) e Funda\u00e7\u00e3o Serra do Japi, promove a\u00e7\u00f5es para comemorar a Semana Mundial do Meio Ambiente, com diferentes atividades para a popula\u00e7\u00e3o. A programa\u00e7\u00e3o tem in\u00edcio no s\u00e1bado (4), \u00e0s 8h30, com a inaugura\u00e7\u00e3o da Horta Fazenda Grande. Na [&hellip;]<\/p>\n","protected":false},"author":70,"featured_media":293623,"comment_status":"closed","ping_status":"closed","sticky":false,"template":"","format":"standard","meta":{"footnotes":""},"categories":[2],"tags":[2836,2047,1209,141,984,3126,323],"ods":[],"class_list":["post-293622","post","type-post","status-publish","format-standard","has-post-thumbnail","hentry","category-noticias","tag-fazenda-grande","tag-horta-urbana","tag-meio-ambiente","tag-mes-do-meio-ambiente","tag-planejamento-urbano-e-meio-ambiente","tag-semana-do-meio-ambiente","tag-serra-do-japi"],"_links":{"self":[{"href":"https:\/\/jundiai.sp.gov.br\/noticias\/wp-json\/wp\/v2\/posts\/293622","targetHints":{"allow":["GET"]}}],"collection":[{"href":"https:\/\/jundiai.sp.gov.br\/noticias\/wp-json\/wp\/v2\/posts"}],"about":[{"href":"https:\/\/jundiai.sp.gov.br\/noticias\/wp-json\/wp\/v2\/types\/post"}],"author":[{"embeddable":true,"href":"https:\/\/jundiai.sp.gov.br\/noticias\/wp-json\/wp\/v2\/users\/70"}],"replies":[{"embeddable":true,"href":"https:\/\/jundiai.sp.gov.br\/noticias\/wp-json\/wp\/v2\/comments?post=293622"}],"version-history":[{"count":7,"href":"https:\/\/jundiai.sp.gov.br\/noticias\/wp-json\/wp\/v2\/posts\/293622\/revisions"}],"predecessor-version":[{"id":294115,"href":"https:\/\/jundiai.sp.gov.br\/noticias\/wp-json\/wp\/v2\/posts\/293622\/revisions\/294115"}],"wp:featuredmedia":[{"embeddable":true,"href":"https:\/\/jundiai.sp.gov.br\/noticias\/wp-json\/wp\/v2\/media\/293623"}],"wp:attachment":[{"href":"https:\/\/jundiai.sp.gov.br\/noticias\/wp-json\/wp\/v2\/media?parent=293622"}],"wp:term":[{"taxonomy":"category","embeddable":true,"href":"https:\/\/jundiai.sp.gov.br\/noticias\/wp-json\/wp\/v2\/categories?post=293622"},{"taxonomy":"post_tag","embeddable":true,"href":"https:\/\/jundiai.sp.gov.br\/noticias\/wp-json\/wp\/v2\/tags?post=293622"},{"taxonomy":"ods","embeddable":true,"href":"https:\/\/jundiai.sp.gov.br\/noticias\/wp-json\/wp\/v2\/ods?post=293622"}],"curies":[{"name":"wp","href":"https:\/\/api.w.org\/{rel}","templated":true}]}}