{"id":293664,"date":"2022-05-30T18:22:45","date_gmt":"2022-05-30T21:22:45","guid":{"rendered":"https:\/\/jundiai.sp.gov.br\/noticias\/?p=293664"},"modified":"2022-05-30T18:22:45","modified_gmt":"2022-05-30T21:22:45","slug":"nota-a-imprensa-defesa-civil","status":"publish","type":"post","link":"https:\/\/jundiai.sp.gov.br\/noticias\/2022\/05\/30\/nota-a-imprensa-defesa-civil\/","title":{"rendered":"Nota \u00e0 imprensa &#8211; Defesa Civil"},"content":{"rendered":"\n<p>A Defesa Civil de Jundia\u00ed informa que, na tarde desta segunda-feira (30), foi acionada para verifica\u00e7\u00e3o de condi\u00e7\u00f5es de pr\u00e9dio comercial na regi\u00e3o da Avenida 9 de Julho, ap\u00f3s relatos de estouro seguido por tremor no interior do pr\u00e9dio. Juntamente com a equipe do Corpo de Bombeiros, foi feita varredura nas \u00e1reas comuns dos 22 andares e nenhuma anomalia foi localizada\/identificada. <\/p>\n\n\n\n<p>A equipe respons\u00e1vel pela administra\u00e7\u00e3o do pr\u00e9dio foi orientada para a realiza\u00e7\u00e3o de nova varredura, juntamente com o engenheiro respons\u00e1vel pela constru\u00e7\u00e3o e equipe de manuten\u00e7\u00e3o para nova verifica\u00e7\u00e3o dos equipamentos. O pr\u00e9dio n\u00e3o est\u00e1 interditado pela Defesa Civil. <\/p>\n\n\n\n<p><strong>Assessoria de Imprensa<\/strong><\/p>\n","protected":false},"excerpt":{"rendered":"<p>A Defesa Civil de Jundia\u00ed informa que, na tarde desta segunda-feira (30), foi acionada para verifica\u00e7\u00e3o de condi\u00e7\u00f5es de pr\u00e9dio comercial na regi\u00e3o da Avenida 9 de Julho, ap\u00f3s relatos de estouro seguido por tremor no interior do pr\u00e9dio. Juntamente com a equipe do Corpo de Bombeiros, foi feita varredura nas \u00e1reas comuns dos 22 [&hellip;]<\/p>\n","protected":false},"author":39,"featured_media":245984,"comment_status":"closed","ping_status":"closed","sticky":false,"template":"","format":"standard","meta":{"footnotes":""},"categories":[2],"tags":[34],"ods":[],"class_list":["post-293664","post","type-post","status-publish","format-standard","has-post-thumbnail","hentry","category-noticias","tag-defesa-civil"],"_links":{"self":[{"href":"https:\/\/jundiai.sp.gov.br\/noticias\/wp-json\/wp\/v2\/posts\/293664","targetHints":{"allow":["GET"]}}],"collection":[{"href":"https:\/\/jundiai.sp.gov.br\/noticias\/wp-json\/wp\/v2\/posts"}],"about":[{"href":"https:\/\/jundiai.sp.gov.br\/noticias\/wp-json\/wp\/v2\/types\/post"}],"author":[{"embeddable":true,"href":"https:\/\/jundiai.sp.gov.br\/noticias\/wp-json\/wp\/v2\/users\/39"}],"replies":[{"embeddable":true,"href":"https:\/\/jundiai.sp.gov.br\/noticias\/wp-json\/wp\/v2\/comments?post=293664"}],"version-history":[{"count":4,"href":"https:\/\/jundiai.sp.gov.br\/noticias\/wp-json\/wp\/v2\/posts\/293664\/revisions"}],"predecessor-version":[{"id":293668,"href":"https:\/\/jundiai.sp.gov.br\/noticias\/wp-json\/wp\/v2\/posts\/293664\/revisions\/293668"}],"wp:featuredmedia":[{"embeddable":true,"href":"https:\/\/jundiai.sp.gov.br\/noticias\/wp-json\/wp\/v2\/media\/245984"}],"wp:attachment":[{"href":"https:\/\/jundiai.sp.gov.br\/noticias\/wp-json\/wp\/v2\/media?parent=293664"}],"wp:term":[{"taxonomy":"category","embeddable":true,"href":"https:\/\/jundiai.sp.gov.br\/noticias\/wp-json\/wp\/v2\/categories?post=293664"},{"taxonomy":"post_tag","embeddable":true,"href":"https:\/\/jundiai.sp.gov.br\/noticias\/wp-json\/wp\/v2\/tags?post=293664"},{"taxonomy":"ods","embeddable":true,"href":"https:\/\/jundiai.sp.gov.br\/noticias\/wp-json\/wp\/v2\/ods?post=293664"}],"curies":[{"name":"wp","href":"https:\/\/api.w.org\/{rel}","templated":true}]}}