{"id":293717,"date":"2022-05-31T16:41:35","date_gmt":"2022-05-31T19:41:35","guid":{"rendered":"https:\/\/jundiai.sp.gov.br\/noticias\/?p=293717"},"modified":"2022-05-31T16:41:35","modified_gmt":"2022-05-31T19:41:35","slug":"segunda-reuniao-sobre-conferencia-intermunicipal-de-juventude-e-realizada-em-campo-limpo","status":"publish","type":"post","link":"https:\/\/jundiai.sp.gov.br\/noticias\/2022\/05\/31\/segunda-reuniao-sobre-conferencia-intermunicipal-de-juventude-e-realizada-em-campo-limpo\/","title":{"rendered":"Segunda reuni\u00e3o sobre Confer\u00eancia Intermunicipal de Juventude \u00e9 realizada em Campo Limpo"},"content":{"rendered":"\n<p>A Prefeitura de Campo Limpo Paulista e o Conselho Municipal de Juventude de Campo Limpo sediaram, na manh\u00e3 desta ter\u00e7a-feira (31), a segunda reuni\u00e3o da Comiss\u00e3o Organizadora da 1\u00aa Confer\u00eancia Intermunicipal de Juventude. O encontro aconteceu no Pa\u00e7o Municipal de Campo Limpo, com a presen\u00e7a de representantes de Campo Limpo Paulista, Jundia\u00ed, V\u00e1rzea Paulista, Jarinu, Cabre\u00fava e Louveira e contou tamb\u00e9m com a presen\u00e7a do prefeito Luiz Braz.<\/p>\n\n\n\n<p>A Confer\u00eancia acontece em Jundia\u00ed, no dia 12 de agosto de 2022, Dia Internacional da Juventude, e marcar\u00e1 o encerramento da Semana Municipal de Juventude de Jundia\u00ed. \u201cMobiliza\u00e7\u00f5es como essas s\u00e3o necess\u00e1rias e n\u00f3s, do poder p\u00fablico, precisamos olhar para os jovens com aten\u00e7\u00e3o\u201d, declarou Braz.<\/p>\n\n\n\n<figure class=\"wp-block-image size-full\"><img loading=\"lazy\" decoding=\"async\" width=\"1280\" height=\"853\" src=\"https:\/\/jundiai.sp.gov.br\/noticias\/wp-content\/uploads\/sites\/32\/2022\/05\/reuniao_juventude-5.jpg\" alt=\"\" class=\"wp-image-293718\" srcset=\"https:\/\/jundiai.sp.gov.br\/noticias\/wp-content\/uploads\/sites\/32\/2022\/05\/reuniao_juventude-5.jpg 1280w, https:\/\/jundiai.sp.gov.br\/noticias\/wp-content\/uploads\/sites\/32\/2022\/05\/reuniao_juventude-5-300x200.jpg 300w, https:\/\/jundiai.sp.gov.br\/noticias\/wp-content\/uploads\/sites\/32\/2022\/05\/reuniao_juventude-5-768x512.jpg 768w, https:\/\/jundiai.sp.gov.br\/noticias\/wp-content\/uploads\/sites\/32\/2022\/05\/reuniao_juventude-5-450x300.jpg 450w\" sizes=\"auto, (max-width: 1280px) 100vw, 1280px\" \/><figcaption>Com o prefeito de Campo Limpo, Luiz Braz (na ponta da mesa), representantes realizaram segunda reuni\u00e3o para discutir Confer\u00eancia<\/figcaption><\/figure>\n\n\n\n<p>A Unidade de Gest\u00e3o da Casa Civil, por meio de sua assessora de Pol\u00edticas para a Juventude, Let\u00edcia Atique Branco, participou da reuni\u00e3o e lembrou aos presentes da import\u00e2ncia do evento: \u201cEstamos falando aqui de construir perspectivas para a juventude, com foco em seu protagonismo no desenvolvimento regional\u201d, observa Let\u00edcia. \u201cO nosso objetivo enquanto comiss\u00e3o organizadora \u00e9 tornar o jovem o principal ator para pol\u00edticas p\u00fablicas de Juventude, estimulando desde a cria\u00e7\u00e3o de conselhos municipais at\u00e9 a elabora\u00e7\u00e3o do Plano Municipal de Juventude.\u201d<\/p>\n\n\n\n<p>As pr\u00f3ximas reuni\u00f5es ser\u00e3o realizadas nos outros munic\u00edpios participantes. Nas pr\u00f3ximas duas pr\u00f3ximas, ocorrem em Jarinu e em Itatiba, respectivamente.<\/p>\n\n\n\n<p><strong>Assessoria de Imprensa<br>Foto: Divulga\u00e7\u00e3o<\/strong><\/p>\n","protected":false},"excerpt":{"rendered":"<p>A Prefeitura de Campo Limpo Paulista e o Conselho Municipal de Juventude de Campo Limpo sediaram, na manh\u00e3 desta ter\u00e7a-feira (31), a segunda reuni\u00e3o da Comiss\u00e3o Organizadora da 1\u00aa Confer\u00eancia Intermunicipal de Juventude. O encontro aconteceu no Pa\u00e7o Municipal de Campo Limpo, com a presen\u00e7a de representantes de Campo Limpo Paulista, Jundia\u00ed, V\u00e1rzea Paulista, Jarinu, [&hellip;]<\/p>\n","protected":false},"author":71,"featured_media":293718,"comment_status":"closed","ping_status":"closed","sticky":false,"template":"","format":"standard","meta":{"footnotes":""},"categories":[2],"tags":[3112,991,3111,3113],"ods":[],"class_list":["post-293717","post","type-post","status-publish","format-standard","has-post-thumbnail","hentry","category-noticias","tag-1a-conferencia-intermunicipal-de-juventude","tag-assessoria-de-politicas-para-a-juventude","tag-comissao-organizadora","tag-dia-internacional-da-juventude"],"_links":{"self":[{"href":"https:\/\/jundiai.sp.gov.br\/noticias\/wp-json\/wp\/v2\/posts\/293717","targetHints":{"allow":["GET"]}}],"collection":[{"href":"https:\/\/jundiai.sp.gov.br\/noticias\/wp-json\/wp\/v2\/posts"}],"about":[{"href":"https:\/\/jundiai.sp.gov.br\/noticias\/wp-json\/wp\/v2\/types\/post"}],"author":[{"embeddable":true,"href":"https:\/\/jundiai.sp.gov.br\/noticias\/wp-json\/wp\/v2\/users\/71"}],"replies":[{"embeddable":true,"href":"https:\/\/jundiai.sp.gov.br\/noticias\/wp-json\/wp\/v2\/comments?post=293717"}],"version-history":[{"count":1,"href":"https:\/\/jundiai.sp.gov.br\/noticias\/wp-json\/wp\/v2\/posts\/293717\/revisions"}],"predecessor-version":[{"id":293719,"href":"https:\/\/jundiai.sp.gov.br\/noticias\/wp-json\/wp\/v2\/posts\/293717\/revisions\/293719"}],"wp:featuredmedia":[{"embeddable":true,"href":"https:\/\/jundiai.sp.gov.br\/noticias\/wp-json\/wp\/v2\/media\/293718"}],"wp:attachment":[{"href":"https:\/\/jundiai.sp.gov.br\/noticias\/wp-json\/wp\/v2\/media?parent=293717"}],"wp:term":[{"taxonomy":"category","embeddable":true,"href":"https:\/\/jundiai.sp.gov.br\/noticias\/wp-json\/wp\/v2\/categories?post=293717"},{"taxonomy":"post_tag","embeddable":true,"href":"https:\/\/jundiai.sp.gov.br\/noticias\/wp-json\/wp\/v2\/tags?post=293717"},{"taxonomy":"ods","embeddable":true,"href":"https:\/\/jundiai.sp.gov.br\/noticias\/wp-json\/wp\/v2\/ods?post=293717"}],"curies":[{"name":"wp","href":"https:\/\/api.w.org\/{rel}","templated":true}]}}