{"id":293783,"date":"2022-06-01T15:41:55","date_gmt":"2022-06-01T18:41:55","guid":{"rendered":"https:\/\/jundiai.sp.gov.br\/noticias\/?p=293783"},"modified":"2022-06-01T15:41:55","modified_gmt":"2022-06-01T18:41:55","slug":"coral-municipal-de-jundiai-esta-com-vagas-abertas-para-vozes-masculinas-adultas","status":"publish","type":"post","link":"https:\/\/jundiai.sp.gov.br\/noticias\/2022\/06\/01\/coral-municipal-de-jundiai-esta-com-vagas-abertas-para-vozes-masculinas-adultas\/","title":{"rendered":"Coral Municipal de Jundia\u00ed est\u00e1 com vagas abertas para vozes masculinas adultas"},"content":{"rendered":"\n<p>O Coral Municipal de Jundia\u00ed (CMJ), corpo art\u00edstico ligado \u00e0 Unidade de Gest\u00e3o de Cultura (UGC), que estimula a arte do canto coral atrav\u00e9s de um corpo de coralistas amadores volunt\u00e1rios, est\u00e1 com vagas abertas para vozes masculinas adultas (tenor e baixo), para a temporada deste ano.<\/p>\n\n\n\n<p>Os interessados em participar dever\u00e3o ter acima de 18 anos, com ou sem experi\u00eancia musical, n\u00e3o sendo obrigat\u00f3rio residir em Jundia\u00ed. As inscri\u00e7\u00f5es s\u00e3o gratuitas e os links da <a href=\"https:\/\/cultura.jundiai.sp.gov.br\/wp-content\/uploads\/2022\/05\/Ficha-de-Inscricao.pdf\" target=\"_blank\" rel=\"noreferrer noopener\">ficha de inscri\u00e7\u00e3o<\/a> e do <a href=\"https:\/\/cultura.jundiai.sp.gov.br\/coral-municipal-de-jundiai\/\" target=\"_blank\" rel=\"noreferrer noopener\">formul\u00e1rio<\/a> est\u00e3o dispon\u00edveis por tempo indeterminado no <a href=\"https:\/\/cultura.jundiai.sp.gov.br\/editais-e-regulamentos\/\" target=\"_blank\" rel=\"noreferrer noopener\">site da Cultura<\/a>, at\u00e9 o preenchimento das vagas.<\/p>\n\n\n\n<p>Ap\u00f3s a inscri\u00e7\u00e3o, os interessados ser\u00e3o avaliados por meio de um teste vocal on-line, com a regente do coral, maestrina Vasti Atique. Os selecionados passar\u00e3o a frequentar os ensaios, sempre realizados \u00e0s ter\u00e7as e quintas-feiras, a partir das 19h30, na Sala dos Rel\u00f3gios, no Complexo Fepasa, \u00e0 avenida Uni\u00e3o dos Ferrovi\u00e1rios, 1760 \u2013 Centro.<\/p>\n\n\n\n<figure class=\"wp-block-image size-full\"><img loading=\"lazy\" decoding=\"async\" width=\"1152\" height=\"768\" src=\"https:\/\/jundiai.sp.gov.br\/noticias\/wp-content\/uploads\/sites\/32\/2022\/06\/coral_municipal_aniversario_365anos-10-1.jpg\" alt=\"\" class=\"wp-image-293785\" srcset=\"https:\/\/jundiai.sp.gov.br\/noticias\/wp-content\/uploads\/sites\/32\/2022\/06\/coral_municipal_aniversario_365anos-10-1.jpg 1152w, https:\/\/jundiai.sp.gov.br\/noticias\/wp-content\/uploads\/sites\/32\/2022\/06\/coral_municipal_aniversario_365anos-10-1-300x200.jpg 300w, https:\/\/jundiai.sp.gov.br\/noticias\/wp-content\/uploads\/sites\/32\/2022\/06\/coral_municipal_aniversario_365anos-10-1-768x512.jpg 768w, https:\/\/jundiai.sp.gov.br\/noticias\/wp-content\/uploads\/sites\/32\/2022\/06\/coral_municipal_aniversario_365anos-10-1-450x300.jpg 450w\" sizes=\"auto, (max-width: 1152px) 100vw, 1152px\" \/><figcaption>Inscri\u00e7\u00f5es para vozes masculinas do Coral est\u00e3o abertas<\/figcaption><\/figure>\n\n\n\n<p><strong>Assessoria de Imprensa<br>Foto: Arquivo PMJ<\/strong><\/p>\n","protected":false},"excerpt":{"rendered":"<p>O Coral Municipal de Jundia\u00ed (CMJ), corpo art\u00edstico ligado \u00e0 Unidade de Gest\u00e3o de Cultura (UGC), que estimula a arte do canto coral atrav\u00e9s de um corpo de coralistas amadores volunt\u00e1rios, est\u00e1 com vagas abertas para vozes masculinas adultas (tenor e baixo), para a temporada deste ano. Os interessados em participar dever\u00e3o ter acima de [&hellip;]<\/p>\n","protected":false},"author":83,"featured_media":293785,"comment_status":"closed","ping_status":"closed","sticky":false,"template":"","format":"standard","meta":{"footnotes":""},"categories":[2],"tags":[275,29,449],"ods":[],"class_list":["post-293783","post","type-post","status-publish","format-standard","has-post-thumbnail","hentry","category-noticias","tag-coral-municipal-de-jundiai","tag-cultura","tag-espaco-expressa"],"_links":{"self":[{"href":"https:\/\/jundiai.sp.gov.br\/noticias\/wp-json\/wp\/v2\/posts\/293783","targetHints":{"allow":["GET"]}}],"collection":[{"href":"https:\/\/jundiai.sp.gov.br\/noticias\/wp-json\/wp\/v2\/posts"}],"about":[{"href":"https:\/\/jundiai.sp.gov.br\/noticias\/wp-json\/wp\/v2\/types\/post"}],"author":[{"embeddable":true,"href":"https:\/\/jundiai.sp.gov.br\/noticias\/wp-json\/wp\/v2\/users\/83"}],"replies":[{"embeddable":true,"href":"https:\/\/jundiai.sp.gov.br\/noticias\/wp-json\/wp\/v2\/comments?post=293783"}],"version-history":[{"count":1,"href":"https:\/\/jundiai.sp.gov.br\/noticias\/wp-json\/wp\/v2\/posts\/293783\/revisions"}],"predecessor-version":[{"id":293790,"href":"https:\/\/jundiai.sp.gov.br\/noticias\/wp-json\/wp\/v2\/posts\/293783\/revisions\/293790"}],"wp:featuredmedia":[{"embeddable":true,"href":"https:\/\/jundiai.sp.gov.br\/noticias\/wp-json\/wp\/v2\/media\/293785"}],"wp:attachment":[{"href":"https:\/\/jundiai.sp.gov.br\/noticias\/wp-json\/wp\/v2\/media?parent=293783"}],"wp:term":[{"taxonomy":"category","embeddable":true,"href":"https:\/\/jundiai.sp.gov.br\/noticias\/wp-json\/wp\/v2\/categories?post=293783"},{"taxonomy":"post_tag","embeddable":true,"href":"https:\/\/jundiai.sp.gov.br\/noticias\/wp-json\/wp\/v2\/tags?post=293783"},{"taxonomy":"ods","embeddable":true,"href":"https:\/\/jundiai.sp.gov.br\/noticias\/wp-json\/wp\/v2\/ods?post=293783"}],"curies":[{"name":"wp","href":"https:\/\/api.w.org\/{rel}","templated":true}]}}