{"id":293931,"date":"2022-06-05T10:10:00","date_gmt":"2022-06-05T13:10:00","guid":{"rendered":"https:\/\/jundiai.sp.gov.br\/noticias\/?p=293931"},"modified":"2022-06-06T10:51:16","modified_gmt":"2022-06-06T13:51:16","slug":"na-cidade-das-criancas-jundiai-oferece-tecnologias-educacionais-para-aprendizagem-significativa-a-partir-dos-4-anos-de-idade","status":"publish","type":"post","link":"https:\/\/jundiai.sp.gov.br\/noticias\/2022\/06\/05\/na-cidade-das-criancas-jundiai-oferece-tecnologias-educacionais-para-aprendizagem-significativa-a-partir-dos-4-anos-de-idade\/","title":{"rendered":"Na Cidade das Crian\u00e7as, Jundia\u00ed oferece tecnologias educacionais para aprendizagem significativa a partir dos 4 anos de idade"},"content":{"rendered":"\n<p>Em Jundia\u00ed, a Cidade das Crian\u00e7as, tablets, computadores, rob\u00f4s para programa\u00e7\u00e3o computacional, computadores e telas interativas s\u00e3o equipamentos de tecnologia educacional que, desde o in\u00edcio do ano letivo de 2022, fazem parte da realidade dos estudantes do programa Escola Inovadora de Jundia\u00ed, da rede municipal de ensino, que atendem crian\u00e7as da Educa\u00e7\u00e3o Infantil e Ensino Fundamental.<\/p>\n\n\n\n<p>S\u00e3o mais de R$ 12 milh\u00f5es em investimentos da Prefeitura de Jundia\u00ed, por meio da Unidade de Gest\u00e3o de Educa\u00e7a\u00f5 (UGE), para a aquisi\u00e7\u00e3o dos equipamentos, materiais e forma\u00e7\u00e3o dos educadores, para que possam aprender sobre as tecnologias e aplic\u00e1-las com as crian\u00e7as.&nbsp;<\/p>\n\n\n\n<p>\u201cJundia\u00ed oferece a educa\u00e7\u00e3o do futuro, com a tecnologia desde os 4 anos de idade, que vem para aprimorar o ensino de boa qualidade oferecido na rede municipal. Esse \u00e9 o caminho que trilhamos na cidade com a Escola Inovadora\u201d, declara o prefeito Luiz Fernando Machado.<\/p>\n\n\n\n<figure class=\"wp-block-image size-full\"><img loading=\"lazy\" decoding=\"async\" width=\"1280\" height=\"853\" src=\"https:\/\/jundiai.sp.gov.br\/noticias\/wp-content\/uploads\/sites\/32\/2022\/06\/emeb_patricia-pires_apresentacao_rob-506.jpg\" alt=\"DESCRI\u00c7\u00c3O DA IMAGEM\nNo ch\u00e3o, h\u00e1 um tapete branco e azul claro, com um rob\u00f4 azul, com base laranja, com olhos, ele est\u00e1 apoiado no ch\u00e3o. Tamb\u00e9m h\u00e1 pe\u00e7as azuis com adesivos em uma fileira.\" class=\"wp-image-293938\" srcset=\"https:\/\/jundiai.sp.gov.br\/noticias\/wp-content\/uploads\/sites\/32\/2022\/06\/emeb_patricia-pires_apresentacao_rob-506.jpg 1280w, https:\/\/jundiai.sp.gov.br\/noticias\/wp-content\/uploads\/sites\/32\/2022\/06\/emeb_patricia-pires_apresentacao_rob-506-300x200.jpg 300w, https:\/\/jundiai.sp.gov.br\/noticias\/wp-content\/uploads\/sites\/32\/2022\/06\/emeb_patricia-pires_apresentacao_rob-506-768x512.jpg 768w, https:\/\/jundiai.sp.gov.br\/noticias\/wp-content\/uploads\/sites\/32\/2022\/06\/emeb_patricia-pires_apresentacao_rob-506-450x300.jpg 450w\" sizes=\"auto, (max-width: 1280px) 100vw, 1280px\" \/><figcaption>No programa Escola Inovadora as tecnologias educacionais est\u00e3o dispon\u00edveis para os estudantes a partir dos 4 anos de idade<\/figcaption><\/figure>\n\n\n\n<p>As tecnologias educacionais est\u00e3o presentes desde a Educa\u00e7\u00e3o Infantil II, a partir dos 4 anos. O Rob \u00e9 um \u00e9 um rob\u00f4 educacional desplugado, ou seja, sem o uso de tela, computador, tablet ou acesso \u00e0 internet, que permite o desenvolvimento cognitivo e de habilidades como o pensamento matem\u00e1tico, de resolu\u00e7\u00e3o de problemas, sequenciamento de comando, l\u00f3gica, trabalho em equipe,&nbsp; de maneira l\u00fadica e prazerosa.&nbsp;<\/p>\n\n\n\n<p>O uso do rob\u00f4 j\u00e1 \u00e9 um dos momentos favoritos da crian\u00e7ada. Com apenas 4 anos, a aluna Helo\u00edsa Carvalho, da EMEB Patr\u00edcia Pires, conta sobre a atividade com o Rob. \u201cEle brinquei com o Rob, ele \u00e9 um rob\u00f4 que ensina a gente, ele vai para frente, tr\u00e1s, direita, esquerda e at\u00e9 toca m\u00fasica\u201d, conta a jovem estudante.<\/p>\n\n\n\n<p>A tecnologia estimulada pelo programa Escola Inovadora motiva a aprendizagem por meio do l\u00fadico, promove o pensamento matem\u00e1tico, sequenciamento de comando, l\u00f3gica, pensamento para a solu\u00e7\u00e3o de problemas, trabalho em equipe, facilita o desenvolvimento cognitivo, explora a aprendizagem significativa, estimula novas compet\u00eancias e habilidades.&nbsp;<\/p>\n\n\n\n<figure class=\"wp-block-image size-full\"><img loading=\"lazy\" decoding=\"async\" width=\"1280\" height=\"853\" src=\"https:\/\/jundiai.sp.gov.br\/noticias\/wp-content\/uploads\/sites\/32\/2022\/06\/emeb_patricia-pires_apresentacao_rob-555.jpg\" alt=\"DESCRI\u00c7\u00c3O DA IMAGEM\nUma garota com cabelos ondulados presos, veste uniforme escolar branco com mangas e gola azuis, segura um rob\u00f4 nas m\u00e3os que \u00e9 azul, com base laranja e visor com olhos.. Ela est\u00e1 em um ambiente de sala de aula \u00e9 poss\u00edvel ver outros alunos na sala.\" class=\"wp-image-293940\" srcset=\"https:\/\/jundiai.sp.gov.br\/noticias\/wp-content\/uploads\/sites\/32\/2022\/06\/emeb_patricia-pires_apresentacao_rob-555.jpg 1280w, https:\/\/jundiai.sp.gov.br\/noticias\/wp-content\/uploads\/sites\/32\/2022\/06\/emeb_patricia-pires_apresentacao_rob-555-300x200.jpg 300w, https:\/\/jundiai.sp.gov.br\/noticias\/wp-content\/uploads\/sites\/32\/2022\/06\/emeb_patricia-pires_apresentacao_rob-555-768x512.jpg 768w, https:\/\/jundiai.sp.gov.br\/noticias\/wp-content\/uploads\/sites\/32\/2022\/06\/emeb_patricia-pires_apresentacao_rob-555-450x300.jpg 450w\" sizes=\"auto, (max-width: 1280px) 100vw, 1280px\" \/><figcaption>Crian\u00e7as aprovam e se divertem enquanto aprendem sobre rob\u00f3tica na Educa\u00e7\u00e3o Infantil II<\/figcaption><\/figure>\n\n\n\n<p>\u201cPor&nbsp; meio da rob\u00f3tica, os estudantes estimulam as novas compet\u00eancias em momentos leves e divertidos. Jundia\u00ed \u00e9 pioneira em oferecer o Rob para escolas da rede p\u00fablica. As tecnologias educacionais tamb\u00e9m est\u00e3o presentes no Ensino Fundamental com chromebooks, telas interativas, tablets para as salas de Atendimento Educacional Especializado (AEE) do Programa Estudo \u00c9 Tudo e para estudantes cadastrados no Aux\u00edlio Brasil\u201d, conta a gestora de Educa\u00e7\u00e3o, Vast\u00ed Ferrari Marques.&nbsp;<\/p>\n\n\n\n<p>A Unidade de Educa\u00e7\u00e3o fez a aquisi\u00e7\u00e3o de 184 Robs, destinados a 45 escolas municipais para estudantes da Educa\u00e7\u00e3o Infantil II (4 e 5 anos) e em torno de 12 mil estudantes. Jundia\u00ed \u00e9 a pioneira em oferecer o Rob para escolas da rede p\u00fablica.&nbsp;<\/p>\n\n\n\n<p><strong>Assessoria de Imprensa<\/strong><br><strong>Fotos: Fot\u00f3grafos PMJ<\/strong><\/p>\n","protected":false},"excerpt":{"rendered":"<p>Em Jundia\u00ed, a Cidade das Crian\u00e7as, tablets, computadores, rob\u00f4s para programa\u00e7\u00e3o computacional, computadores e telas interativas s\u00e3o equipamentos de tecnologia educacional que, desde o in\u00edcio do ano letivo de 2022, fazem parte da realidade dos estudantes do programa Escola Inovadora de Jundia\u00ed, da rede municipal de ensino, que atendem crian\u00e7as da Educa\u00e7\u00e3o Infantil e Ensino [&hellip;]<\/p>\n","protected":false},"author":70,"featured_media":293940,"comment_status":"closed","ping_status":"closed","sticky":false,"template":"","format":"standard","meta":{"footnotes":""},"categories":[2],"tags":[1154,6,1061,1330,3130,1709,2876],"ods":[],"class_list":["post-293931","post","type-post","status-publish","format-standard","has-post-thumbnail","hentry","category-noticias","tag-cidade-das-criancas","tag-educacao","tag-escola-inovadora","tag-luiz-fernando-machado","tag-parque-centenario","tag-parque-do-engordadouro","tag-tecnologias-educacionais"],"_links":{"self":[{"href":"https:\/\/jundiai.sp.gov.br\/noticias\/wp-json\/wp\/v2\/posts\/293931","targetHints":{"allow":["GET"]}}],"collection":[{"href":"https:\/\/jundiai.sp.gov.br\/noticias\/wp-json\/wp\/v2\/posts"}],"about":[{"href":"https:\/\/jundiai.sp.gov.br\/noticias\/wp-json\/wp\/v2\/types\/post"}],"author":[{"embeddable":true,"href":"https:\/\/jundiai.sp.gov.br\/noticias\/wp-json\/wp\/v2\/users\/70"}],"replies":[{"embeddable":true,"href":"https:\/\/jundiai.sp.gov.br\/noticias\/wp-json\/wp\/v2\/comments?post=293931"}],"version-history":[{"count":5,"href":"https:\/\/jundiai.sp.gov.br\/noticias\/wp-json\/wp\/v2\/posts\/293931\/revisions"}],"predecessor-version":[{"id":294138,"href":"https:\/\/jundiai.sp.gov.br\/noticias\/wp-json\/wp\/v2\/posts\/293931\/revisions\/294138"}],"wp:featuredmedia":[{"embeddable":true,"href":"https:\/\/jundiai.sp.gov.br\/noticias\/wp-json\/wp\/v2\/media\/293940"}],"wp:attachment":[{"href":"https:\/\/jundiai.sp.gov.br\/noticias\/wp-json\/wp\/v2\/media?parent=293931"}],"wp:term":[{"taxonomy":"category","embeddable":true,"href":"https:\/\/jundiai.sp.gov.br\/noticias\/wp-json\/wp\/v2\/categories?post=293931"},{"taxonomy":"post_tag","embeddable":true,"href":"https:\/\/jundiai.sp.gov.br\/noticias\/wp-json\/wp\/v2\/tags?post=293931"},{"taxonomy":"ods","embeddable":true,"href":"https:\/\/jundiai.sp.gov.br\/noticias\/wp-json\/wp\/v2\/ods?post=293931"}],"curies":[{"name":"wp","href":"https:\/\/api.w.org\/{rel}","templated":true}]}}