{"id":294108,"date":"2022-06-05T10:00:00","date_gmt":"2022-06-05T13:00:00","guid":{"rendered":"https:\/\/jundiai.sp.gov.br\/noticias\/?p=294108"},"modified":"2022-06-03T17:31:50","modified_gmt":"2022-06-03T20:31:50","slug":"tecnicos-de-jundiai-visitam-feira-na-alemanha-e-formalizam-parceria-para-inovacao-em-tratamento-de-residuos-solidos","status":"publish","type":"post","link":"https:\/\/jundiai.sp.gov.br\/noticias\/2022\/06\/05\/tecnicos-de-jundiai-visitam-feira-na-alemanha-e-formalizam-parceria-para-inovacao-em-tratamento-de-residuos-solidos\/","title":{"rendered":"T\u00e9cnicos de Jundia\u00ed visitam feira na Alemanha e formalizam parceria para inova\u00e7\u00e3o em tratamento de res\u00edduos s\u00f3lidos"},"content":{"rendered":"\n<p>Ao longo da semana entes 30 de maio e 03 de junho, t\u00e9cnicos da Unidade de Gest\u00e3o de Infraestrutura e Servi\u00e7os P\u00fablicos (UGISP), visitaram a feira IFAT 2022 (Leading Trade Fair for Environmental Technologies),  maior evento dedicado a tecnologia em tratamento de res\u00edduos, realizado em Munich. O resultado da viagem \u00e9 a formaliza\u00e7\u00e3o de termo de coopera\u00e7\u00e3o entre Jundia\u00ed e a cidade de Hamburgo, com foco no aprimoramento das legisla\u00e7\u00f5es e desenvolvimento de tecnologias. <\/p>\n\n\n\n<p>O gestor da Unidade de Gest\u00e3o de Infraestrutura e Servi\u00e7os P\u00fablicos (UGISP), Adilson Rosa e o diretor de Limpeza P\u00fablica, M\u00e1rcio Moraes, se reuniram com o Prof. Dr. Ruediger Siechau, Diretor Presidente da<br>empresa p\u00fablica SRHH Stadtreinigung Hamburgo e a vice-reitora da Universidade T\u00e9cnica de Hamburgo (TUHH), Profa. Dra. Enga. Kerstin Kuchta para a formaliza\u00e7\u00e3o da coopera\u00e7\u00e3o. &#8220;A Alemanha \u00e9 o pa\u00eds que trata todo o seu res\u00edduo s\u00f3lido. Jundia\u00ed tem o objetivo de agregar essas inova\u00e7\u00f5es e avan\u00e7ar, inclusive, na regionaliza\u00e7\u00e3o&#8221;, comentou o gestor. <\/p>\n\n\n\n<figure class=\"wp-block-image size-full\"><img loading=\"lazy\" decoding=\"async\" width=\"1024\" height=\"768\" src=\"https:\/\/jundiai.sp.gov.br\/noticias\/wp-content\/uploads\/sites\/32\/2022\/06\/feira-alemanha1.jpeg\" alt=\"DESCRI\u00c7\u00c3O DE IMAGEM: Gestor de Jundia\u00ed Adilson Rosa e diretor M\u00e1rcio Moraes, em reuni\u00e3o em feira, na Alemanha. Sala com mais pessoas, sentadas, observam apresenta\u00e7\u00e3o em tela de televis\u00e3o\" class=\"wp-image-294127\" srcset=\"https:\/\/jundiai.sp.gov.br\/noticias\/wp-content\/uploads\/sites\/32\/2022\/06\/feira-alemanha1.jpeg 1024w, https:\/\/jundiai.sp.gov.br\/noticias\/wp-content\/uploads\/sites\/32\/2022\/06\/feira-alemanha1-300x225.jpeg 300w, https:\/\/jundiai.sp.gov.br\/noticias\/wp-content\/uploads\/sites\/32\/2022\/06\/feira-alemanha1-768x576.jpeg 768w\" sizes=\"auto, (max-width: 1024px) 100vw, 1024px\" \/><figcaption>Reuni\u00e3o realizada na feira, na Alemanha, formalizou coopera\u00e7\u00e3o<\/figcaption><\/figure>\n\n\n\n<p>A partir de agora, ser\u00e3o realizadas visitas t\u00e9cnicas para o desenvolvimento de gest\u00e3o de res\u00edduos que privilegie a reciclagem de materiais e a recupera\u00e7\u00e3o energ\u00e9tica dos res\u00edduos s\u00f3lidos urbanos. Tamb\u00e9m podem ser elencados compromissos relacionados com a inclus\u00e3o social, educa\u00e7\u00e3o ambiental, prote\u00e7\u00e3o clim\u00e1tica e fundamentalmente o desenvolvimento econ\u00f4mico e a gera\u00e7\u00e3o de empregos verdes.<\/p>\n\n\n\n<p>&#8220;Esta coopera\u00e7\u00e3o oportunizar\u00e1 que Jundia\u00ed se posicione como uma cidade modelo para a gest\u00e3o de res\u00edduos, melhorando as condi\u00e7\u00f5es ambientais, otimizando a cadeia econ\u00f4mica em raz\u00e3o da introdu\u00e7\u00e3o de subprodutos no mercado e ainda, abrindo as portas para um conhecimento de ponta que poder\u00e1 ser explorado ainda durante a forma\u00e7\u00e3o de n\u00edvel m\u00e9dio, acad\u00eamica e profissional no munic\u00edpio&#8221;, detalha o diretor Marcio Moraes. &nbsp; &nbsp;<\/p>\n\n\n\n<figure class=\"wp-block-image size-full\"><img loading=\"lazy\" decoding=\"async\" width=\"1232\" height=\"820\" src=\"https:\/\/jundiai.sp.gov.br\/noticias\/wp-content\/uploads\/sites\/32\/2022\/06\/feira-alemanha2.jpeg\" alt=\"\" class=\"wp-image-294128\" srcset=\"https:\/\/jundiai.sp.gov.br\/noticias\/wp-content\/uploads\/sites\/32\/2022\/06\/feira-alemanha2.jpeg 1232w, https:\/\/jundiai.sp.gov.br\/noticias\/wp-content\/uploads\/sites\/32\/2022\/06\/feira-alemanha2-300x200.jpeg 300w, https:\/\/jundiai.sp.gov.br\/noticias\/wp-content\/uploads\/sites\/32\/2022\/06\/feira-alemanha2-768x511.jpeg 768w, https:\/\/jundiai.sp.gov.br\/noticias\/wp-content\/uploads\/sites\/32\/2022\/06\/feira-alemanha2-450x300.jpeg 450w\" sizes=\"auto, (max-width: 1232px) 100vw, 1232px\" \/><figcaption>T\u00e9cnicos e representantes alem\u00e3es, em encontro para a formaliza\u00e7\u00e3o da parceria<\/figcaption><\/figure>\n\n\n\n<p><strong>Assessoria de Imprensa<\/strong><\/p>\n","protected":false},"excerpt":{"rendered":"<p>Ao longo da semana entes 30 de maio e 03 de junho, t\u00e9cnicos da Unidade de Gest\u00e3o de Infraestrutura e Servi\u00e7os P\u00fablicos (UGISP), visitaram a feira IFAT 2022 (Leading Trade Fair for Environmental Technologies), maior evento dedicado a tecnologia em tratamento de res\u00edduos, realizado em Munich. O resultado da viagem \u00e9 a formaliza\u00e7\u00e3o de termo [&hellip;]<\/p>\n","protected":false},"author":39,"featured_media":294127,"comment_status":"closed","ping_status":"closed","sticky":false,"template":"","format":"standard","meta":{"footnotes":""},"categories":[2],"tags":[985],"ods":[],"class_list":["post-294108","post","type-post","status-publish","format-standard","has-post-thumbnail","hentry","category-noticias","tag-infraestrutura-e-servicos-publicos"],"_links":{"self":[{"href":"https:\/\/jundiai.sp.gov.br\/noticias\/wp-json\/wp\/v2\/posts\/294108","targetHints":{"allow":["GET"]}}],"collection":[{"href":"https:\/\/jundiai.sp.gov.br\/noticias\/wp-json\/wp\/v2\/posts"}],"about":[{"href":"https:\/\/jundiai.sp.gov.br\/noticias\/wp-json\/wp\/v2\/types\/post"}],"author":[{"embeddable":true,"href":"https:\/\/jundiai.sp.gov.br\/noticias\/wp-json\/wp\/v2\/users\/39"}],"replies":[{"embeddable":true,"href":"https:\/\/jundiai.sp.gov.br\/noticias\/wp-json\/wp\/v2\/comments?post=294108"}],"version-history":[{"count":11,"href":"https:\/\/jundiai.sp.gov.br\/noticias\/wp-json\/wp\/v2\/posts\/294108\/revisions"}],"predecessor-version":[{"id":294137,"href":"https:\/\/jundiai.sp.gov.br\/noticias\/wp-json\/wp\/v2\/posts\/294108\/revisions\/294137"}],"wp:featuredmedia":[{"embeddable":true,"href":"https:\/\/jundiai.sp.gov.br\/noticias\/wp-json\/wp\/v2\/media\/294127"}],"wp:attachment":[{"href":"https:\/\/jundiai.sp.gov.br\/noticias\/wp-json\/wp\/v2\/media?parent=294108"}],"wp:term":[{"taxonomy":"category","embeddable":true,"href":"https:\/\/jundiai.sp.gov.br\/noticias\/wp-json\/wp\/v2\/categories?post=294108"},{"taxonomy":"post_tag","embeddable":true,"href":"https:\/\/jundiai.sp.gov.br\/noticias\/wp-json\/wp\/v2\/tags?post=294108"},{"taxonomy":"ods","embeddable":true,"href":"https:\/\/jundiai.sp.gov.br\/noticias\/wp-json\/wp\/v2\/ods?post=294108"}],"curies":[{"name":"wp","href":"https:\/\/api.w.org\/{rel}","templated":true}]}}