{"id":294148,"date":"2022-06-03T18:16:12","date_gmt":"2022-06-03T21:16:12","guid":{"rendered":"https:\/\/jundiai.sp.gov.br\/noticias\/?p=294148"},"modified":"2022-06-03T18:31:34","modified_gmt":"2022-06-03T21:31:34","slug":"cultura-promove-encontro-com-artistas-para-divulgar-inscricoes-do-conselho-e-novidades","status":"publish","type":"post","link":"https:\/\/jundiai.sp.gov.br\/noticias\/2022\/06\/03\/cultura-promove-encontro-com-artistas-para-divulgar-inscricoes-do-conselho-e-novidades\/","title":{"rendered":"Cultura promove &#8216;Encontro com Artistas&#8217; para divulgar inscri\u00e7\u00f5es do Conselho e novidades"},"content":{"rendered":"\n<p><\/p>\n\n\n\n<p>A Unidade de Gest\u00e3o de Cultura (UGC) promove na pr\u00f3xima ter\u00e7a-feira (07), das 19h30 \u00e0s 21h, um &#8220;Encontro com Artistas&#8221;, com a presen\u00e7a do gestor da Unidade, Marcelo Peroni. O encontro ser\u00e1 realizado na Sala Jundia\u00ed do Complexo Fepasa e tem como objetivo divulgar a <a href=\"https:\/\/jundiai.sp.gov.br\/noticias\/2022\/05\/30\/prazo-de-inscricao-para-os-representantes-da-sociedade-civil-no-conselho-de-politica-cultural-e-prorrogado\/\" target=\"_blank\" rel=\"noreferrer noopener\">elei\u00e7\u00e3o do Conselho Municipal de Pol\u00edtica Cultural (CMPC), marcada para dia 06 de julho, quando ser\u00e3o escolhidos os representantes da sociedade civil para o bi\u00eanio 2022\/2024<\/a>.<\/p>\n\n\n\n<p>Na pauta do Encontro, consta tamb\u00e9m a divulga\u00e7\u00e3o dos novos editais de sele\u00e7\u00e3o que ser\u00e3o lan\u00e7ados pela UGC para o segundo semestre de 2022, oportunidade para que a classe art\u00edstica de Jundia\u00ed e regi\u00e3o possa apresentar os seus projetos. Tamb\u00e9m ser\u00e1 divulgado o novo Cadastro de Artistas, desenvolvido pela <a rel=\"noreferrer noopener\" href=\"https:\/\/cijun.sp.gov.br\/\" target=\"_blank\">Companhia de Inform\u00e1tica de Jundia\u00ed (Cijun)<\/a> em parceria com a UGC, ferramenta on-line que servir\u00e1 como banco de dados para contrata\u00e7\u00e3o de artistas, tanto pela Prefeitura quanto pela iniciativa privada, atualmente em fase final de testes.<\/p>\n\n\n\n<p>O Complexo Fepasa fica na avenida Uni\u00e3o dos Ferrovi\u00e1rios, 1760. Mais informa\u00e7\u00f5es podem ser obtidas pelo telefone 4589-6800 ou pelo e-mail <a href=\"mailto:dcultura@jundiai.sp.gov.br\" target=\"_blank\" rel=\"noreferrer noopener\">dcultura@jundiai.sp.gov.br<\/a>.<\/p>\n\n\n\n<figure class=\"wp-block-image size-full\"><img loading=\"lazy\" decoding=\"async\" width=\"1280\" height=\"906\" src=\"https:\/\/jundiai.sp.gov.br\/noticias\/wp-content\/uploads\/sites\/32\/2022\/06\/cultura_complexo_fepasa-35-1280x906-1.jpg\" alt=\"\" class=\"wp-image-294149\" srcset=\"https:\/\/jundiai.sp.gov.br\/noticias\/wp-content\/uploads\/sites\/32\/2022\/06\/cultura_complexo_fepasa-35-1280x906-1.jpg 1280w, https:\/\/jundiai.sp.gov.br\/noticias\/wp-content\/uploads\/sites\/32\/2022\/06\/cultura_complexo_fepasa-35-1280x906-1-300x212.jpg 300w, https:\/\/jundiai.sp.gov.br\/noticias\/wp-content\/uploads\/sites\/32\/2022\/06\/cultura_complexo_fepasa-35-1280x906-1-768x544.jpg 768w\" sizes=\"auto, (max-width: 1280px) 100vw, 1280px\" \/><figcaption>Encontro ser\u00e1 realizado na Sala Jundia\u00ed do Complexo Fepasa<\/figcaption><\/figure>\n\n\n\n<p><strong>Assessoria de Imprensa<br>Foto: Arquivo PMJ<\/strong><\/p>\n","protected":false},"excerpt":{"rendered":"<p>A Unidade de Gest\u00e3o de Cultura (UGC) promove na pr\u00f3xima ter\u00e7a-feira (07), das 19h30 \u00e0s 21h, um &#8220;Encontro com Artistas&#8221;, com a presen\u00e7a do gestor da Unidade, Marcelo Peroni. O encontro ser\u00e1 realizado na Sala Jundia\u00ed do Complexo Fepasa e tem como objetivo divulgar a elei\u00e7\u00e3o do Conselho Municipal de Pol\u00edtica Cultural (CMPC), marcada para [&hellip;]<\/p>\n","protected":false},"author":14,"featured_media":294149,"comment_status":"closed","ping_status":"closed","sticky":false,"template":"","format":"standard","meta":{"footnotes":""},"categories":[2],"tags":[1421,235,1099,29,449,2480],"ods":[],"class_list":["post-294148","post","type-post","status-publish","format-standard","has-post-thumbnail","hentry","category-noticias","tag-cadastro-de-artistas","tag-companhia-de-informatica-de-jundiai-cijun","tag-conselho-municipal-de-politica-cultural-cmpc","tag-cultura","tag-espaco-expressa","tag-sala-jundiai"],"_links":{"self":[{"href":"https:\/\/jundiai.sp.gov.br\/noticias\/wp-json\/wp\/v2\/posts\/294148","targetHints":{"allow":["GET"]}}],"collection":[{"href":"https:\/\/jundiai.sp.gov.br\/noticias\/wp-json\/wp\/v2\/posts"}],"about":[{"href":"https:\/\/jundiai.sp.gov.br\/noticias\/wp-json\/wp\/v2\/types\/post"}],"author":[{"embeddable":true,"href":"https:\/\/jundiai.sp.gov.br\/noticias\/wp-json\/wp\/v2\/users\/14"}],"replies":[{"embeddable":true,"href":"https:\/\/jundiai.sp.gov.br\/noticias\/wp-json\/wp\/v2\/comments?post=294148"}],"version-history":[{"count":3,"href":"https:\/\/jundiai.sp.gov.br\/noticias\/wp-json\/wp\/v2\/posts\/294148\/revisions"}],"predecessor-version":[{"id":294152,"href":"https:\/\/jundiai.sp.gov.br\/noticias\/wp-json\/wp\/v2\/posts\/294148\/revisions\/294152"}],"wp:featuredmedia":[{"embeddable":true,"href":"https:\/\/jundiai.sp.gov.br\/noticias\/wp-json\/wp\/v2\/media\/294149"}],"wp:attachment":[{"href":"https:\/\/jundiai.sp.gov.br\/noticias\/wp-json\/wp\/v2\/media?parent=294148"}],"wp:term":[{"taxonomy":"category","embeddable":true,"href":"https:\/\/jundiai.sp.gov.br\/noticias\/wp-json\/wp\/v2\/categories?post=294148"},{"taxonomy":"post_tag","embeddable":true,"href":"https:\/\/jundiai.sp.gov.br\/noticias\/wp-json\/wp\/v2\/tags?post=294148"},{"taxonomy":"ods","embeddable":true,"href":"https:\/\/jundiai.sp.gov.br\/noticias\/wp-json\/wp\/v2\/ods?post=294148"}],"curies":[{"name":"wp","href":"https:\/\/api.w.org\/{rel}","templated":true}]}}