{"id":294448,"date":"2022-06-09T11:36:11","date_gmt":"2022-06-09T14:36:11","guid":{"rendered":"https:\/\/jundiai.sp.gov.br\/noticias\/?p=294448"},"modified":"2022-06-09T11:36:11","modified_gmt":"2022-06-09T14:36:11","slug":"sobram-vagas-agendamento-de-d4-para-55-a-59-anos-tem-80-das-vagas-livres","status":"publish","type":"post","link":"https:\/\/jundiai.sp.gov.br\/noticias\/2022\/06\/09\/sobram-vagas-agendamento-de-d4-para-55-a-59-anos-tem-80-das-vagas-livres\/","title":{"rendered":"Sobram vagas: Agendamento de D4 para 55 a 59 anos tem 80% das vagas livres"},"content":{"rendered":"\n<p>Das 13 mil vagas dispon\u00edveis para vacina\u00e7\u00e3o de D4 contra COVID-19, neste s\u00e1bado (11), para pessoas com 55 a 59 anos e ou trabalhadores em sa\u00fade, at\u00e9 o final de quarta-feira (08), menos de 30% delas haviam sido preenchidas. A oferta da aplica\u00e7\u00e3o em larga escala para o final de semana, com agendamento, foi uma medida adotada pela Unidade de Gest\u00e3o de Promo\u00e7\u00e3o da Sa\u00fade (UGPS) para facilitar o acesso da popula\u00e7\u00e3o de maneira a manter o atendimento c\u00e9lere.  <\/p>\n\n\n\n<p>No s\u00e1bado (11), al\u00e9m da vacina\u00e7\u00e3o desses dois grupos agendados, os demais que estejam com alguma dose contra COVID-19 ou Influenza em atraso, tamb\u00e9m poder\u00e3o comparecer &#8211; sem a necessidade de agendamento &#8211; \u00e0s unidades UBS Hortol\u00e2ndia, UBS Morada das Vinhas, Nova UBS Tulipas, UBS Rami, Nova UBS Jundia\u00ed Mirim, Cl\u00ednica da Fam\u00edlia II &#8211; Almerinda Chaves (Antiga UBS Novo Horizonte) e Nova UBS Jardim do Lago, das 8h30 \u00e0s 11h30 e das 13h \u00e0s 15h30 para completar a vacina\u00e7\u00e3o da sua faixa et\u00e1ria ou grupo. As equipes tamb\u00e9m far\u00e3o aplica\u00e7\u00e3o de vacinas de rotina para a popula\u00e7\u00e3o. Basta apresentar a carteira vacinal para confirma\u00e7\u00e3o das doses que s\u00e3o necess\u00e1rias. <\/p>\n\n\n\n<figure class=\"wp-block-image size-full\"><img loading=\"lazy\" decoding=\"async\" width=\"1280\" height=\"853\" src=\"https:\/\/jundiai.sp.gov.br\/noticias\/wp-content\/uploads\/sites\/32\/2022\/06\/vacinacao_parque_da_uva-36.jpg\" alt=\"DESCRI\u00c7\u00c3O DA IMAGEM: t\u00e9cnica de enfermagem vestindo jaleco branco e m\u00e1scara aplica vacina no bra\u00e7o de mulher, morena, vestindo camiseta sem manga amarela. Ela usa m\u00e1scara preta\" class=\"wp-image-294481\" srcset=\"https:\/\/jundiai.sp.gov.br\/noticias\/wp-content\/uploads\/sites\/32\/2022\/06\/vacinacao_parque_da_uva-36.jpg 1280w, https:\/\/jundiai.sp.gov.br\/noticias\/wp-content\/uploads\/sites\/32\/2022\/06\/vacinacao_parque_da_uva-36-300x200.jpg 300w, https:\/\/jundiai.sp.gov.br\/noticias\/wp-content\/uploads\/sites\/32\/2022\/06\/vacinacao_parque_da_uva-36-768x512.jpg 768w, https:\/\/jundiai.sp.gov.br\/noticias\/wp-content\/uploads\/sites\/32\/2022\/06\/vacinacao_parque_da_uva-36-450x300.jpg 450w\" sizes=\"auto, (max-width: 1280px) 100vw, 1280px\" \/><\/figure>\n\n\n\n<p>Somente o Parque da Uva, que far\u00e1 o atendimento exclusivo para os agendados D4 COVID-19, a p\u00e9. N\u00e3o haver\u00e1 a aplica\u00e7\u00e3o aos demais grupos ou demais vacinas. <\/p>\n\n\n\n<p>De acordo com a enfermeira da Vigil\u00e2ncia Epidemiol\u00f3gica (VE) Maria do Carmo Possidente, a aplica\u00e7\u00e3o das doses \u00e9 essencial para a prote\u00e7\u00e3o da popula\u00e7\u00e3o mais vulner\u00e1vel. &#8220;Com a chegada do per\u00edodo de inverno, em que os v\u00edrus respirat\u00f3rios ampliam sua circula\u00e7\u00e3o, \u00e9 essencial que a popula\u00e7\u00e3o esteja habilitada para as aplica\u00e7\u00f5es de doses contra COVID-19 e influenza, estejam vacinadas. Desta forma, al\u00e9m de proteger a si, tamb\u00e9m protegem aqueles que s\u00e3o mais vulner\u00e1veis&#8221;, comenta. <\/p>\n\n\n\n<p><strong>Assessoria de Imprensa<br>Fotos: Fot\u00f3grafos PMJ<\/strong><\/p>\n","protected":false},"excerpt":{"rendered":"<p>Das 13 mil vagas dispon\u00edveis para vacina\u00e7\u00e3o de D4 contra COVID-19, neste s\u00e1bado (11), para pessoas com 55 a 59 anos e ou trabalhadores em sa\u00fade, at\u00e9 o final de quarta-feira (08), menos de 30% delas haviam sido preenchidas. A oferta da aplica\u00e7\u00e3o em larga escala para o final de semana, com agendamento, foi uma [&hellip;]<\/p>\n","protected":false},"author":39,"featured_media":294487,"comment_status":"closed","ping_status":"closed","sticky":false,"template":"","format":"standard","meta":{"footnotes":""},"categories":[2],"tags":[1500],"ods":[],"class_list":["post-294448","post","type-post","status-publish","format-standard","has-post-thumbnail","hentry","category-noticias","tag-coronavirus"],"_links":{"self":[{"href":"https:\/\/jundiai.sp.gov.br\/noticias\/wp-json\/wp\/v2\/posts\/294448","targetHints":{"allow":["GET"]}}],"collection":[{"href":"https:\/\/jundiai.sp.gov.br\/noticias\/wp-json\/wp\/v2\/posts"}],"about":[{"href":"https:\/\/jundiai.sp.gov.br\/noticias\/wp-json\/wp\/v2\/types\/post"}],"author":[{"embeddable":true,"href":"https:\/\/jundiai.sp.gov.br\/noticias\/wp-json\/wp\/v2\/users\/39"}],"replies":[{"embeddable":true,"href":"https:\/\/jundiai.sp.gov.br\/noticias\/wp-json\/wp\/v2\/comments?post=294448"}],"version-history":[{"count":10,"href":"https:\/\/jundiai.sp.gov.br\/noticias\/wp-json\/wp\/v2\/posts\/294448\/revisions"}],"predecessor-version":[{"id":294488,"href":"https:\/\/jundiai.sp.gov.br\/noticias\/wp-json\/wp\/v2\/posts\/294448\/revisions\/294488"}],"wp:featuredmedia":[{"embeddable":true,"href":"https:\/\/jundiai.sp.gov.br\/noticias\/wp-json\/wp\/v2\/media\/294487"}],"wp:attachment":[{"href":"https:\/\/jundiai.sp.gov.br\/noticias\/wp-json\/wp\/v2\/media?parent=294448"}],"wp:term":[{"taxonomy":"category","embeddable":true,"href":"https:\/\/jundiai.sp.gov.br\/noticias\/wp-json\/wp\/v2\/categories?post=294448"},{"taxonomy":"post_tag","embeddable":true,"href":"https:\/\/jundiai.sp.gov.br\/noticias\/wp-json\/wp\/v2\/tags?post=294448"},{"taxonomy":"ods","embeddable":true,"href":"https:\/\/jundiai.sp.gov.br\/noticias\/wp-json\/wp\/v2\/ods?post=294448"}],"curies":[{"name":"wp","href":"https:\/\/api.w.org\/{rel}","templated":true}]}}