{"id":294596,"date":"2022-06-10T16:19:22","date_gmt":"2022-06-10T19:19:22","guid":{"rendered":"https:\/\/jundiai.sp.gov.br\/noticias\/?p=294596"},"modified":"2022-06-10T16:19:22","modified_gmt":"2022-06-10T19:19:22","slug":"com-queda-na-temperatura-no-final-de-semana-jundiai-intensifica-operacao-noites-frias","status":"publish","type":"post","link":"https:\/\/jundiai.sp.gov.br\/noticias\/2022\/06\/10\/com-queda-na-temperatura-no-final-de-semana-jundiai-intensifica-operacao-noites-frias\/","title":{"rendered":"Com queda na temperatura no final de semana, Jundia\u00ed intensifica Opera\u00e7\u00e3o Noites Frias"},"content":{"rendered":"\n<p>Neste final de semana, a Opera\u00e7\u00e3o Noites Frias, realizada pelas equipes da Unidade de Gest\u00e3o de Assist\u00eancia e Desenvolvimento Social (UGADS), da Prefeitura de Jundia\u00ed, ter\u00e1 suas buscas ativas intensificadas. O servi\u00e7o focado em oferecer apoio e acolhimento \u00e0 popula\u00e7\u00e3o de rua em noites de baixas temperaturas est\u00e1 organizado para o atendimento \u00e0 popula\u00e7\u00e3o em situa\u00e7\u00e3o de rua. \u00c9 prevista queda na temperatura, segundo boletim meteorol\u00f3gico da Defesa Civil do Estado, entre domingo (12) e ter\u00e7a-feira (14), com registro de m\u00ednima de 7\u00b0 e sensa\u00e7\u00e3o t\u00e9rmica de 4\u00b0.<\/p>\n\n\n\n<p>A Opera\u00e7\u00e3o Noites Frias \u00e9 acionada sempre que a previs\u00e3o de temperatura ao longo da noite \u00e9 inferior a 13\u00b0C, independente do per\u00edodo do ano. Durante a Opera\u00e7\u00e3o, os abrigos dos quais a Prefeitura mant\u00e9m conv\u00eanio de vagas para acolhimento da popula\u00e7\u00e3o em situa\u00e7\u00e3o de rua ampliam a sua capacidade, conforme a demanda, sem aumento de custos para os cofres municipais. At\u00e9 a madrugada de sexta-feira (10), foram realizadas 1518 abordagens no total.<\/p>\n\n\n\n<p>Para os abordados que recusam o acolhimento, as equipes distribuem cobertores, gorros e meias para prote\u00e7\u00e3o contra o frio. Com as abordagens desse ano, 503 cobertores j\u00e1 foram distribu\u00eddos.<\/p>\n\n\n\n<figure class=\"wp-block-image size-full\"><img loading=\"lazy\" decoding=\"async\" width=\"1280\" height=\"853\" src=\"https:\/\/jundiai.sp.gov.br\/noticias\/wp-content\/uploads\/sites\/32\/2022\/06\/operacoes-noites-frias-37.jpg\" alt=\"\" class=\"wp-image-294597\" srcset=\"https:\/\/jundiai.sp.gov.br\/noticias\/wp-content\/uploads\/sites\/32\/2022\/06\/operacoes-noites-frias-37.jpg 1280w, https:\/\/jundiai.sp.gov.br\/noticias\/wp-content\/uploads\/sites\/32\/2022\/06\/operacoes-noites-frias-37-300x200.jpg 300w, https:\/\/jundiai.sp.gov.br\/noticias\/wp-content\/uploads\/sites\/32\/2022\/06\/operacoes-noites-frias-37-768x512.jpg 768w, https:\/\/jundiai.sp.gov.br\/noticias\/wp-content\/uploads\/sites\/32\/2022\/06\/operacoes-noites-frias-37-450x300.jpg 450w\" sizes=\"auto, (max-width: 1280px) 100vw, 1280px\" \/><figcaption>Opera\u00e7\u00e3o Noites Frias oferece acolhimento para pessoas em situa\u00e7\u00e3o de rua <\/figcaption><\/figure>\n\n\n\n<p><strong>Popula\u00e7\u00e3o tamb\u00e9m pode colaborar<\/strong><\/p>\n\n\n\n<p>Quem identificar pessoas em situa\u00e7\u00e3o de rua pode acionar o Servi\u00e7o Especializado de Abordagem Social (SEAS), pelo telefone (11) 98531-0146, que atende 24 horas e faz o atendimento t\u00e9cnico e encaminhamento dos abordados para os servi\u00e7os.<\/p>\n\n\n\n<p>Al\u00e9m disso, \u00e9 poss\u00edvel orient\u00e1-la a procurar o Centro Pop, que \u00e9 a porta de entrada da rede socioassistencial para atendimento da popula\u00e7\u00e3o em situa\u00e7\u00e3o de rua. O equipamento est\u00e1 localizado na Rua Marechal Deodoro da Fonseca, 504, no Centro, atende em hor\u00e1rio comercial e presta atendimento t\u00e9cnico e oferta de alimenta\u00e7\u00e3o e higiene, al\u00e9m de identifica\u00e7\u00e3o de demandas. A partir de l\u00e1, os acolhidos s\u00e3o direcionados \u00e0s vagas para pernoite, nos abrigos das Organiza\u00e7\u00f5es da Sociedade Civil (OSC) com as quais a Prefeitura celebra parceria para atendimento.<\/p>\n\n\n\n<p><strong>Assessoria de Imprensa<\/strong><\/p>\n","protected":false},"excerpt":{"rendered":"<p>Neste final de semana, a Opera\u00e7\u00e3o Noites Frias, realizada pelas equipes da Unidade de Gest\u00e3o de Assist\u00eancia e Desenvolvimento Social (UGADS), da Prefeitura de Jundia\u00ed, ter\u00e1 suas buscas ativas intensificadas. O servi\u00e7o focado em oferecer apoio e acolhimento \u00e0 popula\u00e7\u00e3o de rua em noites de baixas temperaturas est\u00e1 organizado para o atendimento \u00e0 popula\u00e7\u00e3o em [&hellip;]<\/p>\n","protected":false},"author":39,"featured_media":294605,"comment_status":"closed","ping_status":"closed","sticky":false,"template":"","format":"standard","meta":{"footnotes":""},"categories":[2],"tags":[980,1444],"ods":[],"class_list":["post-294596","post","type-post","status-publish","format-standard","has-post-thumbnail","hentry","category-noticias","tag-assistencia-e-desenvolvimento-social","tag-operacao-noites-frias"],"_links":{"self":[{"href":"https:\/\/jundiai.sp.gov.br\/noticias\/wp-json\/wp\/v2\/posts\/294596","targetHints":{"allow":["GET"]}}],"collection":[{"href":"https:\/\/jundiai.sp.gov.br\/noticias\/wp-json\/wp\/v2\/posts"}],"about":[{"href":"https:\/\/jundiai.sp.gov.br\/noticias\/wp-json\/wp\/v2\/types\/post"}],"author":[{"embeddable":true,"href":"https:\/\/jundiai.sp.gov.br\/noticias\/wp-json\/wp\/v2\/users\/39"}],"replies":[{"embeddable":true,"href":"https:\/\/jundiai.sp.gov.br\/noticias\/wp-json\/wp\/v2\/comments?post=294596"}],"version-history":[{"count":3,"href":"https:\/\/jundiai.sp.gov.br\/noticias\/wp-json\/wp\/v2\/posts\/294596\/revisions"}],"predecessor-version":[{"id":294606,"href":"https:\/\/jundiai.sp.gov.br\/noticias\/wp-json\/wp\/v2\/posts\/294596\/revisions\/294606"}],"wp:featuredmedia":[{"embeddable":true,"href":"https:\/\/jundiai.sp.gov.br\/noticias\/wp-json\/wp\/v2\/media\/294605"}],"wp:attachment":[{"href":"https:\/\/jundiai.sp.gov.br\/noticias\/wp-json\/wp\/v2\/media?parent=294596"}],"wp:term":[{"taxonomy":"category","embeddable":true,"href":"https:\/\/jundiai.sp.gov.br\/noticias\/wp-json\/wp\/v2\/categories?post=294596"},{"taxonomy":"post_tag","embeddable":true,"href":"https:\/\/jundiai.sp.gov.br\/noticias\/wp-json\/wp\/v2\/tags?post=294596"},{"taxonomy":"ods","embeddable":true,"href":"https:\/\/jundiai.sp.gov.br\/noticias\/wp-json\/wp\/v2\/ods?post=294596"}],"curies":[{"name":"wp","href":"https:\/\/api.w.org\/{rel}","templated":true}]}}