{"id":294816,"date":"2022-06-17T08:00:00","date_gmt":"2022-06-17T11:00:00","guid":{"rendered":"https:\/\/jundiai.sp.gov.br\/noticias\/?p=294816"},"modified":"2022-06-15T15:37:59","modified_gmt":"2022-06-15T18:37:59","slug":"pets-tem-lugares-exclusivos-para-a-diversao-em-jundiai","status":"publish","type":"post","link":"https:\/\/jundiai.sp.gov.br\/noticias\/2022\/06\/17\/pets-tem-lugares-exclusivos-para-a-diversao-em-jundiai\/","title":{"rendered":"Pets t\u00eam lugares exclusivos para a divers\u00e3o em Jundia\u00ed"},"content":{"rendered":"\n<p>Se o seu cachorro pudesse te fazer um pedido, qual seria? Se a resposta for um passeio legal, em uma \u00e1rea cheia de grama, bebedouro com \u00e1gua fresquinha e brinquedos feitos para ele, voc\u00ea precisa conhecer as pra\u00e7as Fam\u00edlia &amp; Pet, da Prefeitura de Jundia\u00ed. S\u00e3o cinco espa\u00e7os espalhados pela cidade, nos bairros Ponte S\u00e3o Jo\u00e3o, Jardim Merci, Col\u00f4nia, Cidade Jardim e na avenida 9 de Julho. <\/p>\n\n\n\n<p>As pra\u00e7as contam com estacionamento, quiosque, bebedouros (para pessoas e para animais), piso emborrachado, playground com brinquedos em madeira, \u00e1rea para brincadeiras infantis e grande \u00e1rea com espa\u00e7o agility para os c\u00e3es. Existem ainda brinquedos adaptados para crian\u00e7as com defici\u00eancia, como balan\u00e7o para cadeira de rodas.<\/p>\n\n\n\n<p>\u201cSempre que posso, trago meus cachorros para o passeio aqui. Eles adoram, se divertem e ficam menos ansiosos\u201d, comentou a moradora do Cidade Jardim, Bianca Hermkens.<\/p>\n\n\n\n<p>Assim como ela, Nicolas Versuri leva os pets para o momento de divers\u00e3o nas pra\u00e7as. \u201cEssa ideia une as pessoas e os animais. \u00c9 um momento de encontrar os vizinhos e ver os cachorros felizes.\u201d<\/p>\n\n\n\n<p>A moradora da Ponte S\u00e3o Jo\u00e3o, Raiely Ribeiro tamb\u00e9m aprova. \u201cA \u00e1rea pet \u00e9 grande, os animais agradecem.\u201d &nbsp;<\/p>\n\n\n\n<figure class=\"wp-block-gallery has-nested-images columns-default is-cropped wp-block-gallery-1 is-layout-flex wp-block-gallery-is-layout-flex\">\n<figure class=\"wp-block-image size-large\"><img loading=\"lazy\" decoding=\"async\" width=\"1280\" height=\"959\" data-id=\"294821\" src=\"https:\/\/jundiai.sp.gov.br\/noticias\/wp-content\/uploads\/sites\/32\/2022\/06\/aereas_praca_pet_ponte_sao_joao-7.jpg\" alt=\"\" class=\"wp-image-294821\" srcset=\"https:\/\/jundiai.sp.gov.br\/noticias\/wp-content\/uploads\/sites\/32\/2022\/06\/aereas_praca_pet_ponte_sao_joao-7.jpg 1280w, https:\/\/jundiai.sp.gov.br\/noticias\/wp-content\/uploads\/sites\/32\/2022\/06\/aereas_praca_pet_ponte_sao_joao-7-300x225.jpg 300w, https:\/\/jundiai.sp.gov.br\/noticias\/wp-content\/uploads\/sites\/32\/2022\/06\/aereas_praca_pet_ponte_sao_joao-7-768x575.jpg 768w\" sizes=\"auto, (max-width: 1280px) 100vw, 1280px\" \/><figcaption>Espa\u00e7os Fam\u00edlia &amp; Pet s\u00e3o amplos e divers\u00e3o garantida para todos <\/figcaption><\/figure>\n\n\n\n<figure class=\"wp-block-image size-large\"><img loading=\"lazy\" decoding=\"async\" width=\"1280\" height=\"853\" data-id=\"294822\" src=\"https:\/\/jundiai.sp.gov.br\/noticias\/wp-content\/uploads\/sites\/32\/2022\/06\/pracas_pet_familia-186.jpg\" alt=\"\" class=\"wp-image-294822\" srcset=\"https:\/\/jundiai.sp.gov.br\/noticias\/wp-content\/uploads\/sites\/32\/2022\/06\/pracas_pet_familia-186.jpg 1280w, https:\/\/jundiai.sp.gov.br\/noticias\/wp-content\/uploads\/sites\/32\/2022\/06\/pracas_pet_familia-186-300x200.jpg 300w, https:\/\/jundiai.sp.gov.br\/noticias\/wp-content\/uploads\/sites\/32\/2022\/06\/pracas_pet_familia-186-768x512.jpg 768w, https:\/\/jundiai.sp.gov.br\/noticias\/wp-content\/uploads\/sites\/32\/2022\/06\/pracas_pet_familia-186-450x300.jpg 450w\" sizes=\"auto, (max-width: 1280px) 100vw, 1280px\" \/><figcaption>Bianca leva os cachorros na Pra\u00e7a do Cidade Jardim <\/figcaption><\/figure>\n\n\n\n<figure class=\"wp-block-image size-large\"><img loading=\"lazy\" decoding=\"async\" width=\"1280\" height=\"853\" data-id=\"294820\" src=\"https:\/\/jundiai.sp.gov.br\/noticias\/wp-content\/uploads\/sites\/32\/2022\/06\/pracas_pet_familia-234.jpg\" alt=\"\" class=\"wp-image-294820\" srcset=\"https:\/\/jundiai.sp.gov.br\/noticias\/wp-content\/uploads\/sites\/32\/2022\/06\/pracas_pet_familia-234.jpg 1280w, https:\/\/jundiai.sp.gov.br\/noticias\/wp-content\/uploads\/sites\/32\/2022\/06\/pracas_pet_familia-234-300x200.jpg 300w, https:\/\/jundiai.sp.gov.br\/noticias\/wp-content\/uploads\/sites\/32\/2022\/06\/pracas_pet_familia-234-768x512.jpg 768w, https:\/\/jundiai.sp.gov.br\/noticias\/wp-content\/uploads\/sites\/32\/2022\/06\/pracas_pet_familia-234-450x300.jpg 450w\" sizes=\"auto, (max-width: 1280px) 100vw, 1280px\" \/><figcaption>Raiely leva os pets \u00e0s pra\u00e7as da Col\u00f4nia e Ponte S\u00e3o Jo\u00e3o<\/figcaption><\/figure>\n\n\n\n<figure class=\"wp-block-image size-large\"><img loading=\"lazy\" decoding=\"async\" width=\"1280\" height=\"853\" data-id=\"294819\" src=\"https:\/\/jundiai.sp.gov.br\/noticias\/wp-content\/uploads\/sites\/32\/2022\/06\/pracas_pet_familia-263.jpg\" alt=\"\" class=\"wp-image-294819\" srcset=\"https:\/\/jundiai.sp.gov.br\/noticias\/wp-content\/uploads\/sites\/32\/2022\/06\/pracas_pet_familia-263.jpg 1280w, https:\/\/jundiai.sp.gov.br\/noticias\/wp-content\/uploads\/sites\/32\/2022\/06\/pracas_pet_familia-263-300x200.jpg 300w, https:\/\/jundiai.sp.gov.br\/noticias\/wp-content\/uploads\/sites\/32\/2022\/06\/pracas_pet_familia-263-768x512.jpg 768w, https:\/\/jundiai.sp.gov.br\/noticias\/wp-content\/uploads\/sites\/32\/2022\/06\/pracas_pet_familia-263-450x300.jpg 450w\" sizes=\"auto, (max-width: 1280px) 100vw, 1280px\" \/><figcaption>\u00c1reas contam com espa\u00e7o agility para c\u00e3es <\/figcaption><\/figure>\n\n\n\n<figure class=\"wp-block-image size-large\"><img loading=\"lazy\" decoding=\"async\" width=\"1280\" height=\"853\" data-id=\"294824\" src=\"https:\/\/jundiai.sp.gov.br\/noticias\/wp-content\/uploads\/sites\/32\/2022\/06\/pracas_pet_familia-326.jpg\" alt=\"\" class=\"wp-image-294824\" srcset=\"https:\/\/jundiai.sp.gov.br\/noticias\/wp-content\/uploads\/sites\/32\/2022\/06\/pracas_pet_familia-326.jpg 1280w, https:\/\/jundiai.sp.gov.br\/noticias\/wp-content\/uploads\/sites\/32\/2022\/06\/pracas_pet_familia-326-300x200.jpg 300w, https:\/\/jundiai.sp.gov.br\/noticias\/wp-content\/uploads\/sites\/32\/2022\/06\/pracas_pet_familia-326-768x512.jpg 768w, https:\/\/jundiai.sp.gov.br\/noticias\/wp-content\/uploads\/sites\/32\/2022\/06\/pracas_pet_familia-326-450x300.jpg 450w\" sizes=\"auto, (max-width: 1280px) 100vw, 1280px\" \/><figcaption>Cidade Jardim tem espa\u00e7o na rua Elisa Machado Benassi<\/figcaption><\/figure>\n\n\n\n<figure class=\"wp-block-image size-large\"><img loading=\"lazy\" decoding=\"async\" width=\"1178\" height=\"786\" data-id=\"294826\" src=\"https:\/\/jundiai.sp.gov.br\/noticias\/wp-content\/uploads\/sites\/32\/2022\/06\/praca-familia-jundiai-e-espaco-pet-ponte-sao-joao_c_-39.jpg\" alt=\"\" class=\"wp-image-294826\" srcset=\"https:\/\/jundiai.sp.gov.br\/noticias\/wp-content\/uploads\/sites\/32\/2022\/06\/praca-familia-jundiai-e-espaco-pet-ponte-sao-joao_c_-39.jpg 1178w, https:\/\/jundiai.sp.gov.br\/noticias\/wp-content\/uploads\/sites\/32\/2022\/06\/praca-familia-jundiai-e-espaco-pet-ponte-sao-joao_c_-39-300x200.jpg 300w, https:\/\/jundiai.sp.gov.br\/noticias\/wp-content\/uploads\/sites\/32\/2022\/06\/praca-familia-jundiai-e-espaco-pet-ponte-sao-joao_c_-39-768x512.jpg 768w, https:\/\/jundiai.sp.gov.br\/noticias\/wp-content\/uploads\/sites\/32\/2022\/06\/praca-familia-jundiai-e-espaco-pet-ponte-sao-joao_c_-39-450x300.jpg 450w\" sizes=\"auto, (max-width: 1178px) 100vw, 1178px\" \/><figcaption>Divers\u00e3o \u00e9 garantida para os pets<\/figcaption><\/figure>\n<\/figure>\n\n\n\n<p>As pra\u00e7as est\u00e3o inseridas no contexto do programa \u201cCidade das Crian\u00e7as\u201d e da iniciativa P\u00e9 de Inf\u00e2ncia da rede Urban 95. Todos funcionam diariamente, das 7h \u00e0s 20h. Confira os endere\u00e7os:<\/p>\n\n\n\n<p><strong>Pra\u00e7a Fam\u00edlia &amp; Espa\u00e7o Pet Nove de Julho<\/strong> &#8211; cruzamento das avenidas Nove de Julho e Lu\u00eds Latorre. <\/p>\n\n\n\n<p><strong>Pra\u00e7a Fam\u00edlia &amp; Espa\u00e7o Pet Col\u00f4nia<\/strong> &#8211; pra\u00e7a Duque de Caxias, pr\u00f3xima \u00e0 UBS do bairro. <\/p>\n\n\n\n<p><strong>Pra\u00e7a Fam\u00edlia &amp; Espa\u00e7o Pet Cidade Jardim<\/strong> &#8211; rua Elisa Machado Benassi.<\/p>\n\n\n\n<p><strong>Pra\u00e7a Fam\u00edlia &amp; Espa\u00e7o Pet Ponte S\u00e3o Jo\u00e3o <\/strong>&#8211; rua Eloy Chaves.<\/p>\n\n\n\n<p><strong>Pra\u00e7a Fam\u00edlia &amp; Espa\u00e7o Pet Jardim Merci<\/strong> &#8211; rua At\u00edlio Schiavi. <\/p>\n","protected":false},"excerpt":{"rendered":"<p>Se o seu cachorro pudesse te fazer um pedido, qual seria? Se a resposta for um passeio legal, em uma \u00e1rea cheia de grama, bebedouro com \u00e1gua fresquinha e brinquedos feitos para ele, voc\u00ea precisa conhecer as pra\u00e7as Fam\u00edlia &amp; Pet, da Prefeitura de Jundia\u00ed. S\u00e3o cinco espa\u00e7os espalhados pela cidade, nos bairros Ponte S\u00e3o [&hellip;]<\/p>\n","protected":false},"author":80,"featured_media":0,"comment_status":"closed","ping_status":"closed","sticky":false,"template":"","format":"standard","meta":{"footnotes":""},"categories":[2],"tags":[],"ods":[],"class_list":["post-294816","post","type-post","status-publish","format-standard","hentry","category-noticias"],"_links":{"self":[{"href":"https:\/\/jundiai.sp.gov.br\/noticias\/wp-json\/wp\/v2\/posts\/294816","targetHints":{"allow":["GET"]}}],"collection":[{"href":"https:\/\/jundiai.sp.gov.br\/noticias\/wp-json\/wp\/v2\/posts"}],"about":[{"href":"https:\/\/jundiai.sp.gov.br\/noticias\/wp-json\/wp\/v2\/types\/post"}],"author":[{"embeddable":true,"href":"https:\/\/jundiai.sp.gov.br\/noticias\/wp-json\/wp\/v2\/users\/80"}],"replies":[{"embeddable":true,"href":"https:\/\/jundiai.sp.gov.br\/noticias\/wp-json\/wp\/v2\/comments?post=294816"}],"version-history":[{"count":2,"href":"https:\/\/jundiai.sp.gov.br\/noticias\/wp-json\/wp\/v2\/posts\/294816\/revisions"}],"predecessor-version":[{"id":294970,"href":"https:\/\/jundiai.sp.gov.br\/noticias\/wp-json\/wp\/v2\/posts\/294816\/revisions\/294970"}],"wp:attachment":[{"href":"https:\/\/jundiai.sp.gov.br\/noticias\/wp-json\/wp\/v2\/media?parent=294816"}],"wp:term":[{"taxonomy":"category","embeddable":true,"href":"https:\/\/jundiai.sp.gov.br\/noticias\/wp-json\/wp\/v2\/categories?post=294816"},{"taxonomy":"post_tag","embeddable":true,"href":"https:\/\/jundiai.sp.gov.br\/noticias\/wp-json\/wp\/v2\/tags?post=294816"},{"taxonomy":"ods","embeddable":true,"href":"https:\/\/jundiai.sp.gov.br\/noticias\/wp-json\/wp\/v2\/ods?post=294816"}],"curies":[{"name":"wp","href":"https:\/\/api.w.org\/{rel}","templated":true}]}}