{"id":295348,"date":"2022-06-23T15:32:35","date_gmt":"2022-06-23T18:32:35","guid":{"rendered":"https:\/\/jundiai.sp.gov.br\/noticias\/?p=295348"},"modified":"2022-06-23T15:32:35","modified_gmt":"2022-06-23T18:32:35","slug":"instituto-avisa-la-publica-texto-de-professora-do-programa-escola-inovadora","status":"publish","type":"post","link":"https:\/\/jundiai.sp.gov.br\/noticias\/2022\/06\/23\/instituto-avisa-la-publica-texto-de-professora-do-programa-escola-inovadora\/","title":{"rendered":"Instituto Avisa L\u00e1 publica texto de professora do programa Escola Inovadora"},"content":{"rendered":"\n<p>O trabalho desenvolvido pela professora Marina Antonio Petraquim, da Escola Inovadora EMEB Prof. Joaquim Candel\u00e1rio de Freitas, sobre \u201cContos Tradicionais na Pr\u00e1tica de Produ\u00e7\u00e3o Escrita\u201d, ganhou destaque e foi publicado pelo conceituado Instituto Avisa L\u00e1, de forma\u00e7\u00e3o continuada de educadores. A publica\u00e7\u00e3o pode ser acessada no <a href=\"https:\/\/avisala.org.br\/index.php\/noticias\/uma-experiencia-com-contos-tradicionais\/\">site<\/a> do Instituto.&nbsp;<\/p>\n\n\n\n<p>Marina abordou o trabalho realizado com os estudantes do 3\u00ba ano do Ensino Fundamental com contos tradicionais, quando as crian\u00e7as puderam participar de propostas que envolveram a leitura e a escrita de maneira l\u00fadica, com perguntas e descobertas.<\/p>\n\n\n\n<p>Segundo a professora, por meio do projeto, foi poss\u00edvel perceber o ganho real relacionado \u00e0 compet\u00eancia leitora das crian\u00e7as, al\u00e9m dos avan\u00e7os na capacidade de compreens\u00e3o dos textos, envolvendo diferentes \u00e1reas do conhecimento.<\/p>\n\n\n\n<figure class=\"wp-block-image size-full\"><img loading=\"lazy\" decoding=\"async\" width=\"1280\" height=\"853\" src=\"https:\/\/jundiai.sp.gov.br\/noticias\/wp-content\/uploads\/sites\/32\/2022\/06\/emeb_candelario_publicacao_professora_marina-137.jpg\" alt=\"DESCRI\u00c7\u00c3O DA IMAGEM\nEm uma sala, com estante em madeira, livros e televis\u00e3o, estudantes est\u00e3o trajando uniforme e sentados no ch\u00e3o, prestando aten\u00e7\u00e3o em professora, que est\u00e1 em p\u00e9, mostrando livro aberto para as crian\u00e7as.\" class=\"wp-image-295378\" srcset=\"https:\/\/jundiai.sp.gov.br\/noticias\/wp-content\/uploads\/sites\/32\/2022\/06\/emeb_candelario_publicacao_professora_marina-137.jpg 1280w, https:\/\/jundiai.sp.gov.br\/noticias\/wp-content\/uploads\/sites\/32\/2022\/06\/emeb_candelario_publicacao_professora_marina-137-300x200.jpg 300w, https:\/\/jundiai.sp.gov.br\/noticias\/wp-content\/uploads\/sites\/32\/2022\/06\/emeb_candelario_publicacao_professora_marina-137-768x512.jpg 768w, https:\/\/jundiai.sp.gov.br\/noticias\/wp-content\/uploads\/sites\/32\/2022\/06\/emeb_candelario_publicacao_professora_marina-137-450x300.jpg 450w\" sizes=\"auto, (max-width: 1280px) 100vw, 1280px\" \/><figcaption>O trabalho de Marina ganhou destaque em publica\u00e7\u00e3o do instituto Avisa L\u00e1<\/figcaption><\/figure>\n\n\n\n<p>\u201cEstou muito feliz com o projeto, com a publica\u00e7\u00e3o, com a produ\u00e7\u00e3o das crian\u00e7as. \u00c9 um marco na minha trajet\u00f3ria profissional. Agrade\u00e7o \u00e0 equipe gestora da escola, \u00e0s fam\u00edlias e comunidade que \u00e9 parceira e colaborativa e \u00e0 Unidade de Educa\u00e7\u00e3o pelo investimento na capacita\u00e7\u00e3o que sempre vivenciamos\u201d, contou Marina.<\/p>\n\n\n\n<p>A gestora de Educa\u00e7\u00e3o, Professora Vast\u00ed Ferrari Marques, parabeniza a professora e seu trabalho. \u201cFicamos felizes com o resultado colhido pela professora Marina. Toda publica\u00e7\u00e3o que sai da rede municipal, por meio das experi\u00eancias dos professores, do trabalho desenvolvido pelos educadores, reflete a educa\u00e7\u00e3o do munic\u00edpio. O programa Escola Inovadora tem como um dos seus grandes eixos a forma\u00e7\u00e3o permanente dos educadores. Todo o investimento da UGE para a forma\u00e7\u00e3o de educadores reflete em resultados muito positivos, como a publica\u00e7\u00e3o no Avisa L\u00e1\u2019, declara.<\/p>\n\n\n\n<p><strong>Assessoria de Imprensa<\/strong><br><strong>Fotos: Fot\u00f3grafos PMJ<\/strong><\/p>\n","protected":false},"excerpt":{"rendered":"<p>O trabalho desenvolvido pela professora Marina Antonio Petraquim, da Escola Inovadora EMEB Prof. Joaquim Candel\u00e1rio de Freitas, sobre \u201cContos Tradicionais na Pr\u00e1tica de Produ\u00e7\u00e3o Escrita\u201d, ganhou destaque e foi publicado pelo conceituado Instituto Avisa L\u00e1, de forma\u00e7\u00e3o continuada de educadores. A publica\u00e7\u00e3o pode ser acessada no site do Instituto.&nbsp; Marina abordou o trabalho realizado com [&hellip;]<\/p>\n","protected":false},"author":70,"featured_media":295378,"comment_status":"closed","ping_status":"closed","sticky":false,"template":"","format":"standard","meta":{"footnotes":""},"categories":[2],"tags":[6,1061,1224],"ods":[],"class_list":["post-295348","post","type-post","status-publish","format-standard","has-post-thumbnail","hentry","category-noticias","tag-educacao","tag-escola-inovadora","tag-formacao-de-educadores"],"_links":{"self":[{"href":"https:\/\/jundiai.sp.gov.br\/noticias\/wp-json\/wp\/v2\/posts\/295348","targetHints":{"allow":["GET"]}}],"collection":[{"href":"https:\/\/jundiai.sp.gov.br\/noticias\/wp-json\/wp\/v2\/posts"}],"about":[{"href":"https:\/\/jundiai.sp.gov.br\/noticias\/wp-json\/wp\/v2\/types\/post"}],"author":[{"embeddable":true,"href":"https:\/\/jundiai.sp.gov.br\/noticias\/wp-json\/wp\/v2\/users\/70"}],"replies":[{"embeddable":true,"href":"https:\/\/jundiai.sp.gov.br\/noticias\/wp-json\/wp\/v2\/comments?post=295348"}],"version-history":[{"count":3,"href":"https:\/\/jundiai.sp.gov.br\/noticias\/wp-json\/wp\/v2\/posts\/295348\/revisions"}],"predecessor-version":[{"id":295379,"href":"https:\/\/jundiai.sp.gov.br\/noticias\/wp-json\/wp\/v2\/posts\/295348\/revisions\/295379"}],"wp:featuredmedia":[{"embeddable":true,"href":"https:\/\/jundiai.sp.gov.br\/noticias\/wp-json\/wp\/v2\/media\/295378"}],"wp:attachment":[{"href":"https:\/\/jundiai.sp.gov.br\/noticias\/wp-json\/wp\/v2\/media?parent=295348"}],"wp:term":[{"taxonomy":"category","embeddable":true,"href":"https:\/\/jundiai.sp.gov.br\/noticias\/wp-json\/wp\/v2\/categories?post=295348"},{"taxonomy":"post_tag","embeddable":true,"href":"https:\/\/jundiai.sp.gov.br\/noticias\/wp-json\/wp\/v2\/tags?post=295348"},{"taxonomy":"ods","embeddable":true,"href":"https:\/\/jundiai.sp.gov.br\/noticias\/wp-json\/wp\/v2\/ods?post=295348"}],"curies":[{"name":"wp","href":"https:\/\/api.w.org\/{rel}","templated":true}]}}