{"id":295437,"date":"2022-06-23T18:16:31","date_gmt":"2022-06-23T21:16:31","guid":{"rendered":"https:\/\/jundiai.sp.gov.br\/noticias\/?p=295437"},"modified":"2022-06-23T18:16:31","modified_gmt":"2022-06-23T21:16:31","slug":"avenida-navarro-de-andrade-sofre-3o-furto-de-fios-de-2022","status":"publish","type":"post","link":"https:\/\/jundiai.sp.gov.br\/noticias\/2022\/06\/23\/avenida-navarro-de-andrade-sofre-3o-furto-de-fios-de-2022\/","title":{"rendered":"Avenida Navarro de Andrade sofre 3\u00ba furto de fios de 2022"},"content":{"rendered":"\n<p>A Avenida Navarro de Andrade, no Parque Centen\u00e1rio, sofreu o 3\u00ba furto de fios de 2022 e encontra-se novamente apagada. A Guarda Municipal realiza rondas na regi\u00e3o para identificar suspeitos. Al\u00e9m disso, mais um boletim de ocorr\u00eancia foi registrado para que a Pol\u00edcia Civil realize a investiga\u00e7\u00e3o.<\/p>\n\n\n\n<p>A Companhia Piratininga de For\u00e7a e Luz (CPFL) foi acionada pela Prefeitura para que o reparo seja feito o quanto antes.<\/p>\n\n\n\n<figure class=\"wp-block-image size-full\"><img loading=\"lazy\" decoding=\"async\" width=\"1280\" height=\"904\" src=\"https:\/\/jundiai.sp.gov.br\/noticias\/wp-content\/uploads\/sites\/32\/2022\/06\/fio1.jpeg\" alt=\"\" class=\"wp-image-295440\" srcset=\"https:\/\/jundiai.sp.gov.br\/noticias\/wp-content\/uploads\/sites\/32\/2022\/06\/fio1.jpeg 1280w, https:\/\/jundiai.sp.gov.br\/noticias\/wp-content\/uploads\/sites\/32\/2022\/06\/fio1-300x212.jpeg 300w, https:\/\/jundiai.sp.gov.br\/noticias\/wp-content\/uploads\/sites\/32\/2022\/06\/fio1-768x542.jpeg 768w\" sizes=\"auto, (max-width: 1280px) 100vw, 1280px\" \/><\/figure>\n\n\n\n<p>Al\u00e9m do recente furto ocorrido em 22 de junho, a via sofreu com a a\u00e7\u00e3o de bandidos em janeiro e em mar\u00e7o e em uma delas, o transformador foi levado. Em ambos os casos, a CPFL fez a reposi\u00e7\u00e3o dos condutores dos bra\u00e7os de ilumina\u00e7\u00e3o p\u00fablica. Por conta dos registros, a GM ampliou as rondas na regi\u00e3o.<\/p>\n\n\n\n<p><strong>Assessoria de Imprensa<\/strong><\/p>\n","protected":false},"excerpt":{"rendered":"<p>A Avenida Navarro de Andrade, no Parque Centen\u00e1rio, sofreu o 3\u00ba furto de fios de 2022 e encontra-se novamente apagada. A Guarda Municipal realiza rondas na regi\u00e3o para identificar suspeitos. Al\u00e9m disso, mais um boletim de ocorr\u00eancia foi registrado para que a Pol\u00edcia Civil realize a investiga\u00e7\u00e3o. A Companhia Piratininga de For\u00e7a e Luz (CPFL) [&hellip;]<\/p>\n","protected":false},"author":39,"featured_media":295440,"comment_status":"closed","ping_status":"closed","sticky":false,"template":"","format":"standard","meta":{"footnotes":""},"categories":[2],"tags":[],"ods":[],"class_list":["post-295437","post","type-post","status-publish","format-standard","has-post-thumbnail","hentry","category-noticias"],"_links":{"self":[{"href":"https:\/\/jundiai.sp.gov.br\/noticias\/wp-json\/wp\/v2\/posts\/295437","targetHints":{"allow":["GET"]}}],"collection":[{"href":"https:\/\/jundiai.sp.gov.br\/noticias\/wp-json\/wp\/v2\/posts"}],"about":[{"href":"https:\/\/jundiai.sp.gov.br\/noticias\/wp-json\/wp\/v2\/types\/post"}],"author":[{"embeddable":true,"href":"https:\/\/jundiai.sp.gov.br\/noticias\/wp-json\/wp\/v2\/users\/39"}],"replies":[{"embeddable":true,"href":"https:\/\/jundiai.sp.gov.br\/noticias\/wp-json\/wp\/v2\/comments?post=295437"}],"version-history":[{"count":5,"href":"https:\/\/jundiai.sp.gov.br\/noticias\/wp-json\/wp\/v2\/posts\/295437\/revisions"}],"predecessor-version":[{"id":295444,"href":"https:\/\/jundiai.sp.gov.br\/noticias\/wp-json\/wp\/v2\/posts\/295437\/revisions\/295444"}],"wp:featuredmedia":[{"embeddable":true,"href":"https:\/\/jundiai.sp.gov.br\/noticias\/wp-json\/wp\/v2\/media\/295440"}],"wp:attachment":[{"href":"https:\/\/jundiai.sp.gov.br\/noticias\/wp-json\/wp\/v2\/media?parent=295437"}],"wp:term":[{"taxonomy":"category","embeddable":true,"href":"https:\/\/jundiai.sp.gov.br\/noticias\/wp-json\/wp\/v2\/categories?post=295437"},{"taxonomy":"post_tag","embeddable":true,"href":"https:\/\/jundiai.sp.gov.br\/noticias\/wp-json\/wp\/v2\/tags?post=295437"},{"taxonomy":"ods","embeddable":true,"href":"https:\/\/jundiai.sp.gov.br\/noticias\/wp-json\/wp\/v2\/ods?post=295437"}],"curies":[{"name":"wp","href":"https:\/\/api.w.org\/{rel}","templated":true}]}}