{"id":295506,"date":"2022-06-27T10:25:00","date_gmt":"2022-06-27T13:25:00","guid":{"rendered":"https:\/\/jundiai.sp.gov.br\/noticias\/?p=295506"},"modified":"2022-06-24T17:56:51","modified_gmt":"2022-06-24T20:56:51","slug":"canil-da-gmj-recebe-titulo-internacional-de-cao-acompanhante","status":"publish","type":"post","link":"https:\/\/jundiai.sp.gov.br\/noticias\/2022\/06\/27\/canil-da-gmj-recebe-titulo-internacional-de-cao-acompanhante\/","title":{"rendered":"Canil da GMJ recebe t\u00edtulo internacional de \u201cC\u00e3o Acompanhante\u201d"},"content":{"rendered":"\n<p>Cinco c\u00e3es que pertencem ao Canil da Guarda Municipal, refer\u00eancia em todo o Estado de S\u00e3o Paulo com seus c\u00e3es policiais farejadores, receberam mais um pr\u00eamio, dessa vez intitulado de \u201cC\u00e3o de Acompanhamento\u201d. A certifica\u00e7\u00e3o foi homologada pela Confedera\u00e7\u00e3o Brasileira de Cinofilia. O evento ocorreu na cidade de Ara\u00e7oiaba da Serra  e contou com diversos outros canis policiais. Os c\u00e3es Logan, Black, Hammer, Gold e Sadan tiveram qualifica\u00e7\u00f5es avaliadas como \u201cexcelentes\u201d.<\/p>\n\n\n\n<p>\u201cQuando aprovado, o c\u00e3o recebe o t\u00edtulo de &#8220;BH&#8221;, abrevia\u00e7\u00e3o de \u201cBegleiteHund\u201d, que significa \u201cC\u00e3o de Acompanhamento\u201d ou \u201cC\u00e3o Acompanhante\u201d . Trata-se de um t\u00edtulo internacional, reconhecido em todos os pa\u00edses pertencentes \u00e0 \u201dFCI \u2013 F\u00e9d\u00e9ration Cinologique Internationale\u201d, comenta o subinspetor e chefe de equipe do Canil da GM, Daniel da Silva.<\/p>\n\n\n\n<figure class=\"wp-block-image size-full\"><img loading=\"lazy\" decoding=\"async\" width=\"1280\" height=\"958\" src=\"https:\/\/jundiai.sp.gov.br\/noticias\/wp-content\/uploads\/sites\/32\/2022\/06\/gm-canil.jpeg\" alt=\"\" class=\"wp-image-295509\" srcset=\"https:\/\/jundiai.sp.gov.br\/noticias\/wp-content\/uploads\/sites\/32\/2022\/06\/gm-canil.jpeg 1280w, https:\/\/jundiai.sp.gov.br\/noticias\/wp-content\/uploads\/sites\/32\/2022\/06\/gm-canil-300x225.jpeg 300w, https:\/\/jundiai.sp.gov.br\/noticias\/wp-content\/uploads\/sites\/32\/2022\/06\/gm-canil-768x575.jpeg 768w\" sizes=\"auto, (max-width: 1280px) 100vw, 1280px\" \/><\/figure>\n\n\n\n<p>Daniel explica ainda que esta prova foi criada para avaliar o grau de socializa\u00e7\u00e3o e obedi\u00eancia b\u00e1sica de um c\u00e3o, visando seu conv\u00edvio com as pessoas, animais e situa\u00e7\u00f5es dos ambientes urbanos em que vivemos hoje. \u201cUm c\u00e3o aprovado no &#8220;BH&#8221; se mostra apto a conviver entre pessoas, outros c\u00e3es e situa\u00e7\u00f5es cotidianas de forma soci\u00e1vel e segura, sem causar problemas em locais p\u00fablicos&#8221;, detalha.<\/p>\n\n\n\n<p>A prova foi dividida em duas partes, o de obedi\u00eancia no campo e de obedi\u00eancia e comportamento no tr\u00e2nsito. Participaram das provas, os guardas Edwin, M. Silva, De Souza, J\u00falio C\u00e9sar e Gildomar, al\u00e9m do adestrador Mar\u00e7al Bonan\u00e7a e o subinspetor Daniel da Silva.<\/p>\n\n\n\n<p>Com cerca de 20 c\u00e3es treinados e saud\u00e1veis, o Canil da GM possui al\u00e9m de c\u00e3es farejadores de armas e drogas, c\u00e3o que faz o faro de pessoas desaparecidas e ainda c\u00e3es que realizam trabalhos sociais como visitas em hospitais e escolas.<\/p>\n\n\n\n<p><strong>Assessoria de Imprensa<br>Fotos: Fot\u00f3grafos PMJ<\/strong><\/p>\n","protected":false},"excerpt":{"rendered":"<p>Cinco c\u00e3es que pertencem ao Canil da Guarda Municipal, refer\u00eancia em todo o Estado de S\u00e3o Paulo com seus c\u00e3es policiais farejadores, receberam mais um pr\u00eamio, dessa vez intitulado de \u201cC\u00e3o de Acompanhamento\u201d. A certifica\u00e7\u00e3o foi homologada pela Confedera\u00e7\u00e3o Brasileira de Cinofilia. O evento ocorreu na cidade de Ara\u00e7oiaba da Serra e contou com diversos [&hellip;]<\/p>\n","protected":false},"author":39,"featured_media":295509,"comment_status":"closed","ping_status":"closed","sticky":false,"template":"","format":"standard","meta":{"footnotes":""},"categories":[2],"tags":[31],"ods":[],"class_list":["post-295506","post","type-post","status-publish","format-standard","has-post-thumbnail","hentry","category-noticias","tag-guarda-municipal"],"_links":{"self":[{"href":"https:\/\/jundiai.sp.gov.br\/noticias\/wp-json\/wp\/v2\/posts\/295506","targetHints":{"allow":["GET"]}}],"collection":[{"href":"https:\/\/jundiai.sp.gov.br\/noticias\/wp-json\/wp\/v2\/posts"}],"about":[{"href":"https:\/\/jundiai.sp.gov.br\/noticias\/wp-json\/wp\/v2\/types\/post"}],"author":[{"embeddable":true,"href":"https:\/\/jundiai.sp.gov.br\/noticias\/wp-json\/wp\/v2\/users\/39"}],"replies":[{"embeddable":true,"href":"https:\/\/jundiai.sp.gov.br\/noticias\/wp-json\/wp\/v2\/comments?post=295506"}],"version-history":[{"count":3,"href":"https:\/\/jundiai.sp.gov.br\/noticias\/wp-json\/wp\/v2\/posts\/295506\/revisions"}],"predecessor-version":[{"id":295510,"href":"https:\/\/jundiai.sp.gov.br\/noticias\/wp-json\/wp\/v2\/posts\/295506\/revisions\/295510"}],"wp:featuredmedia":[{"embeddable":true,"href":"https:\/\/jundiai.sp.gov.br\/noticias\/wp-json\/wp\/v2\/media\/295509"}],"wp:attachment":[{"href":"https:\/\/jundiai.sp.gov.br\/noticias\/wp-json\/wp\/v2\/media?parent=295506"}],"wp:term":[{"taxonomy":"category","embeddable":true,"href":"https:\/\/jundiai.sp.gov.br\/noticias\/wp-json\/wp\/v2\/categories?post=295506"},{"taxonomy":"post_tag","embeddable":true,"href":"https:\/\/jundiai.sp.gov.br\/noticias\/wp-json\/wp\/v2\/tags?post=295506"},{"taxonomy":"ods","embeddable":true,"href":"https:\/\/jundiai.sp.gov.br\/noticias\/wp-json\/wp\/v2\/ods?post=295506"}],"curies":[{"name":"wp","href":"https:\/\/api.w.org\/{rel}","templated":true}]}}