{"id":295615,"date":"2022-06-25T15:03:25","date_gmt":"2022-06-25T18:03:25","guid":{"rendered":"https:\/\/jundiai.sp.gov.br\/noticias\/?p=295615"},"modified":"2023-06-06T09:22:12","modified_gmt":"2023-06-06T12:22:12","slug":"6o-festeju-leva-experiencia-sensorial-ao-centro","status":"publish","type":"post","link":"https:\/\/jundiai.sp.gov.br\/noticias\/2022\/06\/25\/6o-festeju-leva-experiencia-sensorial-ao-centro\/","title":{"rendered":"6\u00ba Festeju leva experi\u00eancia sensorial ao Centro"},"content":{"rendered":"\n<p>A Cia PlastikOnirica levou, neste s\u00e1bado (25), ao Centro de Jundia\u00ed, dentro da programa\u00e7\u00e3o do 6\u00ba Festeju, uma experi\u00eancia sensorial e imersiva. Quem passou pelo coreto, na Pra\u00e7a Floriano Peixoto, se deparou com os artistas e p\u00f4de participar.<\/p>\n\n\n\n<p>\u201cAchei interessante e diferente. N\u00e3o esperava encontrar isso no Centro\u201d, comentou moradora de V\u00e1rzea Paulista, Neia Santos. Assim como ela, Luz de Los Angeles gostou. \u201cAchei tudo muito bonito. N\u00e3o frequento muito o Centro e hoje tive essa agrad\u00e1vel surpresa.\u201d<\/p>\n\n\n\n<p>O Festeju ser\u00e1 encerrado neste domingo (26), no Teatro Polytheama, com o espet\u00e1culo Felizardo. Os ingressos s\u00e3o gratuitos. Saiba mais em: <a href=\"https:\/\/cultura.jundiai.sp.gov.br\/festeju\/\">https:\/\/cultura.jundiai.sp.gov.br\/festeju\/<\/a><\/p>\n\n\n\n<figure class=\"wp-block-gallery has-nested-images columns-default is-cropped wp-block-gallery-1 is-layout-flex wp-block-gallery-is-layout-flex\">\n<figure class=\"wp-block-image size-large\"><img loading=\"lazy\" decoding=\"async\" width=\"1280\" height=\"853\" data-id=\"295617\" src=\"https:\/\/jundiai.sp.gov.br\/noticias\/wp-content\/uploads\/sites\/32\/2022\/06\/6-festeju-cena-profissional-espetaculo-entre-na-praca-marechal-floriano-peixoto_fm_-16.jpg\" alt=\"\" class=\"wp-image-295617\" srcset=\"https:\/\/jundiai.sp.gov.br\/noticias\/wp-content\/uploads\/sites\/32\/2022\/06\/6-festeju-cena-profissional-espetaculo-entre-na-praca-marechal-floriano-peixoto_fm_-16.jpg 1280w, https:\/\/jundiai.sp.gov.br\/noticias\/wp-content\/uploads\/sites\/32\/2022\/06\/6-festeju-cena-profissional-espetaculo-entre-na-praca-marechal-floriano-peixoto_fm_-16-300x200.jpg 300w, https:\/\/jundiai.sp.gov.br\/noticias\/wp-content\/uploads\/sites\/32\/2022\/06\/6-festeju-cena-profissional-espetaculo-entre-na-praca-marechal-floriano-peixoto_fm_-16-768x512.jpg 768w, https:\/\/jundiai.sp.gov.br\/noticias\/wp-content\/uploads\/sites\/32\/2022\/06\/6-festeju-cena-profissional-espetaculo-entre-na-praca-marechal-floriano-peixoto_fm_-16-450x300.jpg 450w\" sizes=\"auto, (max-width: 1280px) 100vw, 1280px\" \/><figcaption class=\"wp-element-caption\">Luz gostou da experi\u00eancia <\/figcaption><\/figure>\n\n\n\n<figure class=\"wp-block-image size-large\"><img loading=\"lazy\" decoding=\"async\" width=\"1280\" height=\"853\" data-id=\"295616\" src=\"https:\/\/jundiai.sp.gov.br\/noticias\/wp-content\/uploads\/sites\/32\/2022\/06\/6-festeju-cena-profissional-espetaculo-entre-na-praca-marechal-floriano-peixoto_fm_-10.jpg\" alt=\"\" class=\"wp-image-295616\" srcset=\"https:\/\/jundiai.sp.gov.br\/noticias\/wp-content\/uploads\/sites\/32\/2022\/06\/6-festeju-cena-profissional-espetaculo-entre-na-praca-marechal-floriano-peixoto_fm_-10.jpg 1280w, https:\/\/jundiai.sp.gov.br\/noticias\/wp-content\/uploads\/sites\/32\/2022\/06\/6-festeju-cena-profissional-espetaculo-entre-na-praca-marechal-floriano-peixoto_fm_-10-300x200.jpg 300w, https:\/\/jundiai.sp.gov.br\/noticias\/wp-content\/uploads\/sites\/32\/2022\/06\/6-festeju-cena-profissional-espetaculo-entre-na-praca-marechal-floriano-peixoto_fm_-10-768x512.jpg 768w, https:\/\/jundiai.sp.gov.br\/noticias\/wp-content\/uploads\/sites\/32\/2022\/06\/6-festeju-cena-profissional-espetaculo-entre-na-praca-marechal-floriano-peixoto_fm_-10-450x300.jpg 450w\" sizes=\"auto, (max-width: 1280px) 100vw, 1280px\" \/><figcaption class=\"wp-element-caption\">A\u00e7\u00e3o foi realizada no Centro <\/figcaption><\/figure>\n<\/figure>\n","protected":false},"excerpt":{"rendered":"<p>A Cia PlastikOnirica levou, neste s\u00e1bado (25), ao Centro de Jundia\u00ed, dentro da programa\u00e7\u00e3o do 6\u00ba Festeju, uma experi\u00eancia sensorial e imersiva. Quem passou pelo coreto, na Pra\u00e7a Floriano Peixoto, se deparou com os artistas e p\u00f4de participar. \u201cAchei interessante e diferente. N\u00e3o esperava encontrar isso no Centro\u201d, comentou moradora de V\u00e1rzea Paulista, Neia Santos. [&hellip;]<\/p>\n","protected":false},"author":80,"featured_media":0,"comment_status":"closed","ping_status":"closed","sticky":false,"template":"","format":"standard","meta":{"footnotes":""},"categories":[2],"tags":[29,1077],"ods":[],"class_list":["post-295615","post","type-post","status-publish","format-standard","hentry","category-noticias","tag-cultura","tag-festival-de-teatro-de-jundiai-festeju"],"_links":{"self":[{"href":"https:\/\/jundiai.sp.gov.br\/noticias\/wp-json\/wp\/v2\/posts\/295615","targetHints":{"allow":["GET"]}}],"collection":[{"href":"https:\/\/jundiai.sp.gov.br\/noticias\/wp-json\/wp\/v2\/posts"}],"about":[{"href":"https:\/\/jundiai.sp.gov.br\/noticias\/wp-json\/wp\/v2\/types\/post"}],"author":[{"embeddable":true,"href":"https:\/\/jundiai.sp.gov.br\/noticias\/wp-json\/wp\/v2\/users\/80"}],"replies":[{"embeddable":true,"href":"https:\/\/jundiai.sp.gov.br\/noticias\/wp-json\/wp\/v2\/comments?post=295615"}],"version-history":[{"count":2,"href":"https:\/\/jundiai.sp.gov.br\/noticias\/wp-json\/wp\/v2\/posts\/295615\/revisions"}],"predecessor-version":[{"id":319124,"href":"https:\/\/jundiai.sp.gov.br\/noticias\/wp-json\/wp\/v2\/posts\/295615\/revisions\/319124"}],"wp:attachment":[{"href":"https:\/\/jundiai.sp.gov.br\/noticias\/wp-json\/wp\/v2\/media?parent=295615"}],"wp:term":[{"taxonomy":"category","embeddable":true,"href":"https:\/\/jundiai.sp.gov.br\/noticias\/wp-json\/wp\/v2\/categories?post=295615"},{"taxonomy":"post_tag","embeddable":true,"href":"https:\/\/jundiai.sp.gov.br\/noticias\/wp-json\/wp\/v2\/tags?post=295615"},{"taxonomy":"ods","embeddable":true,"href":"https:\/\/jundiai.sp.gov.br\/noticias\/wp-json\/wp\/v2\/ods?post=295615"}],"curies":[{"name":"wp","href":"https:\/\/api.w.org\/{rel}","templated":true}]}}