{"id":295664,"date":"2022-06-28T08:41:20","date_gmt":"2022-06-28T11:41:20","guid":{"rendered":"https:\/\/jundiai.sp.gov.br\/noticias\/?p=295664"},"modified":"2022-06-28T12:26:31","modified_gmt":"2022-06-28T15:26:31","slug":"musica-historias-chega-a-decima-edicao-com-tributo-a-raul-seixas","status":"publish","type":"post","link":"https:\/\/jundiai.sp.gov.br\/noticias\/2022\/06\/28\/musica-historias-chega-a-decima-edicao-com-tributo-a-raul-seixas\/","title":{"rendered":"M\u00fasica &#038; Hist\u00f3rias chega a d\u00e9cima edi\u00e7\u00e3o com Tributo a Raul Seixas"},"content":{"rendered":"\n<p>\u201cToca Raul!\u201d Esse \u00e9 um pedido sempre presente em apresenta\u00e7\u00f5es musicais de bandas e m\u00fasicos &#8211; profissionais ou amadores \u2013 que tragam can\u00e7\u00f5es do pop rock brasileiro. Afinal, nenhum repert\u00f3rio est\u00e1 completo se n\u00e3o houver um dos muitos sucessos de Raul Seixas, considerado o &#8220;pai do rock nacional&#8221;, o eterno \u201cMaluco Beleza\u201d.<\/p>\n\n\n\n<figure class=\"wp-block-image size-full\"><img loading=\"lazy\" decoding=\"async\" width=\"700\" height=\"466\" src=\"https:\/\/jundiai.sp.gov.br\/noticias\/wp-content\/uploads\/sites\/32\/2022\/06\/raulseixas.jpg\" alt=\"\" class=\"wp-image-295666\" srcset=\"https:\/\/jundiai.sp.gov.br\/noticias\/wp-content\/uploads\/sites\/32\/2022\/06\/raulseixas.jpg 700w, https:\/\/jundiai.sp.gov.br\/noticias\/wp-content\/uploads\/sites\/32\/2022\/06\/raulseixas-300x200.jpg 300w, https:\/\/jundiai.sp.gov.br\/noticias\/wp-content\/uploads\/sites\/32\/2022\/06\/raulseixas-450x300.jpg 450w\" sizes=\"auto, (max-width: 700px) 100vw, 700px\" \/><figcaption>A vida e a obra do &#8220;Maluco Beleza&#8221;, no palco do Polytheama, dia 30<\/figcaption><\/figure>\n\n\n\n<p>E nesta quinta-feira (30), a partir das 19h30, o p\u00fablico que comparecer ao Teatro Polytheama n\u00e3o precisar\u00e1 nem pedir, pois no palco s\u00f3 sucessos de Raul, com os m\u00fasicos Daniel Tavares (voz), Andr\u00e9 Vicente (viol\u00e3o), Vinicius Cardoso (guitarra), Cah\u00ea Boldrini (contrabaixo), Z\u00e9 Pallermo (teclados) e Luciano Bueno (bateria) e sua vida, contada pelo ator, Jos\u00e9 Renato Forner, no show \u201cTributo a Raul Seixas\u201d, marcando a d\u00e9cima edi\u00e7\u00e3o do Projeto \u201cM\u00fasica &amp; Hist\u00f3rias\u201d, uma realiza\u00e7\u00e3o da <a rel=\"noreferrer noopener\" href=\"https:\/\/cultura.jundiai.sp.gov.br\/\" target=\"_blank\">Unidade de Gest\u00e3o de Cultura (UGC).<\/a><\/p>\n\n\n\n<figure class=\"wp-block-image size-full\"><img loading=\"lazy\" decoding=\"async\" width=\"851\" height=\"566\" src=\"https:\/\/jundiai.sp.gov.br\/noticias\/wp-content\/uploads\/sites\/32\/2022\/06\/jose-renato-forner-ator.jpg\" alt=\"\" class=\"wp-image-295673\" srcset=\"https:\/\/jundiai.sp.gov.br\/noticias\/wp-content\/uploads\/sites\/32\/2022\/06\/jose-renato-forner-ator.jpg 851w, https:\/\/jundiai.sp.gov.br\/noticias\/wp-content\/uploads\/sites\/32\/2022\/06\/jose-renato-forner-ator-300x200.jpg 300w, https:\/\/jundiai.sp.gov.br\/noticias\/wp-content\/uploads\/sites\/32\/2022\/06\/jose-renato-forner-ator-768x511.jpg 768w, https:\/\/jundiai.sp.gov.br\/noticias\/wp-content\/uploads\/sites\/32\/2022\/06\/jose-renato-forner-ator-450x300.jpg 450w\" sizes=\"auto, (max-width: 851px) 100vw, 851px\" \/><figcaption>O ator e diretor Jos\u00e9 Renato Forner apresentar\u00e1 a vida de Raul<\/figcaption><\/figure>\n\n\n\n<p>No show, os sucessos como \u201cSociedade Alternativa\u201d, \u201cMaluco Beleza\u201d, \u201cGita\u201d, \u201cCowboy Fora da Lei\u201d, \u201cMedo da Chuva\u201d, e muito mais, comp\u00f5em o repert\u00f3rio da apresenta\u00e7\u00e3o que tem dura\u00e7\u00e3o de uma hora e meia, classifica\u00e7\u00e3o et\u00e1ria livre e entrada gratuita, com os ingressos (dois por pessoa) sendo liberados na bilheteria do <a rel=\"noreferrer noopener\" href=\"https:\/\/cultura.jundiai.sp.gov.br\/espacos-culturais\/teatropolytheama\/\" target=\"_blank\">Teatro Polytheama<\/a> (rua Bar\u00e3o de Jundia\u00ed, 176, Centro), a partir das 10h30 desta ter\u00e7a-feira (28), ou pela internet na <a rel=\"noreferrer noopener\" href=\"https:\/\/www.sympla.com.br\/\" target=\"_blank\">plataforma Sympla.<\/a><\/p>\n\n\n\n<figure class=\"wp-block-gallery has-nested-images columns-default is-cropped wp-block-gallery-1 is-layout-flex wp-block-gallery-is-layout-flex\">\n<figure class=\"wp-block-image size-large\"><img loading=\"lazy\" decoding=\"async\" width=\"720\" height=\"900\" data-id=\"295672\" src=\"https:\/\/jundiai.sp.gov.br\/noticias\/wp-content\/uploads\/sites\/32\/2022\/06\/vinicius-cardoso-guitarra.jpg\" alt=\"\" class=\"wp-image-295672\" srcset=\"https:\/\/jundiai.sp.gov.br\/noticias\/wp-content\/uploads\/sites\/32\/2022\/06\/vinicius-cardoso-guitarra.jpg 720w, https:\/\/jundiai.sp.gov.br\/noticias\/wp-content\/uploads\/sites\/32\/2022\/06\/vinicius-cardoso-guitarra-300x375.jpg 300w\" sizes=\"auto, (max-width: 720px) 100vw, 720px\" \/><figcaption>Vinicius Cardoso<\/figcaption><\/figure>\n\n\n\n<figure class=\"wp-block-image size-large\"><img loading=\"lazy\" decoding=\"async\" width=\"720\" height=\"702\" data-id=\"295667\" src=\"https:\/\/jundiai.sp.gov.br\/noticias\/wp-content\/uploads\/sites\/32\/2022\/06\/andre-vicente-violao.jpg\" alt=\"\" class=\"wp-image-295667\" srcset=\"https:\/\/jundiai.sp.gov.br\/noticias\/wp-content\/uploads\/sites\/32\/2022\/06\/andre-vicente-violao.jpg 720w, https:\/\/jundiai.sp.gov.br\/noticias\/wp-content\/uploads\/sites\/32\/2022\/06\/andre-vicente-violao-300x293.jpg 300w\" sizes=\"auto, (max-width: 720px) 100vw, 720px\" \/><figcaption>Andr\u00e9 Vicente<\/figcaption><\/figure>\n\n\n\n<figure class=\"wp-block-image size-large\"><img loading=\"lazy\" decoding=\"async\" width=\"641\" height=\"960\" data-id=\"295669\" src=\"https:\/\/jundiai.sp.gov.br\/noticias\/wp-content\/uploads\/sites\/32\/2022\/06\/cahe-boldrini-contrabaixo-641x960.jpg\" alt=\"\" class=\"wp-image-295669\" srcset=\"https:\/\/jundiai.sp.gov.br\/noticias\/wp-content\/uploads\/sites\/32\/2022\/06\/cahe-boldrini-contrabaixo-641x960.jpg 641w, https:\/\/jundiai.sp.gov.br\/noticias\/wp-content\/uploads\/sites\/32\/2022\/06\/cahe-boldrini-contrabaixo-300x449.jpg 300w, https:\/\/jundiai.sp.gov.br\/noticias\/wp-content\/uploads\/sites\/32\/2022\/06\/cahe-boldrini-contrabaixo-768x1151.jpg 768w, https:\/\/jundiai.sp.gov.br\/noticias\/wp-content\/uploads\/sites\/32\/2022\/06\/cahe-boldrini-contrabaixo-1025x1536.jpg 1025w, https:\/\/jundiai.sp.gov.br\/noticias\/wp-content\/uploads\/sites\/32\/2022\/06\/cahe-boldrini-contrabaixo.jpg 1068w\" sizes=\"auto, (max-width: 641px) 100vw, 641px\" \/><figcaption>Cah\u00ea Boldrini<\/figcaption><\/figure>\n\n\n\n<figure class=\"wp-block-image size-large\"><img loading=\"lazy\" decoding=\"async\" width=\"720\" height=\"478\" data-id=\"295668\" src=\"https:\/\/jundiai.sp.gov.br\/noticias\/wp-content\/uploads\/sites\/32\/2022\/06\/daniel-tavares-voz.jpg\" alt=\"\" class=\"wp-image-295668\" srcset=\"https:\/\/jundiai.sp.gov.br\/noticias\/wp-content\/uploads\/sites\/32\/2022\/06\/daniel-tavares-voz.jpg 720w, https:\/\/jundiai.sp.gov.br\/noticias\/wp-content\/uploads\/sites\/32\/2022\/06\/daniel-tavares-voz-300x199.jpg 300w, https:\/\/jundiai.sp.gov.br\/noticias\/wp-content\/uploads\/sites\/32\/2022\/06\/daniel-tavares-voz-450x300.jpg 450w\" sizes=\"auto, (max-width: 720px) 100vw, 720px\" \/><figcaption>Daniel Tavares <\/figcaption><\/figure>\n\n\n\n<figure class=\"wp-block-image size-large\"><img loading=\"lazy\" decoding=\"async\" width=\"555\" height=\"352\" data-id=\"295671\" src=\"https:\/\/jundiai.sp.gov.br\/noticias\/wp-content\/uploads\/sites\/32\/2022\/06\/jose-paulo-ferreira-pallermo-violao-guitarra-e-voz.jpg\" alt=\"\" class=\"wp-image-295671\" srcset=\"https:\/\/jundiai.sp.gov.br\/noticias\/wp-content\/uploads\/sites\/32\/2022\/06\/jose-paulo-ferreira-pallermo-violao-guitarra-e-voz.jpg 555w, https:\/\/jundiai.sp.gov.br\/noticias\/wp-content\/uploads\/sites\/32\/2022\/06\/jose-paulo-ferreira-pallermo-violao-guitarra-e-voz-300x190.jpg 300w\" sizes=\"auto, (max-width: 555px) 100vw, 555px\" \/><figcaption>Z\u00e9 Pallermo<\/figcaption><\/figure>\n\n\n\n<figure class=\"wp-block-image size-large\"><img loading=\"lazy\" decoding=\"async\" width=\"646\" height=\"645\" data-id=\"295670\" src=\"https:\/\/jundiai.sp.gov.br\/noticias\/wp-content\/uploads\/sites\/32\/2022\/06\/luciano-bueno-bateria.jpg\" alt=\"\" class=\"wp-image-295670\" srcset=\"https:\/\/jundiai.sp.gov.br\/noticias\/wp-content\/uploads\/sites\/32\/2022\/06\/luciano-bueno-bateria.jpg 646w, https:\/\/jundiai.sp.gov.br\/noticias\/wp-content\/uploads\/sites\/32\/2022\/06\/luciano-bueno-bateria-300x300.jpg 300w, https:\/\/jundiai.sp.gov.br\/noticias\/wp-content\/uploads\/sites\/32\/2022\/06\/luciano-bueno-bateria-100x100.jpg 100w\" sizes=\"auto, (max-width: 646px) 100vw, 646px\" \/><figcaption>Luciano Bueno<\/figcaption><\/figure>\n<\/figure>\n\n\n\n<p><strong>M\u00fasica &amp; Hist\u00f3rias<\/strong><br>A\u00e7\u00e3o lan\u00e7ada em 2021 pela Unidade de Gest\u00e3o de Cultura, quando da reabertura gradativa dos espa\u00e7os culturais na pandemia, vem ganhando a cada realiza\u00e7\u00e3o um p\u00fablico cada vez maior e bem diversificado, alcan\u00e7ando o objetivo da UGC que \u00e9 o de aproximar o p\u00fablico dos artistas da cidade e regi\u00e3o, ao mesmo tempo em que os artistas participantes podem divulgar o trabalho que realizam.<\/p>\n\n\n\n<p>Para o gestor de Cultura, Marcelo Peroni, a ideia do \u201cM\u00fasica &amp; Hist\u00f3rias\u201d \u00e9 abrir espa\u00e7o para que m\u00fasicos, atores e bailarinos da cidade possam mostrar ao p\u00fablico a sua arte, e ao mesmo tempo mostrar o vasto universo que existe no cen\u00e1rio musical brasileiro.<\/p>\n\n\n\n<p>\u201cMensalmente o p\u00fablico tem a oportunidade de assistir a um show em que m\u00fasicos, atores e bailarinos interagem e apresentam um tema. Assim j\u00e1 tivemos destacados o Samba Paulista, Black Soul, Clube da Esquina, M\u00fasica Regional, M\u00fasica dos Festivais, Cantando como Crian\u00e7a, Rita Hits, um show que destacou a obra e a vida de Rita Lee, a Viola Caipira e a sua import\u00e2ncia cultural na nossa m\u00fasica, Ary Barroso e suas composi\u00e7\u00f5es, verdadeiros hinos da MPB e agora Tributo a Raul\u201d, finalizou Peroni.<\/p>\n\n\n\n<p><strong>Assessoria de Imprensa<\/strong><br><strong>Fotos: Divulga\u00e7\u00e3o<\/strong><\/p>\n","protected":false},"excerpt":{"rendered":"<p>\u201cToca Raul!\u201d Esse \u00e9 um pedido sempre presente em apresenta\u00e7\u00f5es musicais de bandas e m\u00fasicos &#8211; profissionais ou amadores \u2013 que tragam can\u00e7\u00f5es do pop rock brasileiro. Afinal, nenhum repert\u00f3rio est\u00e1 completo se n\u00e3o houver um dos muitos sucessos de Raul Seixas, considerado o &#8220;pai do rock nacional&#8221;, o eterno \u201cMaluco Beleza\u201d. E nesta quinta-feira [&hellip;]<\/p>\n","protected":false},"author":83,"featured_media":295666,"comment_status":"closed","ping_status":"closed","sticky":false,"template":"","format":"standard","meta":{"footnotes":""},"categories":[2],"tags":[29,399,2276,3165,400],"ods":[],"class_list":["post-295664","post","type-post","status-publish","format-standard","has-post-thumbnail","hentry","category-noticias","tag-cultura","tag-musica","tag-musica-historias","tag-polytheama","tag-teatro"],"_links":{"self":[{"href":"https:\/\/jundiai.sp.gov.br\/noticias\/wp-json\/wp\/v2\/posts\/295664","targetHints":{"allow":["GET"]}}],"collection":[{"href":"https:\/\/jundiai.sp.gov.br\/noticias\/wp-json\/wp\/v2\/posts"}],"about":[{"href":"https:\/\/jundiai.sp.gov.br\/noticias\/wp-json\/wp\/v2\/types\/post"}],"author":[{"embeddable":true,"href":"https:\/\/jundiai.sp.gov.br\/noticias\/wp-json\/wp\/v2\/users\/83"}],"replies":[{"embeddable":true,"href":"https:\/\/jundiai.sp.gov.br\/noticias\/wp-json\/wp\/v2\/comments?post=295664"}],"version-history":[{"count":4,"href":"https:\/\/jundiai.sp.gov.br\/noticias\/wp-json\/wp\/v2\/posts\/295664\/revisions"}],"predecessor-version":[{"id":295747,"href":"https:\/\/jundiai.sp.gov.br\/noticias\/wp-json\/wp\/v2\/posts\/295664\/revisions\/295747"}],"wp:featuredmedia":[{"embeddable":true,"href":"https:\/\/jundiai.sp.gov.br\/noticias\/wp-json\/wp\/v2\/media\/295666"}],"wp:attachment":[{"href":"https:\/\/jundiai.sp.gov.br\/noticias\/wp-json\/wp\/v2\/media?parent=295664"}],"wp:term":[{"taxonomy":"category","embeddable":true,"href":"https:\/\/jundiai.sp.gov.br\/noticias\/wp-json\/wp\/v2\/categories?post=295664"},{"taxonomy":"post_tag","embeddable":true,"href":"https:\/\/jundiai.sp.gov.br\/noticias\/wp-json\/wp\/v2\/tags?post=295664"},{"taxonomy":"ods","embeddable":true,"href":"https:\/\/jundiai.sp.gov.br\/noticias\/wp-json\/wp\/v2\/ods?post=295664"}],"curies":[{"name":"wp","href":"https:\/\/api.w.org\/{rel}","templated":true}]}}