{"id":295912,"date":"2022-06-30T17:31:53","date_gmt":"2022-06-30T20:31:53","guid":{"rendered":"https:\/\/jundiai.sp.gov.br\/noticias\/?p=295912"},"modified":"2022-06-30T17:31:53","modified_gmt":"2022-06-30T20:31:53","slug":"linha-702-do-mato-dentro-recebera-mais-onibus-e-novos-horarios","status":"publish","type":"post","link":"https:\/\/jundiai.sp.gov.br\/noticias\/2022\/06\/30\/linha-702-do-mato-dentro-recebera-mais-onibus-e-novos-horarios\/","title":{"rendered":"Linha 702 do Mato Dentro receber\u00e1 mais \u00f4nibus e novos hor\u00e1rios"},"content":{"rendered":"\n<p>A partir da pr\u00f3xima segunda-feira (4), haver\u00e1 refor\u00e7o no n\u00famero de ve\u00edculos que atendem a linha 702 &#8211; Mato Dentro\/Terminal Vila Arens, de segunda a s\u00e1bado.<\/p>\n\n\n\n<p>Com isso, haver\u00e1 uma diminui\u00e7\u00e3o consider\u00e1vel dos intervalos entre um \u00f4nibus e outro para a realiza\u00e7\u00e3o deste percurso. As altera\u00e7\u00f5es atendem a uma demanda solicitada pela pr\u00f3pria popula\u00e7\u00e3o que utiliza esta linha frequentemente.<\/p>\n\n\n\n<p>Confira os novos intervalos entre viagens:<\/p>\n\n\n\n<p>Redu\u00e7\u00e3o de cerca de 25% nos intervalos entre as viagens no hor\u00e1rio de pico da manh\u00e3.<\/p>\n\n\n\n<p>Redu\u00e7\u00e3o de cerca de 33% nos intervalos entre as viagens no hor\u00e1rio de pico da tarde.<\/p>\n\n\n\n<p>Redu\u00e7\u00e3o de cerca de 50% nos intervalos entre as viagens aos s\u00e1bados no hor\u00e1rio comercial, das 6h \u00e0s 14h<\/p>\n\n\n\n<p>Demais altera\u00e7\u00f5es:<\/p>\n\n\n\n<p>Tamb\u00e9m ir\u00e1 acontecer a retomada do atendimento \u00e0 Avenida Luiz Fontebasso (Loteamento Recanto Florestal\/Clube da Esportiva) em seis hor\u00e1rios di\u00e1rios. <\/p>\n\n\n\n<p>Como resultado, haver\u00e1 o acr\u00e9scimo de cinco partidas por sentido de segunda a sexta-feira e seis partidas aos s\u00e1bados.<\/p>\n\n\n\n<figure class=\"wp-block-image size-full\"><img loading=\"lazy\" decoding=\"async\" width=\"1280\" height=\"854\" src=\"https:\/\/jundiai.sp.gov.br\/noticias\/wp-content\/uploads\/sites\/32\/2021\/03\/onibus-2.jpg\" alt=\"Foto de um \u00f4nibus jundiaiense de linha, amarelo \" class=\"wp-image-265107\" srcset=\"https:\/\/jundiai.sp.gov.br\/noticias\/wp-content\/uploads\/sites\/32\/2021\/03\/onibus-2.jpg 1280w, https:\/\/jundiai.sp.gov.br\/noticias\/wp-content\/uploads\/sites\/32\/2021\/03\/onibus-2-300x200.jpg 300w, https:\/\/jundiai.sp.gov.br\/noticias\/wp-content\/uploads\/sites\/32\/2021\/03\/onibus-2-768x512.jpg 768w, https:\/\/jundiai.sp.gov.br\/noticias\/wp-content\/uploads\/sites\/32\/2021\/03\/onibus-2-450x300.jpg 450w\" sizes=\"auto, (max-width: 1280px) 100vw, 1280px\" \/><figcaption>Novo \u00f4nibus ser\u00e1 que adicionado \u00e0 linha Mato Dentro\/Vila Arens <\/figcaption><\/figure>\n","protected":false},"excerpt":{"rendered":"<p>A partir da pr\u00f3xima segunda-feira (4), haver\u00e1 refor\u00e7o no n\u00famero de ve\u00edculos que atendem a linha 702 &#8211; Mato Dentro\/Terminal Vila Arens, de segunda a s\u00e1bado. Com isso, haver\u00e1 uma diminui\u00e7\u00e3o consider\u00e1vel dos intervalos entre um \u00f4nibus e outro para a realiza\u00e7\u00e3o deste percurso. As altera\u00e7\u00f5es atendem a uma demanda solicitada pela pr\u00f3pria popula\u00e7\u00e3o que [&hellip;]<\/p>\n","protected":false},"author":79,"featured_media":279138,"comment_status":"closed","ping_status":"closed","sticky":false,"template":"","format":"standard","meta":{"footnotes":""},"categories":[2],"tags":[982,1198,2493,1199],"ods":[],"class_list":["post-295912","post","type-post","status-publish","format-standard","has-post-thumbnail","hentry","category-noticias","tag-mobilidade-e-transporte","tag-onibus","tag-terminal","tag-transporte"],"_links":{"self":[{"href":"https:\/\/jundiai.sp.gov.br\/noticias\/wp-json\/wp\/v2\/posts\/295912","targetHints":{"allow":["GET"]}}],"collection":[{"href":"https:\/\/jundiai.sp.gov.br\/noticias\/wp-json\/wp\/v2\/posts"}],"about":[{"href":"https:\/\/jundiai.sp.gov.br\/noticias\/wp-json\/wp\/v2\/types\/post"}],"author":[{"embeddable":true,"href":"https:\/\/jundiai.sp.gov.br\/noticias\/wp-json\/wp\/v2\/users\/79"}],"replies":[{"embeddable":true,"href":"https:\/\/jundiai.sp.gov.br\/noticias\/wp-json\/wp\/v2\/comments?post=295912"}],"version-history":[{"count":5,"href":"https:\/\/jundiai.sp.gov.br\/noticias\/wp-json\/wp\/v2\/posts\/295912\/revisions"}],"predecessor-version":[{"id":295968,"href":"https:\/\/jundiai.sp.gov.br\/noticias\/wp-json\/wp\/v2\/posts\/295912\/revisions\/295968"}],"wp:featuredmedia":[{"embeddable":true,"href":"https:\/\/jundiai.sp.gov.br\/noticias\/wp-json\/wp\/v2\/media\/279138"}],"wp:attachment":[{"href":"https:\/\/jundiai.sp.gov.br\/noticias\/wp-json\/wp\/v2\/media?parent=295912"}],"wp:term":[{"taxonomy":"category","embeddable":true,"href":"https:\/\/jundiai.sp.gov.br\/noticias\/wp-json\/wp\/v2\/categories?post=295912"},{"taxonomy":"post_tag","embeddable":true,"href":"https:\/\/jundiai.sp.gov.br\/noticias\/wp-json\/wp\/v2\/tags?post=295912"},{"taxonomy":"ods","embeddable":true,"href":"https:\/\/jundiai.sp.gov.br\/noticias\/wp-json\/wp\/v2\/ods?post=295912"}],"curies":[{"name":"wp","href":"https:\/\/api.w.org\/{rel}","templated":true}]}}