{"id":296022,"date":"2022-07-02T07:00:00","date_gmt":"2022-07-02T10:00:00","guid":{"rendered":"https:\/\/jundiai.sp.gov.br\/noticias\/?p=296022"},"modified":"2022-07-04T13:35:11","modified_gmt":"2022-07-04T16:35:11","slug":"caminhos-sustentaveis-inicia-segunda-fase-com-pavimento-ecologico-em-vias-rurais","status":"publish","type":"post","link":"https:\/\/jundiai.sp.gov.br\/noticias\/2022\/07\/02\/caminhos-sustentaveis-inicia-segunda-fase-com-pavimento-ecologico-em-vias-rurais\/","title":{"rendered":"Caminhos Sustent\u00e1veis inicia segunda fase com pavimento ecol\u00f3gico em vias rurais"},"content":{"rendered":"\n<p>Iniciado em 2019, o Programa Caminhos Sustent\u00e1veis entrou em sua segunda fase, com a pavimenta\u00e7\u00e3o de 11 km de vias rurais das regi\u00f5es Norte, Oeste e Leste de Jundia\u00ed. Realizado a partir de conv\u00eanio com o Governo do Estado de S\u00e3o Paulo \u2013 que destinou R$ 5 milh\u00f5es para as vias -, a Prefeitura de Jundia\u00ed a partir da Unidade de Gest\u00e3o de Infraestrutura e Servi\u00e7os P\u00fablicos (UGISP), investe mais R$ 7 milh\u00f5es para o asfaltamento das vias que s\u00e3o canais para o escoamento da produ\u00e7\u00e3o rural. As obras j\u00e1 foram iniciadas.<\/p>\n\n\n\n<p>\u201cMelhorar as vias rurais a partir do asfalto, proporciona in\u00fameros ganhos, seja para o agricultor, com a facilidade no escoamento da produ\u00e7\u00e3o, seja para o transporte p\u00fablico, com servi\u00e7o mais confort\u00e1vel para o usu\u00e1rio e para a popula\u00e7\u00e3o que mora no bairro, com mais qualidade ambiental. Essa \u00e9 a primeira etapa da segunda fase do programa\u201d, comenta o prefeito Luiz Fernando Machado.<\/p>\n\n\n\n<p>O Caminhos Sustent\u00e1veis \u00e9 uma das fases do programa Mais Asfalto, destinado \u00e0s melhorias das condi\u00e7\u00f5es das vias de tr\u00e1fego nas estradas rurais de Jundia\u00ed. Nesta etapa, ser\u00e3o contemplados os bairros Corrupira (Avenidas Luiz Pereira dos Santos e Nilo Tracci), Fernandes (Avenida Isabel Campos Nilson), Rio das Pedras\/Medeiros (Avenida Guilherme Porcari) e Ivoturucaia (Avenida Antonio Mazieiro). Ao todo, ser\u00e3o 11 km de vias asfaltadas, com prazo de conclus\u00e3o de 6 meses.<\/p>\n\n\n\n<figure class=\"wp-block-image size-full\"><img loading=\"lazy\" decoding=\"async\" width=\"1280\" height=\"852\" src=\"https:\/\/jundiai.sp.gov.br\/noticias\/wp-content\/uploads\/sites\/32\/2022\/07\/mais_asfalto_ecologico.jpg\" alt=\"\" class=\"wp-image-296121\" srcset=\"https:\/\/jundiai.sp.gov.br\/noticias\/wp-content\/uploads\/sites\/32\/2022\/07\/mais_asfalto_ecologico.jpg 1280w, https:\/\/jundiai.sp.gov.br\/noticias\/wp-content\/uploads\/sites\/32\/2022\/07\/mais_asfalto_ecologico-300x200.jpg 300w, https:\/\/jundiai.sp.gov.br\/noticias\/wp-content\/uploads\/sites\/32\/2022\/07\/mais_asfalto_ecologico-768x511.jpg 768w, https:\/\/jundiai.sp.gov.br\/noticias\/wp-content\/uploads\/sites\/32\/2022\/07\/mais_asfalto_ecologico-450x300.jpg 450w\" sizes=\"auto, (max-width: 1280px) 100vw, 1280px\" \/><figcaption>Pavimenta\u00e7\u00e3o tem prazo de conclus\u00e3o em 6 meses <\/figcaption><\/figure>\n\n\n\n<p>&#8220;Uma das principais metas do governo \u00e9 melhorar o ambiente econ\u00f4mico da cidade, inclu\u00eddo aqui o produtor rural. Desde o come\u00e7o do programa Caminho Sustent\u00e1veis, foram mais de 50 km de estradas rurais pavimentados, que propiciaram melhorias no que escoamento da produ\u00e7\u00e3o e tamb\u00e9m na mobilidade e no transporte p\u00fablico, atendendo as pessoas que moram nessas regi\u00f5es mais distantes. Esse programa impacta positivamente na qualidade de vida da nossa popula\u00e7\u00e3o&#8221;, explica o gestor da Unidade de Gest\u00e3o de Governo e Finan\u00e7as (UGGF) Jos\u00e9 Antonio Parimoschi&#8221;. <\/p>\n\n\n\n<p><strong>Pavimento ecol\u00f3gico<\/strong><br>Caminhos Sustent\u00e1veis se diferencia pelo uso do \u201cpavimento ecol\u00f3gico\u201d, produzido com cascalho, por exemplo, material que existe nas estradas pavimentadas. Podem ainda ser acrescentados agregados reciclados produzidos pelo Centro de Gerenciamento de Res\u00edduos S\u00f3lidos de Jundia\u00ed (Geresol). Esse tipo \u00e9 pr\u00f3prio para estradas vicinais.<\/p>\n\n\n\n<figure class=\"wp-block-image size-full\"><img loading=\"lazy\" decoding=\"async\" width=\"1280\" height=\"853\" src=\"https:\/\/jundiai.sp.gov.br\/noticias\/wp-content\/uploads\/sites\/32\/2022\/07\/obras-de-asfalto-av-geraldo-azzoni-bairro-rio-acima_c_-14.jpg\" alt=\"\" class=\"wp-image-296117\" srcset=\"https:\/\/jundiai.sp.gov.br\/noticias\/wp-content\/uploads\/sites\/32\/2022\/07\/obras-de-asfalto-av-geraldo-azzoni-bairro-rio-acima_c_-14.jpg 1280w, https:\/\/jundiai.sp.gov.br\/noticias\/wp-content\/uploads\/sites\/32\/2022\/07\/obras-de-asfalto-av-geraldo-azzoni-bairro-rio-acima_c_-14-300x200.jpg 300w, https:\/\/jundiai.sp.gov.br\/noticias\/wp-content\/uploads\/sites\/32\/2022\/07\/obras-de-asfalto-av-geraldo-azzoni-bairro-rio-acima_c_-14-768x512.jpg 768w, https:\/\/jundiai.sp.gov.br\/noticias\/wp-content\/uploads\/sites\/32\/2022\/07\/obras-de-asfalto-av-geraldo-azzoni-bairro-rio-acima_c_-14-450x300.jpg 450w\" sizes=\"auto, (max-width: 1280px) 100vw, 1280px\" \/><figcaption>Preparo do solo para recep\u00e7\u00e3o do asfalto ecol\u00f3gico: mistura \u00e9 realizada com agregados reciclados<\/figcaption><\/figure>\n\n\n\n<p>\u201cNesse tipo de pavimento n\u00e3o utilizamos nenhum tipo de material proveniente de pedreiras, com isso n\u00e3o h\u00e1 detona\u00e7\u00e3o de dinamites, h\u00e1 redu\u00e7\u00e3o do tr\u00e1fego de caminh\u00f5es e, consequentemente, de emiss\u00e3o de g\u00e1s carb\u00f4nico\u201d, comenta o gestor da UGISP, Adilson Rosa.<\/p>\n\n\n\n<p>A produ\u00e7\u00e3o desse asfalto \u00e9 na recicladora, um equipamento que lembra um grande trator, dotado de um potente cilindro dentado. Esse maquin\u00e1rio tritura o material existente juntamente com cimento portland previamente aplicado sobre o leito da estrada.<\/p>\n\n\n\n<p>Em seguida, essa mistura \u00e9 compactada com alta energia, por rolos vibrat\u00f3rios. O resultado \u00e9 uma base que tem alta capacidade de resist\u00eancia \u00e0 carga. Para finalizar, sobre a base \u00e9 aplicada uma camada de revestimento asf\u00e1ltico. Como complemento do Caminhos Sustent\u00e1veis, a UGISP est\u00e1 fazendo o levantamento dos pontos para promover a melhoria no sistema de capta\u00e7\u00e3o de \u00e1gua, com a implanta\u00e7\u00e3o de canaletas.<\/p>\n\n\n\n<p><strong>Assessoria de Imprensa<br>Fotos: Fot\u00f3grafos PMJ<\/strong><\/p>\n","protected":false},"excerpt":{"rendered":"<p>Iniciado em 2019, o Programa Caminhos Sustent\u00e1veis entrou em sua segunda fase, com a pavimenta\u00e7\u00e3o de 11 km de vias rurais das regi\u00f5es Norte, Oeste e Leste de Jundia\u00ed. Realizado a partir de conv\u00eanio com o Governo do Estado de S\u00e3o Paulo \u2013 que destinou R$ 5 milh\u00f5es para as vias -, a Prefeitura de [&hellip;]<\/p>\n","protected":false},"author":39,"featured_media":296121,"comment_status":"closed","ping_status":"closed","sticky":false,"template":"","format":"standard","meta":{"footnotes":""},"categories":[2],"tags":[2224,2683,3186,2341,3132],"ods":[],"class_list":["post-296022","post","type-post","status-publish","format-standard","has-post-thumbnail","hentry","category-noticias","tag-asfalto-ecologico","tag-corrupira","tag-fernandes","tag-ivoturucaia","tag-medeiros"],"_links":{"self":[{"href":"https:\/\/jundiai.sp.gov.br\/noticias\/wp-json\/wp\/v2\/posts\/296022","targetHints":{"allow":["GET"]}}],"collection":[{"href":"https:\/\/jundiai.sp.gov.br\/noticias\/wp-json\/wp\/v2\/posts"}],"about":[{"href":"https:\/\/jundiai.sp.gov.br\/noticias\/wp-json\/wp\/v2\/types\/post"}],"author":[{"embeddable":true,"href":"https:\/\/jundiai.sp.gov.br\/noticias\/wp-json\/wp\/v2\/users\/39"}],"replies":[{"embeddable":true,"href":"https:\/\/jundiai.sp.gov.br\/noticias\/wp-json\/wp\/v2\/comments?post=296022"}],"version-history":[{"count":12,"href":"https:\/\/jundiai.sp.gov.br\/noticias\/wp-json\/wp\/v2\/posts\/296022\/revisions"}],"predecessor-version":[{"id":296186,"href":"https:\/\/jundiai.sp.gov.br\/noticias\/wp-json\/wp\/v2\/posts\/296022\/revisions\/296186"}],"wp:featuredmedia":[{"embeddable":true,"href":"https:\/\/jundiai.sp.gov.br\/noticias\/wp-json\/wp\/v2\/media\/296121"}],"wp:attachment":[{"href":"https:\/\/jundiai.sp.gov.br\/noticias\/wp-json\/wp\/v2\/media?parent=296022"}],"wp:term":[{"taxonomy":"category","embeddable":true,"href":"https:\/\/jundiai.sp.gov.br\/noticias\/wp-json\/wp\/v2\/categories?post=296022"},{"taxonomy":"post_tag","embeddable":true,"href":"https:\/\/jundiai.sp.gov.br\/noticias\/wp-json\/wp\/v2\/tags?post=296022"},{"taxonomy":"ods","embeddable":true,"href":"https:\/\/jundiai.sp.gov.br\/noticias\/wp-json\/wp\/v2\/ods?post=296022"}],"curies":[{"name":"wp","href":"https:\/\/api.w.org\/{rel}","templated":true}]}}