{"id":296188,"date":"2022-07-04T13:48:52","date_gmt":"2022-07-04T16:48:52","guid":{"rendered":"https:\/\/jundiai.sp.gov.br\/noticias\/?p=296188"},"modified":"2022-07-04T14:33:35","modified_gmt":"2022-07-04T17:33:35","slug":"diretores-participam-de-capacitacao-sobre-biblioteca-escolar","status":"publish","type":"post","link":"https:\/\/jundiai.sp.gov.br\/noticias\/2022\/07\/04\/diretores-participam-de-capacitacao-sobre-biblioteca-escolar\/","title":{"rendered":"Diretores participam de capacita\u00e7\u00e3o sobre biblioteca escolar"},"content":{"rendered":"\n<p>O Departamento de Fomento \u00e0 Leitura, ligado ao Centro Internacional de Estudos, Mem\u00f3rias e Pesquisas da Inf\u00e2ncia (CIEMPI), da Unidade de Gest\u00e3o de Educa\u00e7\u00e3o (UGE), promoveu, nesta segunda-feira (4), a primeira etapa da forma\u00e7\u00e3o sobre biblioteca escolar destinada a diretores de escolas municipais de Educa\u00e7\u00e3o Infantil e Ensino Fundamental. A palestra foi ministrada pelo bibliotec\u00e1rio Pedro Henrique Carvalho Gomes, que possui experi\u00eancia na \u00e1rea escolar.<\/p>\n\n\n\n<p>Durante o encontro, Pedro Henrique abordou os tr\u00eas aspectos da Biblioteca Escolar, o acervo &#8211; cuidados e cust\u00f3dia -, os produtos e servi\u00e7os \u2013 conta\u00e7\u00e3o, circula\u00e7\u00e3o de livros e pesquisa &#8211; e os atores &#8211; as pessoas que atuam na biblioteca. O bibliotec\u00e1rio tamb\u00e9m explanou sobre as quest\u00f5es legais, as legisla\u00e7\u00f5es que regem a quest\u00e3o, e sobre as possibilidades de software de gerenciamento de acervo, incluindo os gratuitos.<\/p>\n\n\n\n<figure class=\"wp-block-image size-full\"><img loading=\"lazy\" decoding=\"async\" width=\"1280\" height=\"853\" src=\"https:\/\/jundiai.sp.gov.br\/noticias\/wp-content\/uploads\/sites\/32\/2022\/07\/formacao-biblioteca-escolar-2.jpg\" alt=\"DESCRI\u00c7\u00c3O DA IMAGEM:\nEm um audit\u00f3rio, com cadeiras azuis, pessoas est\u00e3o sentadas e de costas para a foto. \u00c0 frente, um homem fala com o microfone nas m\u00e3os. \" class=\"wp-image-296189\" srcset=\"https:\/\/jundiai.sp.gov.br\/noticias\/wp-content\/uploads\/sites\/32\/2022\/07\/formacao-biblioteca-escolar-2.jpg 1280w, https:\/\/jundiai.sp.gov.br\/noticias\/wp-content\/uploads\/sites\/32\/2022\/07\/formacao-biblioteca-escolar-2-300x200.jpg 300w, https:\/\/jundiai.sp.gov.br\/noticias\/wp-content\/uploads\/sites\/32\/2022\/07\/formacao-biblioteca-escolar-2-768x512.jpg 768w, https:\/\/jundiai.sp.gov.br\/noticias\/wp-content\/uploads\/sites\/32\/2022\/07\/formacao-biblioteca-escolar-2-450x300.jpg 450w\" sizes=\"auto, (max-width: 1280px) 100vw, 1280px\" \/><figcaption>Capacita\u00e7\u00e3o ser\u00e1 realizada em duas partes, te\u00f3rica e pr\u00e1tica<\/figcaption><\/figure>\n\n\n\n<p>Esta capacita\u00e7\u00e3o est\u00e1 dividida em dois momentos, um de parte te\u00f3rica e outro de pr\u00e1tica. \u201cHoje iniciamos com os diretores de todos segmentos a etapa da teoria. Nos pr\u00f3ximos dias ser\u00e1 realizada, na Biblioteca Municipal Professor Nelson Foot, a etapa pr\u00e1tica. Separados por segmentos que atuam, os educadores ter\u00e3o contato com aspectos relacionados ao organizar e cuidar do acervo e poder\u00e3o tirar d\u00favidas sobre como escolher t\u00edtulos, considerando cada faixa et\u00e1ria. Na quarta-feira, 6 de julho, a UGE disponibilizar\u00e1 a ida de dois \u00f4nibus para levar os educadores \u00e0 26\u00aa Bienal do Livro. L\u00e1 eles poder\u00e3o fazer compras de novos exemplares e verificar o que h\u00e1 de novidades na literatura\u201d, explicou a diretora do Departamento de Fomento \u00e0 Leitura, C\u00edcera Escoura Bueno.<\/p>\n\n\n\n<p>Essas a\u00e7\u00f5es fazem parte do Programa Escola Inovadora e visam o desenvolvimento da educa\u00e7\u00e3o de qualidade na rede municipal de ensino. \u201cH\u00e1 um constante investimento da Unidade de Educa\u00e7\u00e3o no fomento aos h\u00e1bitos de leitura e na valoriza\u00e7\u00e3o da literatura. Esse trabalho \u00e9 realizado de forma colaborativa entre os departamentos e claro, conta com a contribui\u00e7\u00e3o do CIEMPI\u201d, lembrou C\u00edcera.<\/p>\n\n\n\n<p>A diretora da EMEB Pedro Clarismundo Fornari, Telma Regina de Lima, participou da capacita\u00e7\u00e3o. \u201cHoje tivemos contato com as leis que precisam ser cumpridas at\u00e9 2024, que \u00e9 a organiza\u00e7\u00e3o do acervo dos livros da escola e os pr\u00f3ximos passos a serem seguidos para que as unidades possam ter espa\u00e7os de leitura, o que \u00e9 importante para os estudantes. Neste ano, na EMEB Fornari, estamos montando um espa\u00e7o e incentivando a leitura, mesmo que ela aconte\u00e7a em outros ambientes da escola, pois \u00e9 um fator importante\u201d, afirmou.<\/p>\n\n\n\n<p><strong>Assessoria de Imprensa<\/strong><br><strong>Fotos: Fot\u00f3grafos PMJ<\/strong><\/p>\n","protected":false},"excerpt":{"rendered":"<p>O Departamento de Fomento \u00e0 Leitura, ligado ao Centro Internacional de Estudos, Mem\u00f3rias e Pesquisas da Inf\u00e2ncia (CIEMPI), da Unidade de Gest\u00e3o de Educa\u00e7\u00e3o (UGE), promoveu, nesta segunda-feira (4), a primeira etapa da forma\u00e7\u00e3o sobre biblioteca escolar destinada a diretores de escolas municipais de Educa\u00e7\u00e3o Infantil e Ensino Fundamental. A palestra foi ministrada pelo bibliotec\u00e1rio [&hellip;]<\/p>\n","protected":false},"author":70,"featured_media":296189,"comment_status":"closed","ping_status":"closed","sticky":false,"template":"","format":"standard","meta":{"footnotes":""},"categories":[2],"tags":[1829,6,1061,1224],"ods":[],"class_list":["post-296188","post","type-post","status-publish","format-standard","has-post-thumbnail","hentry","category-noticias","tag-ciempi","tag-educacao","tag-escola-inovadora","tag-formacao-de-educadores"],"_links":{"self":[{"href":"https:\/\/jundiai.sp.gov.br\/noticias\/wp-json\/wp\/v2\/posts\/296188","targetHints":{"allow":["GET"]}}],"collection":[{"href":"https:\/\/jundiai.sp.gov.br\/noticias\/wp-json\/wp\/v2\/posts"}],"about":[{"href":"https:\/\/jundiai.sp.gov.br\/noticias\/wp-json\/wp\/v2\/types\/post"}],"author":[{"embeddable":true,"href":"https:\/\/jundiai.sp.gov.br\/noticias\/wp-json\/wp\/v2\/users\/70"}],"replies":[{"embeddable":true,"href":"https:\/\/jundiai.sp.gov.br\/noticias\/wp-json\/wp\/v2\/comments?post=296188"}],"version-history":[{"count":4,"href":"https:\/\/jundiai.sp.gov.br\/noticias\/wp-json\/wp\/v2\/posts\/296188\/revisions"}],"predecessor-version":[{"id":296193,"href":"https:\/\/jundiai.sp.gov.br\/noticias\/wp-json\/wp\/v2\/posts\/296188\/revisions\/296193"}],"wp:featuredmedia":[{"embeddable":true,"href":"https:\/\/jundiai.sp.gov.br\/noticias\/wp-json\/wp\/v2\/media\/296189"}],"wp:attachment":[{"href":"https:\/\/jundiai.sp.gov.br\/noticias\/wp-json\/wp\/v2\/media?parent=296188"}],"wp:term":[{"taxonomy":"category","embeddable":true,"href":"https:\/\/jundiai.sp.gov.br\/noticias\/wp-json\/wp\/v2\/categories?post=296188"},{"taxonomy":"post_tag","embeddable":true,"href":"https:\/\/jundiai.sp.gov.br\/noticias\/wp-json\/wp\/v2\/tags?post=296188"},{"taxonomy":"ods","embeddable":true,"href":"https:\/\/jundiai.sp.gov.br\/noticias\/wp-json\/wp\/v2\/ods?post=296188"}],"curies":[{"name":"wp","href":"https:\/\/api.w.org\/{rel}","templated":true}]}}