{"id":296224,"date":"2022-07-05T09:53:24","date_gmt":"2022-07-05T12:53:24","guid":{"rendered":"https:\/\/jundiai.sp.gov.br\/noticias\/?p=296224"},"modified":"2022-07-05T09:53:24","modified_gmt":"2022-07-05T12:53:24","slug":"vandalos-furtam-parte-de-fiacao-do-pa-da-ponte-sao-joao","status":"publish","type":"post","link":"https:\/\/jundiai.sp.gov.br\/noticias\/2022\/07\/05\/vandalos-furtam-parte-de-fiacao-do-pa-da-ponte-sao-joao\/","title":{"rendered":"V\u00e2ndalos furtam parte de fia\u00e7\u00e3o do PA da Ponte S\u00e3o Jo\u00e3o"},"content":{"rendered":"\n<p>O Pronto Atendimento (PA) da Ponte S\u00e3o Jo\u00e3o foi alvo de v\u00e2ndalos na madrugada desta ter\u00e7a-feira (5). Al\u00e9m de ser furtada a fia\u00e7\u00e3o em cobre, houve danos a um compartimento de ar-condicionado. N\u00e3o foi necess\u00e1ria a interrup\u00e7\u00e3o dos servi\u00e7os. No local \u00e9 feito atendimento de demanda geral de cl\u00ednica m\u00e9dica e pedi\u00e1trica, e de s\u00edndrome gripal e COVID-19.<\/p>\n\n\n\n<p>A Unidade de Gest\u00e3o de Promo\u00e7\u00e3o da Sa\u00fade (UGPS) j\u00e1 acionou as equipes de manuten\u00e7\u00e3o para os reparos necess\u00e1rios. Boletim de Ocorr\u00eancia do dano foi registrado.<\/p>\n\n\n\n<p>Al\u00e9m de causar preju\u00edzos aos cofres municipais, os furtos nos equipamentos p\u00fablicos geram transtornos aos mun\u00edcipes que dependem do servi\u00e7o p\u00fablico. Na \u00faltima segunda-feira (4), a Unidade B\u00e1sica de Sa\u00fade (UBS) Eloy Chaves teve parte do atendimento suspenso devido ao furto que ocasionou a interrup\u00e7\u00e3o da energia el\u00e9trica e da internet.<\/p>\n\n\n\n<p>A Guarda Municipal de Jundia\u00ed (GMJ) realiza patrulhamento constante nas proximidades dos equipamentos p\u00fablicos. A Fiscaliza\u00e7\u00e3o do Com\u00e9rcio, a Pol\u00edcia Civil e a GMJ tamb\u00e9m t\u00eam realizado a\u00e7\u00e3o conjunta para averigua\u00e7\u00f5es em com\u00e9rcios de sucatas, com o objetivo de combater os crimes de recepta\u00e7\u00e3o de material, a partir da Opera\u00e7\u00e3o Ferro Velho.<\/p>\n\n\n\n<p>A GMJ reitera a import\u00e2ncia de a popula\u00e7\u00e3o denunciar a ocorr\u00eancia de invas\u00f5es e furtos contra o patrim\u00f4nio p\u00fablico, pelo telefone 153, ou 190 (Pol\u00edcia Militar).<\/p>\n\n\n\n<p><strong>Assessoria de Imprensa<\/strong><\/p>\n","protected":false},"excerpt":{"rendered":"<p>O Pronto Atendimento (PA) da Ponte S\u00e3o Jo\u00e3o foi alvo de v\u00e2ndalos na madrugada desta ter\u00e7a-feira (5). Al\u00e9m de ser furtada a fia\u00e7\u00e3o em cobre, houve danos a um compartimento de ar-condicionado. N\u00e3o foi necess\u00e1ria a interrup\u00e7\u00e3o dos servi\u00e7os. No local \u00e9 feito atendimento de demanda geral de cl\u00ednica m\u00e9dica e pedi\u00e1trica, e de s\u00edndrome [&hellip;]<\/p>\n","protected":false},"author":39,"featured_media":295440,"comment_status":"closed","ping_status":"0","sticky":false,"template":"","format":"standard","meta":{"footnotes":""},"categories":[2],"tags":[1730],"ods":[],"class_list":["post-296224","post","type-post","status-publish","format-standard","has-post-thumbnail","hentry","category-noticias","tag-furtos-e-roubos-de-veiculos"],"_links":{"self":[{"href":"https:\/\/jundiai.sp.gov.br\/noticias\/wp-json\/wp\/v2\/posts\/296224","targetHints":{"allow":["GET"]}}],"collection":[{"href":"https:\/\/jundiai.sp.gov.br\/noticias\/wp-json\/wp\/v2\/posts"}],"about":[{"href":"https:\/\/jundiai.sp.gov.br\/noticias\/wp-json\/wp\/v2\/types\/post"}],"author":[{"embeddable":true,"href":"https:\/\/jundiai.sp.gov.br\/noticias\/wp-json\/wp\/v2\/users\/39"}],"replies":[{"embeddable":true,"href":"https:\/\/jundiai.sp.gov.br\/noticias\/wp-json\/wp\/v2\/comments?post=296224"}],"version-history":[{"count":1,"href":"https:\/\/jundiai.sp.gov.br\/noticias\/wp-json\/wp\/v2\/posts\/296224\/revisions"}],"predecessor-version":[{"id":296225,"href":"https:\/\/jundiai.sp.gov.br\/noticias\/wp-json\/wp\/v2\/posts\/296224\/revisions\/296225"}],"wp:featuredmedia":[{"embeddable":true,"href":"https:\/\/jundiai.sp.gov.br\/noticias\/wp-json\/wp\/v2\/media\/295440"}],"wp:attachment":[{"href":"https:\/\/jundiai.sp.gov.br\/noticias\/wp-json\/wp\/v2\/media?parent=296224"}],"wp:term":[{"taxonomy":"category","embeddable":true,"href":"https:\/\/jundiai.sp.gov.br\/noticias\/wp-json\/wp\/v2\/categories?post=296224"},{"taxonomy":"post_tag","embeddable":true,"href":"https:\/\/jundiai.sp.gov.br\/noticias\/wp-json\/wp\/v2\/tags?post=296224"},{"taxonomy":"ods","embeddable":true,"href":"https:\/\/jundiai.sp.gov.br\/noticias\/wp-json\/wp\/v2\/ods?post=296224"}],"curies":[{"name":"wp","href":"https:\/\/api.w.org\/{rel}","templated":true}]}}