{"id":296447,"date":"2022-07-08T13:49:54","date_gmt":"2022-07-08T16:49:54","guid":{"rendered":"https:\/\/jundiai.sp.gov.br\/noticias\/?p=296447"},"modified":"2022-07-08T13:49:54","modified_gmt":"2022-07-08T16:49:54","slug":"escola-inovadora-educadores-visitam-a-26a-bienal-do-livro","status":"publish","type":"post","link":"https:\/\/jundiai.sp.gov.br\/noticias\/2022\/07\/08\/escola-inovadora-educadores-visitam-a-26a-bienal-do-livro\/","title":{"rendered":"Escola Inovadora: Educadores visitam a 26\u00aa Bienal do Livro"},"content":{"rendered":"\n<p>A educa\u00e7\u00e3o de boa qualidade do Programa Escola Inovadora, em Jundia\u00ed, investe em escolas com espa\u00e7os bem organizados,\u00a0em capacita\u00e7\u00e3o dos educadores e em viv\u00eancias importantes para o desenvolvimento de atividades com os estudantes.\u00a0Com o objetivo de oferecer oportunidades de amplia\u00e7\u00e3o de conhecimentos, a Unidade de Gest\u00e3o de Educa\u00e7\u00e3o (UGE), por meio do Departamento de Fomento \u00e0 Leitura e do CIEMPI (Centro Internacional de Estudos, Mem\u00f3rias e Pesquisas da Inf\u00e2ncia), organizou, na \u00faltima quarta-feira (6), a visita de educadores \u00e0 26\u00aa Bienal do Livro, em S\u00e3o Paulo.<\/p>\n\n\n\n<p>\u201cTivemos a participa\u00e7\u00e3o de 84 educadores na ida \u00e0 Bienal. Essa a\u00e7\u00e3o faz parte do programa Escola Inovadora com focos no desenvolvimento da nossa boa educa\u00e7\u00e3o, no fomento aos h\u00e1bitos de leitura e na valoriza\u00e7\u00e3o da literatura. Al\u00e9m disso, \u00e9 um importante momento para que as escolas possam renovar o acervo de livros\u201d, comentou a diretora do Departamento de Fomento \u00e0 Leitura, C\u00edcera Escoura Bueno.<\/p>\n\n\n\n<figure class=\"wp-block-image size-full\"><img loading=\"lazy\" decoding=\"async\" width=\"1080\" height=\"810\" src=\"https:\/\/jundiai.sp.gov.br\/noticias\/wp-content\/uploads\/sites\/32\/2022\/07\/visita_bienal.jpeg\" alt=\"\" class=\"wp-image-296490\" srcset=\"https:\/\/jundiai.sp.gov.br\/noticias\/wp-content\/uploads\/sites\/32\/2022\/07\/visita_bienal.jpeg 1080w, https:\/\/jundiai.sp.gov.br\/noticias\/wp-content\/uploads\/sites\/32\/2022\/07\/visita_bienal-300x225.jpeg 300w, https:\/\/jundiai.sp.gov.br\/noticias\/wp-content\/uploads\/sites\/32\/2022\/07\/visita_bienal-768x576.jpeg 768w\" sizes=\"auto, (max-width: 1080px) 100vw, 1080px\" \/><figcaption>Visita \u00e0 Bienal faz parte das a\u00e7\u00f5es do programa Escola Inovadora<\/figcaption><\/figure>\n\n\n\n<p>A diretora da EMEB Aparecida Merino Elias, Luciana Zaniratto, foi uma das educadoras que participaram da a\u00e7\u00e3o. \u201cEst\u00e1vamos aguardando a ida \u00e0 Bienal, uma vez que n\u00e3o pudemos participar nos \u00faltimos dois anos por conta da pandemia. Esse \u00e9 um evento que agrega bastante para n\u00f3s, nos permite o contato com autores, profissionais, assistir palestras, o que nos ajuda a ter novas ideias. Al\u00e9m disso, a Bienal oferece pre\u00e7os de livros bem convidativos. Com o dinheiro arrecadado na APM (Associa\u00e7\u00e3o de Pais e Mestres), conseguimos comprar aproximadamente 200 novos livros e vamos contemplar desde os estudantes e professores da Educa\u00e7\u00e3o Infantil at\u00e9 o Ensino Fundamental\u201d, contou.<\/p>\n\n\n\n<p><strong>Assessoria de Imprensa<\/strong><br><strong>Fotos: Divulga\u00e7\u00e3o<\/strong><\/p>\n","protected":false},"excerpt":{"rendered":"<p>A educa\u00e7\u00e3o de boa qualidade do Programa Escola Inovadora, em Jundia\u00ed, investe em escolas com espa\u00e7os bem organizados,\u00a0em capacita\u00e7\u00e3o dos educadores e em viv\u00eancias importantes para o desenvolvimento de atividades com os estudantes.\u00a0Com o objetivo de oferecer oportunidades de amplia\u00e7\u00e3o de conhecimentos, a Unidade de Gest\u00e3o de Educa\u00e7\u00e3o (UGE), por meio do Departamento de Fomento [&hellip;]<\/p>\n","protected":false},"author":70,"featured_media":296490,"comment_status":"closed","ping_status":"0","sticky":false,"template":"","format":"standard","meta":{"footnotes":""},"categories":[2],"tags":[6,1061,1224],"ods":[],"class_list":["post-296447","post","type-post","status-publish","format-standard","has-post-thumbnail","hentry","category-noticias","tag-educacao","tag-escola-inovadora","tag-formacao-de-educadores"],"_links":{"self":[{"href":"https:\/\/jundiai.sp.gov.br\/noticias\/wp-json\/wp\/v2\/posts\/296447","targetHints":{"allow":["GET"]}}],"collection":[{"href":"https:\/\/jundiai.sp.gov.br\/noticias\/wp-json\/wp\/v2\/posts"}],"about":[{"href":"https:\/\/jundiai.sp.gov.br\/noticias\/wp-json\/wp\/v2\/types\/post"}],"author":[{"embeddable":true,"href":"https:\/\/jundiai.sp.gov.br\/noticias\/wp-json\/wp\/v2\/users\/70"}],"replies":[{"embeddable":true,"href":"https:\/\/jundiai.sp.gov.br\/noticias\/wp-json\/wp\/v2\/comments?post=296447"}],"version-history":[{"count":4,"href":"https:\/\/jundiai.sp.gov.br\/noticias\/wp-json\/wp\/v2\/posts\/296447\/revisions"}],"predecessor-version":[{"id":296523,"href":"https:\/\/jundiai.sp.gov.br\/noticias\/wp-json\/wp\/v2\/posts\/296447\/revisions\/296523"}],"wp:featuredmedia":[{"embeddable":true,"href":"https:\/\/jundiai.sp.gov.br\/noticias\/wp-json\/wp\/v2\/media\/296490"}],"wp:attachment":[{"href":"https:\/\/jundiai.sp.gov.br\/noticias\/wp-json\/wp\/v2\/media?parent=296447"}],"wp:term":[{"taxonomy":"category","embeddable":true,"href":"https:\/\/jundiai.sp.gov.br\/noticias\/wp-json\/wp\/v2\/categories?post=296447"},{"taxonomy":"post_tag","embeddable":true,"href":"https:\/\/jundiai.sp.gov.br\/noticias\/wp-json\/wp\/v2\/tags?post=296447"},{"taxonomy":"ods","embeddable":true,"href":"https:\/\/jundiai.sp.gov.br\/noticias\/wp-json\/wp\/v2\/ods?post=296447"}],"curies":[{"name":"wp","href":"https:\/\/api.w.org\/{rel}","templated":true}]}}