{"id":296613,"date":"2022-07-11T18:10:00","date_gmt":"2022-07-11T21:10:00","guid":{"rendered":"https:\/\/jundiai.sp.gov.br\/noticias\/?p=296613"},"modified":"2022-08-03T18:19:41","modified_gmt":"2022-08-03T21:19:41","slug":"jundiai-obtem-autorizacao-para-contratar-operacao-externa-de-us-64-milhoes-para-investir-em-infraestrutura","status":"publish","type":"post","link":"https:\/\/jundiai.sp.gov.br\/noticias\/2022\/07\/11\/jundiai-obtem-autorizacao-para-contratar-operacao-externa-de-us-64-milhoes-para-investir-em-infraestrutura\/","title":{"rendered":"Jundia\u00ed obt\u00e9m autoriza\u00e7\u00e3o para contratar opera\u00e7\u00e3o externa de US$ 64 milh\u00f5es para investir em infraestrutura\u00a0"},"content":{"rendered":"\n<p>O munic\u00edpio de Jundia\u00ed obteve autoriza\u00e7\u00e3o para contratar opera\u00e7\u00e3o de cr\u00e9dito externa no valor de US$ 64 milh\u00f5es, destinados a financiar parte do Programa de Desenvolvimento Urbano e Social, segunda etapa do Avan\u00e7a Jundia\u00ed, que ter\u00e1 dura\u00e7\u00e3o de cinco anos e totalizar\u00e1 cerca de R$ 416 milh\u00f5es em investimentos. S\u00e3o previstas nesta segunda etapa mais de 30 a\u00e7\u00f5es nas \u00e1reas de mobilidade, com obras de infraestrutura vi\u00e1ria, drenagem, acessibilidade, meio ambiente, economia criativa e cultura, educa\u00e7\u00e3o, esporte e sa\u00fade, abrangendo todas as regi\u00f5es do Munic\u00edpio, com a finalidade de modernizar a infraestrutura da cidade e oferecer servi\u00e7os p\u00fablicos eficazes e sustent\u00e1veis.\u00a0<\/p>\n\n\n\n<p>Todos os projetos t\u00eam como objetivo o desenvolvimento da cidade e melhoria da qualidade de vida da popula\u00e7\u00e3o, seguindo as diretrizes estrat\u00e9gicas do Plano Plurianual (PPA) 2022-2025, do Plano de Mobilidade Urbana e est\u00e3o conectados aos Objetivos do Desenvolvimento Sustent\u00e1vel (ODSs) da Agenda 2030 da ONU.&nbsp;&nbsp;<\/p>\n\n\n\n<p>\u201cA nossa preocupa\u00e7\u00e3o \u00e9 entregar projetos que beneficiem a popula\u00e7\u00e3o e o desenvolvimento do munic\u00edpio. Ou seja, obras que tenham impacto social e mudem a realidade de Jundia\u00ed para melhor. O cidad\u00e3o cobra resultados e espera de n\u00f3s a boa aplica\u00e7\u00e3o do recurso p\u00fablico. Trabalhamos com uma gest\u00e3o de resultados, que olha para a qualidade de vida, para as nossas crian\u00e7as e que entrega servi\u00e7os p\u00fablicos eficazes\u201d, disse o prefeito Luiz Fernando Machado.&nbsp;<\/p>\n\n\n\n<p>O gestor de Governo e Finan\u00e7as, Jos\u00e9 Antonio Parimoschi lembrou que Jundia\u00ed \u00e9 a segunda melhor cidade do Brasil no ranking do \u00cdndice de Desenvolvimento Sustent\u00e1vel das Cidades &#8211; Brasil (IDSC-BR) e est\u00e1 com as finan\u00e7as e os indicadores fiscais em ordem, o que a qualifica para captar esse montante de recursos para investimentos multissetoriais. Al\u00e9m disso, o munic\u00edpio comprovou para o governo federal,&nbsp; que ser\u00e1 avalista da Prefeitura, que tem&nbsp; capacidade para pagar a opera\u00e7\u00e3o no prazo de 18 anos e meio, com cinco anos e meio de car\u00eancia. \u201cJundia\u00ed tem um planejamento estrat\u00e9gico de desenvolvimento, com prioridades definidas que enfrentam os desafios do crescimento e da desigualdade social. O programa Avan\u00e7a Jundia\u00ed responde a essas demandas nos pr\u00f3ximos cinco anos, com o objetivo de destravar a mobilidade, elevar a qualidade de vida da popula\u00e7\u00e3o, incluir pessoas e promover a sustentabilidade no crescimento da cidade\u201d, declara ele, que \u00e9 o coordenador geral do projeto no munic\u00edpio.<\/p>\n\n\n\n<p><strong>As obras <\/strong>&#8211; A Sa\u00fade ser\u00e1 contemplada com a reforma, amplia\u00e7\u00e3o e constru\u00e7\u00e3o de Novas UBS na Vila Rio Branco, Jardim Tamoio, Fazenda Grande, Ivoturucaia e Rio Acima. A cidade ganhar\u00e1 o Centro de Especialidades M\u00e9dicas e Diagn\u00f3sticos e Pronto Atendimento (CEPA) na Vila Progresso e um novo N\u00facleo de Assist\u00eancia \u00e0 Pessoa Com Defici\u00eancia (NAPD). Ser\u00e3o adquiridos novos equipamentos e os servidores das Unidade receber\u00e3o capacita\u00e7\u00e3o para melhorar a qualidade dos servi\u00e7os assistenciais oferecidos aos usu\u00e1rios do sistema p\u00fablico de sa\u00fade.<\/p>\n\n\n\n<p>Dentro dos par\u00e2metros do Programa Escola Inovadora, na \u00e1rea da Educa\u00e7\u00e3o, est\u00e1 prevista a amplia\u00e7\u00e3o da EMEB Fl\u00e1vio D\u2019Angieri e a implanta\u00e7\u00e3o do Complexo Educacional Rio Acima, a constru\u00e7\u00e3o do Complexo Educacional Residencial Jundia\u00ed, a reconstru\u00e7\u00e3o da EMEB Helena Gaimberti, alem das reformas da EMEB Maria Toledo Pontes, do Centro Internacional de Pesquisa e Mem\u00f3ria da Inf\u00e2ncia (Ciempi) . Al\u00e9m das escolas, est\u00e3o previstas a\u00e7\u00f5es de reforma e amplia\u00e7\u00e3o dos centros esportivos Aramis Polli, Helena Cestari, Jos\u00e9 Demarchi e Francisco Dal Santo.&nbsp;<\/p>\n\n\n\n<p>Entre as obras urban\u00edsticas e de desenvolvimento social, est\u00e3o a revitaliza\u00e7\u00e3o do Complexo Fepasa e a requalifica\u00e7\u00e3o dos bairros S\u00e3o Camilo e Centro, com foco no est\u00edmulo da economia criativa e circular.<\/p>\n\n\n\n<p>A Avenida Luiz Zorzetti, na regi\u00e3o leste, ser\u00e1 duplicada e a Avenida Reynaldo de Porcari,&nbsp; na regi\u00e3o oeste ser\u00e1 requalificada. Tamb\u00e9m ser\u00e1 implantado o prolongamento da Avenida Beta, no Distrito Industrial localizado na regi\u00e3o noroeste. A Estrada Municipal do Varj\u00e3o passar\u00e1 por duplica\u00e7\u00e3o e requalifica\u00e7\u00e3o de corredor vi\u00e1rio. Haver\u00e1 ainda implanta\u00e7\u00e3o de ciclovias e adapta\u00e7\u00e3o de acessibilidade na \u00e1rea central de Jundia\u00ed. Al\u00e9m disso, o C\u00f3rrego do Jardim do Lago ter\u00e1 recomposi\u00e7\u00e3o de canaliza\u00e7\u00e3o.&nbsp;<\/p>\n\n\n\n<p>\u201cEsses recursos antecipam investimentos&nbsp; importantes em a\u00e7\u00f5es que foram planejadas para modernizar e ampliar o sistema vi\u00e1rio da cidade, visando suportar o crescimento urbano e econ\u00f4mico projetados. Os efeitos impactam diretamente na qualidade de vida dos moradores de Jundia\u00ed, melhoram as condi\u00e7\u00f5es de deslocamento e facilitam o acesso a servi\u00e7os p\u00fablicos de qualidade, que s\u00e3o compromissos do governo Luiz Fernando\u201d, explicou Parimoschi.&nbsp;<\/p>\n\n\n\n<p>Tamb\u00e9m est\u00e3o previstas a\u00e7\u00f5es de fortalecimento institucional, que t\u00eam o objetivo de melhorar a estrutura de governan\u00e7a da cidade, especialmente a gest\u00e3o dos projetos de infraestrutura, al\u00e9m de aprimorar os servi\u00e7os p\u00fablicos aos mun\u00edcipes e capacitar os servidores municipais.&nbsp;<\/p>\n\n\n\n<figure class=\"wp-block-gallery has-nested-images columns-default is-cropped wp-block-gallery-1 is-layout-flex wp-block-gallery-is-layout-flex\">\n<figure class=\"wp-block-image size-large\"><img loading=\"lazy\" decoding=\"async\" width=\"1280\" height=\"853\" data-id=\"296691\" src=\"https:\/\/jundiai.sp.gov.br\/noticias\/wp-content\/uploads\/sites\/32\/2022\/07\/imagens_caf_estrada_varjao-2.jpg\" alt=\"\" class=\"wp-image-296691\" srcset=\"https:\/\/jundiai.sp.gov.br\/noticias\/wp-content\/uploads\/sites\/32\/2022\/07\/imagens_caf_estrada_varjao-2.jpg 1280w, https:\/\/jundiai.sp.gov.br\/noticias\/wp-content\/uploads\/sites\/32\/2022\/07\/imagens_caf_estrada_varjao-2-300x200.jpg 300w, https:\/\/jundiai.sp.gov.br\/noticias\/wp-content\/uploads\/sites\/32\/2022\/07\/imagens_caf_estrada_varjao-2-768x512.jpg 768w, https:\/\/jundiai.sp.gov.br\/noticias\/wp-content\/uploads\/sites\/32\/2022\/07\/imagens_caf_estrada_varjao-2-450x300.jpg 450w\" sizes=\"auto, (max-width: 1280px) 100vw, 1280px\" \/><figcaption>Estrada Municipal do Varj\u00e3o (\u00e0 direita) ser\u00e1 duplicada <\/figcaption><\/figure>\n\n\n\n<figure class=\"wp-block-image size-large\"><img loading=\"lazy\" decoding=\"async\" width=\"1280\" height=\"853\" data-id=\"296690\" src=\"https:\/\/jundiai.sp.gov.br\/noticias\/wp-content\/uploads\/sites\/32\/2022\/07\/imagens_caf_estrada_varjao-8-1.jpg\" alt=\"\" class=\"wp-image-296690\" srcset=\"https:\/\/jundiai.sp.gov.br\/noticias\/wp-content\/uploads\/sites\/32\/2022\/07\/imagens_caf_estrada_varjao-8-1.jpg 1280w, https:\/\/jundiai.sp.gov.br\/noticias\/wp-content\/uploads\/sites\/32\/2022\/07\/imagens_caf_estrada_varjao-8-1-300x200.jpg 300w, https:\/\/jundiai.sp.gov.br\/noticias\/wp-content\/uploads\/sites\/32\/2022\/07\/imagens_caf_estrada_varjao-8-1-768x512.jpg 768w, https:\/\/jundiai.sp.gov.br\/noticias\/wp-content\/uploads\/sites\/32\/2022\/07\/imagens_caf_estrada_varjao-8-1-450x300.jpg 450w\" sizes=\"auto, (max-width: 1280px) 100vw, 1280px\" \/><figcaption>Corredor vi\u00e1rio da Estrada Municipal do Varj\u00e3o ser\u00e1 requalificado<\/figcaption><\/figure>\n<\/figure>\n\n\n\n<p><strong>Mais &#8211; <\/strong>A carta consulta para contrata\u00e7\u00e3o de opera\u00e7\u00e3o de cr\u00e9dito foi aprovada em dezembro de 2021 pela Comiss\u00e3o de Financiamentos Externos (Cofiex) do Minist\u00e9rio da Economia, tendo a Corpora\u00e7\u00e3o Andina de Fomento \u2013 CAF &#8211; (Banco de Desenvolvimento da Am\u00e9rica Latina como agente financeiro.&nbsp;<\/p>\n\n\n\n<p>A CAF esteve na cidade em maio e analisou cada um dos projetos propostos no Programa de Desenvolvimento Urbano e Social. O projeto de lei que autoriza a contrata\u00e7\u00e3o de opera\u00e7\u00e3o de cr\u00e9dito foi aprovada pelo Legislativo e promulgada pelo Executivo, transformando-se na Lei 9802, de 2022.&nbsp;<\/p>\n","protected":false},"excerpt":{"rendered":"<p>O munic\u00edpio de Jundia\u00ed obteve autoriza\u00e7\u00e3o para contratar opera\u00e7\u00e3o de cr\u00e9dito externa no valor de US$ 64 milh\u00f5es, destinados a financiar parte do Programa de Desenvolvimento Urbano e Social, segunda etapa do Avan\u00e7a Jundia\u00ed, que ter\u00e1 dura\u00e7\u00e3o de cinco anos e totalizar\u00e1 cerca de R$ 416 milh\u00f5es em investimentos. S\u00e3o previstas nesta segunda etapa mais [&hellip;]<\/p>\n","protected":false},"author":80,"featured_media":0,"comment_status":"closed","ping_status":"closed","sticky":false,"template":"","format":"standard","meta":{"footnotes":""},"categories":[2],"tags":[1582,1770,1330,1384,2499],"ods":[],"class_list":["post-296613","post","type-post","status-publish","format-standard","hentry","category-noticias","tag-investimentos","tag-jose-antonio-parimoschi","tag-luiz-fernando-machado","tag-unidade-de-gestao-de-governo-e-financas","tag-unidade-de-gestao-de-governo-e-financas-uggf"],"_links":{"self":[{"href":"https:\/\/jundiai.sp.gov.br\/noticias\/wp-json\/wp\/v2\/posts\/296613","targetHints":{"allow":["GET"]}}],"collection":[{"href":"https:\/\/jundiai.sp.gov.br\/noticias\/wp-json\/wp\/v2\/posts"}],"about":[{"href":"https:\/\/jundiai.sp.gov.br\/noticias\/wp-json\/wp\/v2\/types\/post"}],"author":[{"embeddable":true,"href":"https:\/\/jundiai.sp.gov.br\/noticias\/wp-json\/wp\/v2\/users\/80"}],"replies":[{"embeddable":true,"href":"https:\/\/jundiai.sp.gov.br\/noticias\/wp-json\/wp\/v2\/comments?post=296613"}],"version-history":[{"count":5,"href":"https:\/\/jundiai.sp.gov.br\/noticias\/wp-json\/wp\/v2\/posts\/296613\/revisions"}],"predecessor-version":[{"id":298351,"href":"https:\/\/jundiai.sp.gov.br\/noticias\/wp-json\/wp\/v2\/posts\/296613\/revisions\/298351"}],"wp:attachment":[{"href":"https:\/\/jundiai.sp.gov.br\/noticias\/wp-json\/wp\/v2\/media?parent=296613"}],"wp:term":[{"taxonomy":"category","embeddable":true,"href":"https:\/\/jundiai.sp.gov.br\/noticias\/wp-json\/wp\/v2\/categories?post=296613"},{"taxonomy":"post_tag","embeddable":true,"href":"https:\/\/jundiai.sp.gov.br\/noticias\/wp-json\/wp\/v2\/tags?post=296613"},{"taxonomy":"ods","embeddable":true,"href":"https:\/\/jundiai.sp.gov.br\/noticias\/wp-json\/wp\/v2\/ods?post=296613"}],"curies":[{"name":"wp","href":"https:\/\/api.w.org\/{rel}","templated":true}]}}