{"id":297356,"date":"2022-07-21T15:35:46","date_gmt":"2022-07-21T18:35:46","guid":{"rendered":"https:\/\/jundiai.sp.gov.br\/noticias\/?p=297356"},"modified":"2022-07-21T15:35:46","modified_gmt":"2022-07-21T18:35:46","slug":"retorno-do-recesso-escolar-foi-de-muita-empolgacao-brincadeiras-e-saudade-dos-amigos","status":"publish","type":"post","link":"https:\/\/jundiai.sp.gov.br\/noticias\/2022\/07\/21\/retorno-do-recesso-escolar-foi-de-muita-empolgacao-brincadeiras-e-saudade-dos-amigos\/","title":{"rendered":"Retorno do Recesso Escolar foi de muita empolga\u00e7\u00e3o, brincadeiras e saudade dos amigos"},"content":{"rendered":"\n<p>Nesta quinta-feira (21) as aulas retornaram com muita anima\u00e7\u00e3o e atividades l\u00fadicas, em v\u00e1rios ambientes da escola. Os estudantes entraram em recesso escolar no dia 11 de julho e o recomendado era aproveitar com a fam\u00edlia em momentos de divers\u00e3o e descanso. Foi o que Maressa Santos de Paulo fez com o pequeno Davi, da EMEB Carla Andressa de Oliveira Sinigalia, na Vila Hortol\u00e2ndia.<\/p>\n\n\n\n<p>A import\u00e2ncia da natureza no cotidiano das crian\u00e7as \u00e9 \u00fanica e no recesso elas puderam aproveitar com a fam\u00edlia tamb\u00e9m, afirmou T\u00e2nia Gurgel, gestora adjunta de Educa\u00e7\u00e3o. \u201cA natureza traz muitos benef\u00edcios para o desenvolvimento integral da crian\u00e7a, elas questionam, investigam e levantam hip\u00f3teses. \u00c9 essencial que momentos assim aconte\u00e7am em casa e na escola\u201d.<\/p>\n\n\n\n<figure class=\"wp-block-image size-full\"><img loading=\"lazy\" decoding=\"async\" width=\"1280\" height=\"854\" src=\"https:\/\/jundiai.sp.gov.br\/noticias\/wp-content\/uploads\/sites\/32\/2022\/07\/emeb-carla-andressa-36.jpg\" alt=\"De frente para a parede branca e bege, com o escrito 'Sejam Bem-Vindos&quot; colado na parede em verde, tr\u00eas crian\u00e7as est\u00e3o de costas, lado a lado, e uma menina, de frente para a c\u00e2mera, olha para cima. Na frente das crian\u00e7as, est\u00e1 a educadora, de m\u00e1scara branca, olhando para foto.\" class=\"wp-image-297364\" srcset=\"https:\/\/jundiai.sp.gov.br\/noticias\/wp-content\/uploads\/sites\/32\/2022\/07\/emeb-carla-andressa-36.jpg 1280w, https:\/\/jundiai.sp.gov.br\/noticias\/wp-content\/uploads\/sites\/32\/2022\/07\/emeb-carla-andressa-36-300x200.jpg 300w, https:\/\/jundiai.sp.gov.br\/noticias\/wp-content\/uploads\/sites\/32\/2022\/07\/emeb-carla-andressa-36-768x512.jpg 768w, https:\/\/jundiai.sp.gov.br\/noticias\/wp-content\/uploads\/sites\/32\/2022\/07\/emeb-carla-andressa-36-450x300.jpg 450w\" sizes=\"auto, (max-width: 1280px) 100vw, 1280px\" \/><figcaption>As crian\u00e7as retornam \u00e0 escola com os amigos<\/figcaption><\/figure>\n\n\n\n<p>Com uma rotina mais flex\u00edvel e brincadeiras ao ar livre, os pequenos aproveitaram o recesso. \u201cO retorno \u00e0s aulas ap\u00f3s o recesso de julho \u00e9 um retorno \u00e0 rotina para as crian\u00e7as e para as fam\u00edlias. Ap\u00f3s dois anos dif\u00edceis entre idas e vindas da escola devido a pandemia, este ano eles est\u00e3o voltando a ter uma rotina escolar regular, apesar dos cuidados necess\u00e1rios\u201d concluiu o diretor da EMEB Carla, Andr\u00e9 Aparecido Cazella.<\/p>\n\n\n\n<p>A m\u00e3e do Davi, Maressa Gon\u00e7alves Santos de Paula, ressaltou os momentos em fam\u00edlia. \u201cEu e o Davi descansamos nos dias de semana, fomos na pracinha perto de casa e ao Mundo das Crian\u00e7as, onde ele brincou muito com \u00e1gua, lugar espetacular. Viajamos e vimos cavalo, galinha, p\u00f4nei. O Davi ficou encantado\u201d. Viv\u00eancias especiais ao ar livre, com as pessoas do conv\u00edvio e mais v\u00ednculo com as crian\u00e7as tem ainda mais significado.<\/p>\n\n\n\n<figure class=\"wp-block-image size-full\"><img loading=\"lazy\" decoding=\"async\" width=\"1280\" height=\"854\" src=\"https:\/\/jundiai.sp.gov.br\/noticias\/wp-content\/uploads\/sites\/32\/2022\/07\/emeb-carla-andressa-25-1.jpg\" alt=\"Para o fundo de uma parede branca e bege, est\u00e1 o escrito &quot;Sejam Bem-Vindos&quot; em letras verdes colado na parede. No foco, est\u00e1 uma m\u00e3e, de mochila nas costas, olhando para o filho, que est\u00e1 segurando no colo, com chupeta na boca.\" class=\"wp-image-297376\" srcset=\"https:\/\/jundiai.sp.gov.br\/noticias\/wp-content\/uploads\/sites\/32\/2022\/07\/emeb-carla-andressa-25-1.jpg 1280w, https:\/\/jundiai.sp.gov.br\/noticias\/wp-content\/uploads\/sites\/32\/2022\/07\/emeb-carla-andressa-25-1-300x200.jpg 300w, https:\/\/jundiai.sp.gov.br\/noticias\/wp-content\/uploads\/sites\/32\/2022\/07\/emeb-carla-andressa-25-1-768x512.jpg 768w, https:\/\/jundiai.sp.gov.br\/noticias\/wp-content\/uploads\/sites\/32\/2022\/07\/emeb-carla-andressa-25-1-450x300.jpg 450w\" sizes=\"auto, (max-width: 1280px) 100vw, 1280px\" \/><figcaption>M\u00e3e do Davi, Maressa Gon\u00e7alves Santos de Paula, aproveitam o retorno da escola<\/figcaption><\/figure>\n\n\n\n<p>A Educadora Infantil, Mariana Bessa, contou sobre a volta do grupo 1 A. &#8220;Priorizamos o acolher, dentro da escola e tamb\u00e9m nos ambientes externos, pudemos perceber o quanto se desenvolveram. Alguns voltaram bem falantes\u201d, disse. O desemparedamento da escola p\u00f4de acontecer no recesso tamb\u00e9m, \u00e9 uma continuidade, afinal, n\u00e3o precisa e nem deve acontecer somente na escola.<\/p>\n\n\n\n<p>A pequena Sophia de Carvalho \u00e9 do grupo 3 e estava super animada, visitou a horta com os amigos e, com a professora, a turminha combinou a rotina dos pr\u00f3ximos dias. \u201cEstamos voltando para a escola, adorei porque j\u00e1 fomos na horta da escola que eu adoro! Mas tamb\u00e9m adorei ficar em casa, acordei mais tarde e brinquei bastante\u201d, contou sobre o dia de retorno \u00e0s aulas.<\/p>\n\n\n\n<figure class=\"wp-block-image size-full\"><img loading=\"lazy\" decoding=\"async\" width=\"1048\" height=\"707\" src=\"https:\/\/jundiai.sp.gov.br\/noticias\/wp-content\/uploads\/sites\/32\/2022\/07\/emeb-carla-andressa-39-edited.jpg\" alt=\"Na frente da escola, em um port\u00e3o de grandes brancas e parede azul, uma educadora anda de m\u00e3os dadas com duas crian\u00e7as e atr\u00e1s dela, outra educadora, de m\u00e3os dadas com duas crian\u00e7as, onde, na imagem, aparece apenas uma. Eles t\u00e3o indo at\u00e9 o port\u00e3o da escola.\" class=\"wp-image-297367\" srcset=\"https:\/\/jundiai.sp.gov.br\/noticias\/wp-content\/uploads\/sites\/32\/2022\/07\/emeb-carla-andressa-39-edited.jpg 1048w, https:\/\/jundiai.sp.gov.br\/noticias\/wp-content\/uploads\/sites\/32\/2022\/07\/emeb-carla-andressa-39-edited-300x202.jpg 300w, https:\/\/jundiai.sp.gov.br\/noticias\/wp-content\/uploads\/sites\/32\/2022\/07\/emeb-carla-andressa-39-edited-768x518.jpg 768w\" sizes=\"auto, (max-width: 1048px) 100vw, 1048px\" \/><figcaption>Nesta quinta-feira (21) as crian\u00e7as voltam do Recesso Escolar e, em momento especial, reencontram os educadores <\/figcaption><\/figure>\n\n\n\n<p><strong>Assessoria de Imprensa<br>Fotos: Fot\u00f3grafos PMJ<\/strong><\/p>\n","protected":false},"excerpt":{"rendered":"<p>Nesta quinta-feira (21) as aulas retornaram com muita anima\u00e7\u00e3o e atividades l\u00fadicas, em v\u00e1rios ambientes da escola. Os estudantes entraram em recesso escolar no dia 11 de julho e o recomendado era aproveitar com a fam\u00edlia em momentos de divers\u00e3o e descanso. Foi o que Maressa Santos de Paulo fez com o pequeno Davi, da [&hellip;]<\/p>\n","protected":false},"author":82,"featured_media":297367,"comment_status":"closed","ping_status":"0","sticky":false,"template":"","format":"standard","meta":{"footnotes":""},"categories":[2],"tags":[6,1061,3248,1606],"ods":[],"class_list":["post-297356","post","type-post","status-publish","format-standard","has-post-thumbnail","hentry","category-noticias","tag-educacao","tag-escola-inovadora","tag-recesso-escolar","tag-volta-as-aulas"],"_links":{"self":[{"href":"https:\/\/jundiai.sp.gov.br\/noticias\/wp-json\/wp\/v2\/posts\/297356","targetHints":{"allow":["GET"]}}],"collection":[{"href":"https:\/\/jundiai.sp.gov.br\/noticias\/wp-json\/wp\/v2\/posts"}],"about":[{"href":"https:\/\/jundiai.sp.gov.br\/noticias\/wp-json\/wp\/v2\/types\/post"}],"author":[{"embeddable":true,"href":"https:\/\/jundiai.sp.gov.br\/noticias\/wp-json\/wp\/v2\/users\/82"}],"replies":[{"embeddable":true,"href":"https:\/\/jundiai.sp.gov.br\/noticias\/wp-json\/wp\/v2\/comments?post=297356"}],"version-history":[{"count":12,"href":"https:\/\/jundiai.sp.gov.br\/noticias\/wp-json\/wp\/v2\/posts\/297356\/revisions"}],"predecessor-version":[{"id":297394,"href":"https:\/\/jundiai.sp.gov.br\/noticias\/wp-json\/wp\/v2\/posts\/297356\/revisions\/297394"}],"wp:featuredmedia":[{"embeddable":true,"href":"https:\/\/jundiai.sp.gov.br\/noticias\/wp-json\/wp\/v2\/media\/297367"}],"wp:attachment":[{"href":"https:\/\/jundiai.sp.gov.br\/noticias\/wp-json\/wp\/v2\/media?parent=297356"}],"wp:term":[{"taxonomy":"category","embeddable":true,"href":"https:\/\/jundiai.sp.gov.br\/noticias\/wp-json\/wp\/v2\/categories?post=297356"},{"taxonomy":"post_tag","embeddable":true,"href":"https:\/\/jundiai.sp.gov.br\/noticias\/wp-json\/wp\/v2\/tags?post=297356"},{"taxonomy":"ods","embeddable":true,"href":"https:\/\/jundiai.sp.gov.br\/noticias\/wp-json\/wp\/v2\/ods?post=297356"}],"curies":[{"name":"wp","href":"https:\/\/api.w.org\/{rel}","templated":true}]}}