{"id":298267,"date":"2022-08-02T18:13:19","date_gmt":"2022-08-02T21:13:19","guid":{"rendered":"https:\/\/jundiai.sp.gov.br\/noticias\/?p=298267"},"modified":"2022-08-02T18:13:19","modified_gmt":"2022-08-02T21:13:19","slug":"nota-oficial-9","status":"publish","type":"post","link":"https:\/\/jundiai.sp.gov.br\/noticias\/2022\/08\/02\/nota-oficial-9\/","title":{"rendered":"Nota Oficial"},"content":{"rendered":"\n<p>A Unidade de Gest\u00e3o de Educa\u00e7\u00e3o (UGE), a par das provid\u00eancias policiais, informa que j\u00e1 adotou as medidas cab\u00edveis com rela\u00e7\u00e3o \u00e0 den\u00fancia veiculada ontem, pela m\u00eddia, sobre suposto estupro em escola da rede municipal. O suspeito, que trabalha na escola, foi afastado das atividades at\u00e9 que se encerrem as apura\u00e7\u00f5es internas e as investiga\u00e7\u00f5es policiais.<\/p>\n\n\n\n<p>Vale salientar que o munic\u00edpio conta com rede completa de atendimento para o apoio e cuidado, inclusive com o servi\u00e7o de Escuta Especializada, que atua em parceria entre as Unidades de Promo\u00e7\u00e3o da Sa\u00fade, Educa\u00e7\u00e3o e Assist\u00eancia e Desenvolvimento Social. Uma equipe de apoio psicol\u00f3gico e de assist\u00eancia social est\u00e1 atuando na escola para suporte \u00e0 fam\u00edlia e aos pais\/respons\u00e1veis de estudantes da unidade escolar.<\/p>\n\n\n\n<p>O munic\u00edpio tem investido fortemente em programas de preven\u00e7\u00e3o de ass\u00e9dio nas escolas, em articula\u00e7\u00e3o com outras institui\u00e7\u00f5es da sociedade, com vistas a identificar e prevenir ocorr\u00eancias desse tipo.<\/p>\n\n\n\n<p><strong>Assessoria de Imprensa<\/strong><\/p>\n","protected":false},"excerpt":{"rendered":"<p>A Unidade de Gest\u00e3o de Educa\u00e7\u00e3o (UGE), a par das provid\u00eancias policiais, informa que j\u00e1 adotou as medidas cab\u00edveis com rela\u00e7\u00e3o \u00e0 den\u00fancia veiculada ontem, pela m\u00eddia, sobre suposto estupro em escola da rede municipal. O suspeito, que trabalha na escola, foi afastado das atividades at\u00e9 que se encerrem as apura\u00e7\u00f5es internas e as investiga\u00e7\u00f5es [&hellip;]<\/p>\n","protected":false},"author":39,"featured_media":245984,"comment_status":"closed","ping_status":"0","sticky":false,"template":"","format":"standard","meta":{"footnotes":""},"categories":[2],"tags":[6],"ods":[],"class_list":["post-298267","post","type-post","status-publish","format-standard","has-post-thumbnail","hentry","category-noticias","tag-educacao"],"_links":{"self":[{"href":"https:\/\/jundiai.sp.gov.br\/noticias\/wp-json\/wp\/v2\/posts\/298267","targetHints":{"allow":["GET"]}}],"collection":[{"href":"https:\/\/jundiai.sp.gov.br\/noticias\/wp-json\/wp\/v2\/posts"}],"about":[{"href":"https:\/\/jundiai.sp.gov.br\/noticias\/wp-json\/wp\/v2\/types\/post"}],"author":[{"embeddable":true,"href":"https:\/\/jundiai.sp.gov.br\/noticias\/wp-json\/wp\/v2\/users\/39"}],"replies":[{"embeddable":true,"href":"https:\/\/jundiai.sp.gov.br\/noticias\/wp-json\/wp\/v2\/comments?post=298267"}],"version-history":[{"count":2,"href":"https:\/\/jundiai.sp.gov.br\/noticias\/wp-json\/wp\/v2\/posts\/298267\/revisions"}],"predecessor-version":[{"id":298269,"href":"https:\/\/jundiai.sp.gov.br\/noticias\/wp-json\/wp\/v2\/posts\/298267\/revisions\/298269"}],"wp:featuredmedia":[{"embeddable":true,"href":"https:\/\/jundiai.sp.gov.br\/noticias\/wp-json\/wp\/v2\/media\/245984"}],"wp:attachment":[{"href":"https:\/\/jundiai.sp.gov.br\/noticias\/wp-json\/wp\/v2\/media?parent=298267"}],"wp:term":[{"taxonomy":"category","embeddable":true,"href":"https:\/\/jundiai.sp.gov.br\/noticias\/wp-json\/wp\/v2\/categories?post=298267"},{"taxonomy":"post_tag","embeddable":true,"href":"https:\/\/jundiai.sp.gov.br\/noticias\/wp-json\/wp\/v2\/tags?post=298267"},{"taxonomy":"ods","embeddable":true,"href":"https:\/\/jundiai.sp.gov.br\/noticias\/wp-json\/wp\/v2\/ods?post=298267"}],"curies":[{"name":"wp","href":"https:\/\/api.w.org\/{rel}","templated":true}]}}