{"id":298374,"date":"2022-08-04T12:13:30","date_gmt":"2022-08-04T15:13:30","guid":{"rendered":"https:\/\/jundiai.sp.gov.br\/noticias\/?p=298374"},"modified":"2022-08-04T12:13:30","modified_gmt":"2022-08-04T15:13:30","slug":"com-entrada-gratuita-e-diversas-ofertas-feira-do-empreendedor-negocios-e-servicos-fens-tera-mais-de-170-expositores","status":"publish","type":"post","link":"https:\/\/jundiai.sp.gov.br\/noticias\/2022\/08\/04\/com-entrada-gratuita-e-diversas-ofertas-feira-do-empreendedor-negocios-e-servicos-fens-tera-mais-de-170-expositores\/","title":{"rendered":"Com entrada gratuita e diversas ofertas, Feira do Empreendedor, Neg\u00f3cios e Servi\u00e7os (FENS) ter\u00e1 mais de 170 expositores"},"content":{"rendered":"\n<p>Com entrada gratuita, a 1\u00aa Feira do Empreendedor, Neg\u00f3cios e Servi\u00e7os (FENS) ter\u00e1 sua abertura oficial nesta sexta-feira (5), a partir das 12h.<\/p>\n\n\n\n<p>A Feira acontece na sexta-feira at\u00e9 22h, no s\u00e1bado (das 9h \u00e0s 22h) e domingo (9h \u00e0s 18h), no Parque Comendador Antonio Carbonari (Parque da Uva). A entrada principal vai estar aberta ao publico. O estacionamento ter\u00e1 entrada pela Avenida Amadeu Ribeiro (rua ao lado do Bol\u00e3o).<\/p>\n\n\n\n<p>O evento acontece nos tr\u00eas pavilh\u00f5es do Parque com mais de 170 estandes com produtos e servi\u00e7os dos empreendedores da cidade, al\u00e9m dos produtores e empreendedores cadastrados na Unidade de Agroneg\u00f3cio, Abastecimento e Turismo. Durante o evento, os empreendedores prometem promo\u00e7\u00f5es especiais para quem estiver no local.<\/p>\n\n\n\n<p>A Feira tem por objetivo fomentar o networking entre os empreendedores da cidade, al\u00e9m de ser mais uma oportunidade de compras de produtos locais pela popula\u00e7\u00e3o.<\/p>\n\n\n\n<figure class=\"wp-block-image size-large\"><img loading=\"lazy\" decoding=\"async\" width=\"1264\" height=\"960\" src=\"https:\/\/jundiai.sp.gov.br\/noticias\/wp-content\/uploads\/sites\/32\/2022\/08\/amorah-7-1264x960.jpg\" alt=\"\" class=\"wp-image-298375\" srcset=\"https:\/\/jundiai.sp.gov.br\/noticias\/wp-content\/uploads\/sites\/32\/2022\/08\/amorah-7-1264x960.jpg 1264w, https:\/\/jundiai.sp.gov.br\/noticias\/wp-content\/uploads\/sites\/32\/2022\/08\/amorah-7-300x228.jpg 300w, https:\/\/jundiai.sp.gov.br\/noticias\/wp-content\/uploads\/sites\/32\/2022\/08\/amorah-7-768x583.jpg 768w, https:\/\/jundiai.sp.gov.br\/noticias\/wp-content\/uploads\/sites\/32\/2022\/08\/amorah-7.jpg 1280w\" sizes=\"auto, (max-width: 1264px) 100vw, 1264px\" \/><figcaption>Durante a Feira, acontecer\u00e3o atividades para as crian\u00e7as<\/figcaption><\/figure>\n\n\n\n<p>Produtos naturais, roupas, produtos e roupas para beb\u00eas, produtos para pets, de beleza, cosm\u00e9ticos, semi-joias, massagem, doces, bolos, coxinha, pastel, cerveja artesanal, chocolate, adegas, mel, produtor rural e servi\u00e7os para as empresas s\u00e3o algumas coisas que ser\u00e3o ofertadas no local.<\/p>\n\n\n\n<p>Na parte externa, ter\u00e3o atra\u00e7\u00f5es musicais com bandas locais, Djs, foods trucks e atra\u00e7\u00f5es infantis. No domingo, \u00e0s 9h ser\u00e1 realizada uma aula de ritmos gratuitas no Parque \u2013 a atividade n\u00e3o precisa de inscri\u00e7\u00e3o pr\u00e9via.<\/p>\n\n\n\n<p>\u201cA Feira do Empreendedor, Neg\u00f3cios e Servi\u00e7os tem o objetivo de promover os empreendedores da cidade, fomentar a conex\u00e3o do trabalho dele com poss\u00edveis clientes e potencializar o networking e suas vendas. Ser\u00e1 um grande encontro de neg\u00f3cios da cidade para potencializarmos os empreendedores a alavancar seu neg\u00f3cio, al\u00e9m de termos atra\u00e7\u00f5es para toda fam\u00edlia e foods trucks\u201d, explica Cristiano Lopes, gestor da Unidade de Desenvolvimento Econ\u00f4mico, Ci\u00eancia e Tecnologia.<\/p>\n\n\n\n<p>Confira a programa\u00e7\u00e3o musical e atividades para as crian\u00e7as:<\/p>\n\n\n\n<p><strong>Sexta-feira (5)<\/strong><\/p>\n\n\n\n<p>Dj Piggy \u2013 A partir das 16h<\/p>\n\n\n\n<p>Ricky Abatte Trio (Pop Rock) \u2013 19h30<\/p>\n\n\n\n<p><strong>S\u00e1bado (6)<\/strong><\/p>\n\n\n\n<p>Amorah \u2013 brincadeiras infantis \u2013 10h-12h\/13h-15h<\/p>\n\n\n\n<p>DJ Adriano \u2013 11h<\/p>\n\n\n\n<p>Banda Funk\u2019s Natra (Sou\u00e7\/MPB) \u2013 16h<\/p>\n\n\n\n<p>Edu Rocker Trio (Rockbilly) \u2013 19h &#8211; 21h<\/p>\n\n\n\n<p><strong>Domingo (7)<\/strong><\/p>\n\n\n\n<p>Aula de ritimos \u20139h<\/p>\n\n\n\n<p>Amorah \u2013 brincadeiras infantis \u2013 10h &#8211; 12h\/13h &#8211; 15h<\/p>\n\n\n\n<p>Dj Jocker \u2013 14h<\/p>\n\n\n\n<p>Agnus Rock (Classic Rock) \u2013 16h-18h<\/p>\n\n\n\n<p><strong>Assessoria de Imprensa<br>Fotos: Fot\u00f3grafos PMJ<\/strong><\/p>\n","protected":false},"excerpt":{"rendered":"<p>Com entrada gratuita, a 1\u00aa Feira do Empreendedor, Neg\u00f3cios e Servi\u00e7os (FENS) ter\u00e1 sua abertura oficial nesta sexta-feira (5), a partir das 12h. A Feira acontece na sexta-feira at\u00e9 22h, no s\u00e1bado (das 9h \u00e0s 22h) e domingo (9h \u00e0s 18h), no Parque Comendador Antonio Carbonari (Parque da Uva). A entrada principal vai estar aberta [&hellip;]<\/p>\n","protected":false},"author":81,"featured_media":298375,"comment_status":"closed","ping_status":"0","sticky":false,"template":"","format":"standard","meta":{"footnotes":""},"categories":[2],"tags":[365,1527,1192],"ods":[],"class_list":["post-298374","post","type-post","status-publish","format-standard","has-post-thumbnail","hentry","category-noticias","tag-desenvolvimento-economico-ciencia-e-tecnologia","tag-jundiai-empreendedora","tag-ugdect"],"_links":{"self":[{"href":"https:\/\/jundiai.sp.gov.br\/noticias\/wp-json\/wp\/v2\/posts\/298374","targetHints":{"allow":["GET"]}}],"collection":[{"href":"https:\/\/jundiai.sp.gov.br\/noticias\/wp-json\/wp\/v2\/posts"}],"about":[{"href":"https:\/\/jundiai.sp.gov.br\/noticias\/wp-json\/wp\/v2\/types\/post"}],"author":[{"embeddable":true,"href":"https:\/\/jundiai.sp.gov.br\/noticias\/wp-json\/wp\/v2\/users\/81"}],"replies":[{"embeddable":true,"href":"https:\/\/jundiai.sp.gov.br\/noticias\/wp-json\/wp\/v2\/comments?post=298374"}],"version-history":[{"count":3,"href":"https:\/\/jundiai.sp.gov.br\/noticias\/wp-json\/wp\/v2\/posts\/298374\/revisions"}],"predecessor-version":[{"id":298410,"href":"https:\/\/jundiai.sp.gov.br\/noticias\/wp-json\/wp\/v2\/posts\/298374\/revisions\/298410"}],"wp:featuredmedia":[{"embeddable":true,"href":"https:\/\/jundiai.sp.gov.br\/noticias\/wp-json\/wp\/v2\/media\/298375"}],"wp:attachment":[{"href":"https:\/\/jundiai.sp.gov.br\/noticias\/wp-json\/wp\/v2\/media?parent=298374"}],"wp:term":[{"taxonomy":"category","embeddable":true,"href":"https:\/\/jundiai.sp.gov.br\/noticias\/wp-json\/wp\/v2\/categories?post=298374"},{"taxonomy":"post_tag","embeddable":true,"href":"https:\/\/jundiai.sp.gov.br\/noticias\/wp-json\/wp\/v2\/tags?post=298374"},{"taxonomy":"ods","embeddable":true,"href":"https:\/\/jundiai.sp.gov.br\/noticias\/wp-json\/wp\/v2\/ods?post=298374"}],"curies":[{"name":"wp","href":"https:\/\/api.w.org\/{rel}","templated":true}]}}