{"id":298726,"date":"2022-08-08T11:48:02","date_gmt":"2022-08-08T14:48:02","guid":{"rendered":"https:\/\/jundiai.sp.gov.br\/noticias\/?p=298726"},"modified":"2022-08-08T11:48:02","modified_gmt":"2022-08-08T14:48:02","slug":"programa-estadual-de-oficinas-culturais-abre-novas-vagas-gratuitas-2","status":"publish","type":"post","link":"https:\/\/jundiai.sp.gov.br\/noticias\/2022\/08\/08\/programa-estadual-de-oficinas-culturais-abre-novas-vagas-gratuitas-2\/","title":{"rendered":"Programa estadual de Oficinas Culturais abre novas vagas gratuitas"},"content":{"rendered":"\n<p>A Unidade de Gest\u00e3o de Cultura (UGC), em apoio a Secretaria de Cultura e Economia Criativa do Estado de S\u00e3o Paulo est\u00e1 divulgando a abertura das inscri\u00e7\u00f5es para as \u201cOficinas Culturais \u2013 Forma\u00e7\u00e3o para o Interior\u201d, projeto gerenciado pela Poiesis Organiza\u00e7\u00e3o Social de Cultura, todas gratuitas.<\/p>\n\n\n\n<p>As inscri\u00e7\u00f5es j\u00e1 est\u00e3o abertas e as oficinas oferecidas s\u00e3o para diferentes linguagens art\u00edsticas e ser\u00e3o realizadas em setembro, com aulas ao vivo, todos pela plataforma Zoom e os participantes dever\u00e3o ter no m\u00ednimo 16 anos. As inscri\u00e7\u00f5es acontecer\u00e3o via internet, sendo que para cada oficina h\u00e1 um link espec\u00edfico.<\/p>\n\n\n\n<p>Confira a programa\u00e7\u00e3o:<\/p>\n\n\n\n<p>GRAFIAS DO CORPO &#8211; PERCURSOS COM A IMAGEM FOTOGR\u00c1FICA<br>Coordena\u00e7\u00e3o: Joice Rodrigues de Lima<br>Datas e hor\u00e1rios: 1, 6, 8 e 13\/9 &#8211; 10h \u00e0s 12h<br>25 vagas<br>Inscri\u00e7\u00f5es: 9\/8 at\u00e9 o preenchimento das vagas<br>Sele\u00e7\u00e3o: primeiros inscritos<br>P\u00fablico-alvo: Atores, bailarinos, artistas do corpo, educadores e\/ou interessados nas artes c\u00eanicas em geral, a partir de 16 anos<br>Plataforma: Zoom<br>Materiais e equipamentos necess\u00e1rios: Imagens fotogr\u00e1ficas impressas ou digitais; celular ou computador com acesso a internet, roupa confort\u00e1vel para o trabalho corporal.<br>Link para inscri\u00e7\u00e3o: <a href=\"https:\/\/forms.gle\/48eRuagcyzNHL8oGA\" target=\"_blank\" rel=\"noreferrer noopener\">https:\/\/forms.gle\/48eRuagcyzNHL8oGA<\/a><\/p>\n\n\n\n<p>Esta oficina prop\u00f5e-se a orientar os participantes em um caminho de cria\u00e7\u00e3o de cenas curtas, tendo a imagem fotogr\u00e1fica como elemento disparador do processo criativo. Para isso, a imagem fotogr\u00e1fica ser\u00e1 uma ponte entre a fic\u00e7\u00e3o e a realidade em dispositivos para a cria\u00e7\u00e3o do ator e se dar\u00e1 foco a um caminho de cria\u00e7\u00e3o autoral, extremamente ligado \u00e0s percep\u00e7\u00f5es de mundo e mem\u00f3rias do ator\/participante.<\/p>\n\n\n\n<p>COMUNICA\u00c7\u00c3O E M\u00cdDIAS SOCIAIS PARA MULHERES ARTISTAS E TRABALHADORAS DA CULTURA<br>Coordena\u00e7\u00e3o: Silvia Maria Souza<br>Datas e hor\u00e1rios:<br>Turma A: 1 e 5\/9 &#8211; 18h30 \u00e0s 20h30<br>Turma B: 14 e 16\/9 &#8211; 14h \u00e0s 16h<br>60 vagas<br>Inscri\u00e7\u00f5es: 9\/8 at\u00e9 o preenchimento das vagas<br>Sele\u00e7\u00e3o: primeiros inscritos<br>P\u00fablico-alvo: Mulheres Artistas e Trabalhadoras da Cultura. Mulheres cis, trans, travestis, n\u00e3o-bin\u00e1rie, a partir de 16 anos.<br>Plataforma: Zoom<br>Link para inscri\u00e7\u00e3o turma A: <a href=\"https:\/\/forms.gle\/d7jSAZngYw9yBw678\" target=\"_blank\" rel=\"noreferrer noopener\">https:\/\/forms.gle\/d7jSAZngYw9yBw678<\/a><br>Link para inscri\u00e7\u00e3o turma B: <a href=\"https:\/\/forms.gle\/CiCc1r3ostyoLqDM6\" target=\"_blank\" rel=\"noreferrer noopener\">https:\/\/forms.gle\/CiCc1r3ostyoLqDM6<\/a><\/p>\n\n\n\n<p>A atividade contextualizar\u00e1 as participantes sobre as possibilidades de uso das M\u00eddias Sociais para divulgar, integrar e fomentar a Arte e a Cultura, possibilitando um mergulho neste universo virtual e mostrar que al\u00e9m da divulga\u00e7\u00e3o, existem muitas possibilidades para a Comunica\u00e7\u00e3o e M\u00eddias Sociais.<\/p>\n\n\n\n<p>OFICINA DE DRAMATURGIA: PERFORMATIVIDADE E DISPOSITIVO C\u00caNICO<br>Coordena\u00e7\u00e3o: Carolina Gonzales<br>Datas e hor\u00e1rios: 12,14,19 e 21\/9 &#8211; 18h30 \u00e0s 20h30<br>30 vagas<br>Inscri\u00e7\u00f5es: 9\/8 at\u00e9 o preenchimento das vagas<br>Sele\u00e7\u00e3o: primeiros inscritos<br>P\u00fablico-alvo: Escritores, atores, estudantes de teatro ou interessados pela escrita teatral, com ou sem experi\u00eancia em dramaturgia. A partir de 16 anos.<br>Plataforma: Zoom<br>Link para inscri\u00e7\u00e3o: <a href=\"https:\/\/forms.gle\/Gzsee7Vcay9K4HSu5\" target=\"_blank\" rel=\"noreferrer noopener\">https:\/\/forms.gle\/Gzsee7Vcay9K4HSu5<\/a><\/p>\n\n\n\n<p>A oficina permitir\u00e1 aos participantes o conhecimento de algumas t\u00e9cnicas da carpintaria dramat\u00fargica de uma maneira pr\u00e1tica, atrav\u00e9s de exerc\u00edcios abord\u00e1veis e l\u00fadicos. Os participantes podem ter ou n\u00e3o experi\u00eancia em dramaturgia ou qualquer outro tipo de escrita. O foco desta oficina ser\u00e1 a performatividade e o dispositivo c\u00eanico na escrita teatral contempor\u00e2nea.<\/p>\n\n\n\n<p>OFICINA: ROTEIRO DE CURTA- METRAGEM &#8211; DO DOCUMENT\u00c1RIO \u00c0 FIC\u00c7\u00c3O<br>Coordena\u00e7\u00e3o: Roney Freitas<br>Datas e hor\u00e1rios: 21, 23, 26 e 28\/9 das 14h \u00e0s 16h<br>40 vagas<br>Inscri\u00e7\u00f5es: 9\/8 at\u00e9 o preenchimento das vagas<br>Sele\u00e7\u00e3o: primeiros inscritos<br>P\u00fablico-alvo: A partir de 17 anos.<br>Plataforma: Zoom<br>Link para inscri\u00e7\u00e3o: <a href=\"https:\/\/forms.gle\/TvP3a3jMPsPpmw516\" target=\"_blank\" rel=\"noreferrer noopener\">https:\/\/forms.gle\/TvP3a3jMPsPpmw516<\/a><\/p>\n\n\n\n<p>Esta oficina busca fornecer informa\u00e7\u00f5es te\u00f3ricas e pr\u00e1ticas sobre a produ\u00e7\u00e3o ficcional e documental contempor\u00e2nea visando \u00e0 elabora\u00e7\u00e3o de roteiros audiovisuais, por an\u00e1lise de projetos, discuss\u00e3o de textos te\u00f3ricos e processo criativo compartilhado de filmes do palestrante e de outros realizadores. Proporciona conhecimentos e experi\u00eancias pr\u00f3prias ao aluno no desenvolvimento de argumentos e projetos de curta-metragem em cinema.<\/p>\n\n\n\n<p>OFICINA: ZABUMBA NORDESTINO<br>Coordena\u00e7\u00e3o: Guegu\u00e9 Medeiros e Tuca Martins<br>Datas e hor\u00e1rios: 1, 6 e 8\/9 &#8211; 18h30 \u00e0s 20h30<br>50 vagas<br>Inscri\u00e7\u00f5es: 9\/8 at\u00e9 o preenchimento das vagas<br>Sele\u00e7\u00e3o: primeiros inscritos<br>P\u00fablico-alvo: Jovens, adultos e interessados na cultura popular.<br>Plataforma: Zoom<br>Link para inscri\u00e7\u00e3o:<a href=\"https:\/\/forms.gle\/mWEuGnx5T3irbHZo8\" target=\"_blank\" rel=\"noreferrer noopener\"> https:\/\/forms.gle\/mWEuGnx5T3irbHZo8<\/a><\/p>\n\n\n\n<p>Esta oficina tem como finalidade apresentar o instrumento musical zabumba. Ser\u00e1 abordado a forma de tocar os principais ritmos do forr\u00f3 tradicional, m\u00e9todo, hist\u00f3ria e trajet\u00f3ria profissional de artistas.<\/p>\n\n\n\n<p>OFICINA: PODCAST \u2013 UM FORMATO VERS\u00c1TIL<br>Coordena\u00e7\u00e3o: Marcelo Spomberg<br>Datas e hor\u00e1rios: 19, 21 e 23\/9 &#8211; 10h \u00e0s 12h<br>50 vagas<br>Inscri\u00e7\u00f5es: 9\/8 at\u00e9 o preenchimento das vagas<br>Sele\u00e7\u00e3o: primeiros inscritos<br>P\u00fablico-alvo: P\u00fablico em geral<br>Plataforma: Zoom<br>Link para inscri\u00e7\u00e3o: <a rel=\"noreferrer noopener\" href=\"https:\/\/forms.gle\/ArvFbzz14v3e9pjS7\" target=\"_blank\">https:\/\/forms.gle\/ArvFbzz14v3e9pjS7<\/a><\/p>\n\n\n\n<p>A proposta desta oficina \u00e9 discutir os caminhos dispon\u00edveis aos profissionais do audiovisual e debater os conceitos da m\u00eddia podcast. A ideia \u00e9 estimular futuros realizadores de podcast, priorizando a import\u00e2ncia de contar hist\u00f3ria.<\/p>\n\n\n\n<p>OFICINA DE MALABARISMO: MALABARISMUS COTIDIANUS<br>Coordena\u00e7\u00e3o: Marcelo Roya<br>Datas e hor\u00e1rios: 13, 15, 20 e 22\/9 &#8211; 14h \u00e0s 16h<br>20 vagas<br>Inscri\u00e7\u00f5es: 9\/8 at\u00e9 o preenchimento das vagas<br>Sele\u00e7\u00e3o: primeiros inscritos<br>P\u00fablico-alvo: Qualquer pessoa acima de 16 anos interessada em malabarismo, riso, arte de rua, ou em alguma atividade f\u00edsica que prop\u00f5e o conhecimento corporal e coordena\u00e7\u00e3o motora, com ou sem experi\u00eancia.<br>Plataforma: Zoom<br>Link para inscri\u00e7\u00e3o: <a href=\"https:\/\/forms.gle\/GExAocBqrf7Dj1tVA\" target=\"_blank\" rel=\"noreferrer noopener\">https:\/\/forms.gle\/GExAocBqrf7Dj1tVA<\/a><\/p>\n\n\n\n<p>A oficina Malabarismus Cotidianus prop\u00f5e ensinar qualquer pessoa a fazer malabarismo com objetos do cotidiano, aprendendo n\u00e3o s\u00f3 a jogar malabares ou equilibrar os objetos, mas dar risada quando tudo cai. Esta oficina busca trabalhar a coordena\u00e7\u00e3o motora, a expans\u00e3o de possibilidades f\u00edsicas, discuss\u00e3o e a pr\u00e1tica acerca do \u201cerro\u201d, que nessa oficina, ser\u00e1 a partir do malabarismo, mas que se estende a qualquer outra pr\u00e1tica cotidiana ou profissional.<\/p>\n\n\n\n<p>ENCONTROS E DI\u00c1LOGOS: CONSUMO E ARTE<br>Coordena\u00e7\u00e3o: Eliana C. Curvelo<br>Data e hor\u00e1rios: 8\/9 -18h30 \u00e0s 20h30<br>60 vagas<br>Inscri\u00e7\u00f5es: 9\/8 at\u00e9 o preenchimento das vagas<br>Sele\u00e7\u00e3o: primeiros inscritos<br>P\u00fablico-alvo: Interessados \u00e0 partir de 16 anos<br>Plataforma: Zoom<br>Link para inscri\u00e7\u00e3o: <a href=\"https:\/\/forms.gle\/pKyyRpu28zs8zPYN7\" target=\"_blank\" rel=\"noreferrer noopener\">https:\/\/forms.gle\/pKyyRpu28zs8zPYN7<\/a><\/p>\n\n\n\n<p>Esta atividade busca provocar di\u00e1logos sobre como estamos consumindo coisas e pessoas no nosso cotidiano, com a inten\u00e7\u00e3o de rever nossos comportamentos sociais. O atual cen\u00e1rio mundial, pol\u00edtico, econ\u00f4mico, social e cultural tem esvaziado a alma das pessoas, levando estas a serem consumidores inconscientes. A arte e as produ\u00e7\u00f5es art\u00edsticas podem mobilizar novas formas de pensamento cr\u00edtico sobre a nossa vida e proporcionar a conscientiza\u00e7\u00e3o sobre as formas de consumo nos cotidianos das pessoas.<\/p>\n\n\n\n<p>ENCONTROS E DI\u00c1LOGOS: PADRONIZA\u00c7\u00c3O DE MASSAS E A BELEZA<br>Coordena\u00e7\u00e3o: Eliana C. Curvelo<br>Data e hor\u00e1rio: 29\/9 &#8211; 18h30 \u00e0s 20h30<br>60 vagas<br>Inscri\u00e7\u00f5es: 9\/8 at\u00e9 o preenchimento das vagas<br>Sele\u00e7\u00e3o: primeiros inscritos<br>P\u00fablico-alvo: : Interessados \u00e0 partir de 16 anos<br>Plataforma: Zoom<br>Link para inscri\u00e7\u00e3o: <a href=\"https:\/\/forms.gle\/D9gwVJZnxroGY5886\" target=\"_blank\" rel=\"noreferrer noopener\">https:\/\/forms.gle\/D9gwVJZnxroGY5886<\/a><\/p>\n\n\n\n<p>Esta atividade busca demonstrar, a partir de obras de arte de diversos artistas e movimentos art\u00edsticos, como cada per\u00edodo da hist\u00f3ria humana a beleza se apresenta de formas muito diferentes. Pensar sobre a sociedade de massas e as formas de poder de uns sobre os outros a partir de uma padroniza\u00e7\u00e3o das pessoas, cultura, est\u00e9tica, comportamentos e, principalmente, dos corpos das mulheres que, ainda, est\u00e3o submetidas aos padr\u00f5es da cultura patriarcal.<\/p>\n\n\n\n<p>OFICINA OS LAMBES E A RUA<br>Coordena\u00e7\u00e3o: Priscila Bellotti<br>Datas e hor\u00e1rios: 12\/9 &#8211; 18h30 \u00e0s 20h30<br>50 vagas<br>Inscri\u00e7\u00f5es: 9\/8 at\u00e9 o preenchimento das vagas<br>Sele\u00e7\u00e3o: primeiros inscritos<br>P\u00fablico-alvo: Estudantes, artistas, pesquisadores, urbanistas e qualquer pessoa que tenha interesse em arte e na paisagem urbana com mais de 16 anos.<br>Plataforma: Zoom<br>Link para inscri\u00e7\u00e3o: <a href=\"https:\/\/forms.gle\/7SPP2NgxEyXDRXXr8\" target=\"_blank\" rel=\"noreferrer noopener\">https:\/\/forms.gle\/7SPP2NgxEyXDRXXr8<\/a><\/p>\n\n\n\n<p>Esta oficina apontar\u00e1 a presen\u00e7a dos lambes na paisagem urbana e seu uso e apropria\u00e7\u00e3o por artistas e experimentadores. Um perambular atento aos lambes, suas mensagens, sua est\u00e9tica, suas caracter\u00edsticas gr\u00e1ficas, suas potencialidades art\u00edsticas e sua presen\u00e7a na paisagem urbana. Trabalhos e ideias que sugerem uma mudan\u00e7a na percep\u00e7\u00e3o da rua como espa\u00e7o compartilhado, e tamb\u00e9m inspiram \u00e0 experimenta\u00e7\u00e3o gr\u00e1fica.<\/p>\n\n\n\n<p>INTRODU\u00c7\u00c3O \u00c0 AQUARELA: ESCALA DE COR, PAISAGEM E O RETRATO<br>Coordena\u00e7\u00e3o: Isabella Finholdt<br>Datas e hor\u00e1rios: 20, 22, 27 e 29\/9 &#8211; 10h \u00e0s 12h<br>15 vagas<br>Inscri\u00e7\u00f5es: 9\/8 at\u00e9 o preenchimento das vagas<br>Sele\u00e7\u00e3o: primeiros inscritos<br>P\u00fablico-alvo: Estudantes e interessados em aquarela e artes em geral<br>Plataforma: Zoom<br>Link para inscri\u00e7\u00e3o: <a href=\"https:\/\/forms.gle\/ipg7CtsshocbSQMeA\" target=\"_blank\" rel=\"noreferrer noopener\">https:\/\/forms.gle\/ipg7CtsshocbSQMeA<\/a><\/p>\n\n\n\n<p>Esta oficina apresenta propostas de atividades voltadas \u00e0 introdu\u00e7\u00e3o \u00e0 t\u00e9cnica de pintura aquarela. O objetivo \u00e9 aproximar os participantes da aquarela em conjunto com reflex\u00f5es sobre a t\u00e9cnica atrav\u00e9s dos exerc\u00edcios propostos. Os dois primeiros encontros ser\u00e3o voltados para a constru\u00e7\u00e3o da escala de cores e os dois \u00faltimos para a constru\u00e7\u00e3o da paisagem e do retrato em aquarela.<\/p>\n\n\n\n<p>PR\u00c1TICAS CRIATIVAS NAS ARTES VISUAIS E OS SURREALISTAS<br>Coordena\u00e7\u00e3o: Marietta Toledo<br>Datas e hor\u00e1rios: 26, 28 e 30\/9 &#8211; 10h \u00e0s 12h<br>50 vagas<br>Inscri\u00e7\u00f5es: 9\/8 at\u00e9 o preenchimento das vagas<br>Sele\u00e7\u00e3o: primeiros inscritos<br>P\u00fablico-alvo: Interessados em artes visuais<br>Plataforma: Zoom<br>Link para inscri\u00e7\u00e3o: <a href=\"https:\/\/forms.gle\/weEug1CdzEEpwjyj8\" target=\"_blank\" rel=\"noreferrer noopener\">https:\/\/forms.gle\/weEug1CdzEEpwjyj8<\/a><\/p>\n\n\n\n<p>Materiais necess\u00e1rios: L\u00e1pis Grafite 4B ou 6B; Papel Sulfite A4 ou maior; Objetos com superf\u00edcie rugosa e saliente, como por exemplo moedas, telas de coador ou peda\u00e7os de madeira; revistas que possam ser recortadas, pap\u00e9is de diversas proced\u00eancias, e jornais; retalhos de tecidos e fios diversos; cola para tecidos \/ cola universal e tesoura.<\/p>\n\n\n\n<p>Esta oficina pr\u00e1tica demonstrar\u00e1 as t\u00e9cnicas utilizadas pelos artistas surrealistas para expandir o campo de cria\u00e7\u00e3o art\u00edstica. Por meio da utiliza\u00e7\u00e3o da frotagem, da colagem, da apropria\u00e7\u00e3o de objetos e outras formas de cria\u00e7\u00e3o se buscar\u00e1 desenvolver trabalhos art\u00edsticos<br>bidimensionais e tridimensionais a partir das refer\u00eancias das obras criadas pelos artistas do movimento surrealista, que se utilizavam dessas t\u00e9cnicas.<\/p>\n\n\n\n<p>A GAIVOTA- UM MERGULHO NUM PROCESSO C\u00caNICO<br>Coordena\u00e7\u00e3o: Viviane Dias<br>Datas e hor\u00e1rios: 6, 8, 13 e 15\/9 &#8211; 14h \u00e0s 16h<br>20 vagas<br>Inscri\u00e7\u00f5es: 9\/8 at\u00e9 o preenchimento das vagas<br>Sele\u00e7\u00e3o: primeiros inscritos<br>P\u00fablico-alvo: Atores e estudantes de teatro, a partir dos 16 anos.<br>Plataforma: Zoom<br>Link para inscri\u00e7\u00e3o: <a href=\"https:\/\/forms.gle\/9zdmV2p4DsASQpsZ8\" target=\"_blank\" rel=\"noreferrer noopener\">https:\/\/forms.gle\/9zdmV2p4DsASQpsZ8<\/a><br>Necessidade: Leitura de \u201cA Gaivota\u201d de A. Tchekhov. Desej\u00e1vel leitura de outras obras do autor.<\/p>\n\n\n\n<p>A partir do texto \u201cA Gaivota\u201d, de Tchekhov, esta oficina busca oferecer a possibilidade de uma experi\u00eancia de investiga\u00e7\u00e3o c\u00eanica, seguindo caminhos desde a an\u00e1lise do texto voltada \u00e0 a\u00e7\u00e3o c\u00eanica \u2013 abrindo os principais temas, mitos e impulsos do texto para alimentar o trabalho do ator. A an\u00e1lise atrav\u00e9s da a\u00e7\u00e3o \u00e9 uma eficiente linguagem de trabalho para o ator, diretor e<br>pedagogo teatral e ainda relativamente pouco conhecida, na pr\u00e1tica, no Brasil. O curso vai permitir uma introdu\u00e7\u00e3o \u00e0 abordagem de certa escola teatral russa ligada \u00e0 Stanisl\u00e1vski e seus colaboradores, especialmente Maria Kn\u00e9bel, e desenvolvida ao longo do s\u00e9culo XX.<\/p>\n\n\n\n<p>DAN\u00c7A PARA EDUCADORES &#8211; COMO EST\u00cdMULO PARA CRIA\u00c7\u00c3O E DI\u00c1LOGOS<br>Coordena\u00e7\u00e3o: Mimi Naoi<br>Datas e hor\u00e1rios: 1, 6, 8, 13\/9 &#8211; 10h \u00e0s 12h<br>20 vagas<br>Inscri\u00e7\u00f5es: 9\/8 at\u00e9 o preenchimento das vagas<br>Sele\u00e7\u00e3o: primeiros inscritos<br>P\u00fablico-alvo: Professores de ensino fundamental e m\u00e9dio, artistas e p\u00fablico interessado.<br>Plataforma: Zoom<br>Link para inscri\u00e7\u00e3o: <a href=\"https:\/\/forms.gle\/5snCgGwje96owDEt5\" target=\"_blank\" rel=\"noreferrer noopener\">https:\/\/forms.gle\/5snCgGwje96owDEt5<\/a><\/p>\n\n\n\n<p>A oficina explora a dan\u00e7a como ferramenta de cria\u00e7\u00e3o, express\u00e3o corporal e conex\u00e3o entre as diferentes \u00e1reas do conhecimento. Em um primeiro momento, estimula-se a investiga\u00e7\u00e3o em dan\u00e7a pelos pr\u00f3prios educadores e p\u00fablico interessado; em um segundo momento, demonstra-se como os educadores podem aplicam os exerc\u00edcios e t\u00e9cnicas em sala de aula, a fim de que seus alunos despertem em si a dan\u00e7a e seu potencial interlingu\u00edstico.<\/p>\n\n\n\n<p>PALESTRA- ARTHUR BISPO DO ROS\u00c1RIO: OBRAVIDA<br>Coordena\u00e7\u00e3o: Flavia Corpas<br>Datas e hor\u00e1rios: 13\/9 &#8211; 18h30 \u00e0s 21h30<br>50 vagas<br>Inscri\u00e7\u00f5es: 9\/8 at\u00e9 o preenchimento das vagas<br>Sele\u00e7\u00e3o: primeiros inscritos<br>P\u00fablico-alvo: Interessados em geral pelas tem\u00e1ticas da arte, loucura e psican\u00e1lise.<br>Plataforma: Zoom<br>Link para inscri\u00e7\u00e3o: <a rel=\"noreferrer noopener\" href=\"https:\/\/forms.gle\/pYF52ReDTTtDvnhV6\" target=\"_blank\">https:\/\/forms.gle\/pYF52ReDTTtDvnhV6<\/a><\/p>\n\n\n\n<p>Quem foi Arthur Bispo do Rosario? Artista, como fora designado pelo universo da arte? Louco, denomina\u00e7\u00e3o a ele atribu\u00edda pelos diferentes campos que se dedicam \u00e0s psicoses? Ou Jesus Cristo, tal como ele se dizia? Ao adentrarmos a singularidade de Bispo do Rosario e de sua produ\u00e7\u00e3o, descobriremos como a intr\u00ednseca rela\u00e7\u00e3o entre vida e obra neste artista pode nos ajudar a pensar um dos nomes mais importantes da arte de nosso tempo.<\/p>\n\n\n\n<p>PALESTRA: COMO SE FAZ UM LIVRO?<br>Coordena\u00e7\u00e3o: Lizandra Magon de Almeida<br>Data e hor\u00e1rio: 15\/9 &#8211; 18h30 \u00e0s 21h30<br>35 vagas<br>Inscri\u00e7\u00f5es: 9\/8 at\u00e9 o preenchimento das vagas<br>Sele\u00e7\u00e3o: primeiros inscritos<br>P\u00fablico-alvo: Interessados a partir de 16 anos.<br>Plataforma: Zoom<br>Link para inscri\u00e7\u00e3o: <a href=\"https:\/\/forms.gle\/nbiLZWWqQvTWKwNJ7\" target=\"_blank\" rel=\"noreferrer noopener\">https:\/\/forms.gle\/nbiLZWWqQvTWKwNJ7<\/a><\/p>\n\n\n\n<p>Do original ao livro impresso ou digital, vamos conversar sobre o processo de produ\u00e7\u00e3o de um livro desde o momento em que o autor ou autora entrega um texto escrito at\u00e9 que ele sai da gr\u00e1fica ou da convers\u00e3o para o digital. O processo de edi\u00e7\u00e3o de texto, a cria\u00e7\u00e3o do projeto gr\u00e1fico e da capa, as revis\u00f5es, a diagrama\u00e7\u00e3o: todas as etapas de constru\u00e7\u00e3o de um projeto editorial ser\u00e3o explicadas de forma simples e acess\u00edvel, a partir de exemplos de projetos j\u00e1 executados pela editora.<\/p>\n\n\n\n<p>M\u00daSICA FOLCL\u00d3RICA SUL-AMERICANA &#8211; UMA VIAGEM PELAS PR\u00c1TICAS T\u00cdPICAS E SUAS TRANSFORMA\u00c7\u00d5ES NA CONTEMPORANEIDADE<br>Coordena\u00e7\u00e3o: Marcos Matturro<br>Datas e hor\u00e1rios: 21, 22, 28 e 29\/9 &#8211; 18h30 \u00e0s 20h30<br>20 vagas<br>Inscri\u00e7\u00f5es: 9\/8 at\u00e9 o preenchimento das vagas<br>Sele\u00e7\u00e3o: primeiros inscritos<br>P\u00fablico-alvo: violonistas, estudantes e\/ou profissionais de m\u00fasica que atuem como violonistas. Conhecimento b\u00e1sico: conhecimento dos acordes b\u00e1sicos e de leitura de partitura e\/ou tablatura para viol\u00e3o.<br>Plataforma: Zoom<br>Link para inscri\u00e7\u00e3o:<a href=\"https:\/\/forms.gle\/kubgqkAQu7SDCLEq7\" target=\"_blank\" rel=\"noreferrer noopener\"> https:\/\/forms.gle\/kubgqkAQu7SDCLEq7<\/a><\/p>\n\n\n\n<p>Nesta oficina ser\u00e1 apresentado um panorama da m\u00fasica sul-americana de origem folcl\u00f3rica e alguns de seus desdobramentos e influ\u00eancias encontrados dentro da m\u00fasica popular e\/ou erudita. Em cada encontro se permitir\u00e1 uma viagem pelas pr\u00e1ticas t\u00edpicas e suas transforma\u00e7\u00f5es na contemporaneidade, ser\u00e3o abordados g\u00eaneros musicais de pa\u00edses da Am\u00e9rica do Sul, atrav\u00e9s da produ\u00e7\u00e3o musical de seus principais expoentes. Cada um destes exemplos ser\u00e1 contextualizado por meio de sua retrospectiva hist\u00f3rica e das caracter\u00edsticas fundamentais que os identificam.<\/p>\n\n\n\n<p>ELABORA\u00c7\u00c3O DE PROJETOS: LEI DE INCENTIVO \u00c0 CULTURA (ROUANET)<br>Coordena\u00e7\u00e3o: Dnize Castro<br>Datas e hor\u00e1rios: 26, 27, 28 e 29\/9 &#8211; das 14h \u00e0s 16h<br>20 vagas<br>Inscri\u00e7\u00f5es: 9\/8 at\u00e9 o preenchimento das vagas<br>Sele\u00e7\u00e3o: primeiros inscritos<br>P\u00fablico-alvo: Artistas, Arte-Educadores, Artes\u00e3os, Produtores, entre outros.<br>Plataforma: Zoom<br>Link para inscri\u00e7\u00e3o: <a href=\"https:\/\/forms.gle\/ePDGk3PnMv1rGePn6\" target=\"_blank\" rel=\"noreferrer noopener\">https:\/\/forms.gle\/ePDGk3PnMv1rGePn6<\/a><\/p>\n\n\n\n<p>Esta oficina busca contribuir para que profissionais das artes ou iniciantes ( teatro, m\u00fasica, dan\u00e7a, literatura, fotografia, economia criativa, etc) com ideias de projetos, querendo estruturar suas argumenta\u00e7\u00f5es, possam atender \u00e0s exig\u00eancias da Lei de Incentivo \u00e0 Cultura (Rouanet) e se enquadrar num perfil ideal de an\u00e1lise, com chances de aprova\u00e7\u00e3o.<\/p>\n\n\n\n<p>PRODU\u00c7\u00c3O DE PROJETOS FONOGR\u00c1FICOS: DA COMPOSI\u00c7\u00c3O A DISTRIBUI\u00c7\u00c3O<br>Coordena\u00e7\u00e3o: Lindenberg Oliveira<br>Datas e hor\u00e1rios: 12, 14, 16 e 19\/9 das 14h \u00e0s 16h<br>25 vagas<br>Inscri\u00e7\u00f5es: 9\/8 at\u00e9 o preenchimento das vagas<br>Sele\u00e7\u00e3o: primeiros inscritos<br>P\u00fablico-alvo: M\u00fasicos e produtores<br>Plataforma: Zoom<br>Link para inscri\u00e7\u00e3o: <a href=\"https:\/\/forms.gle\/sbLQqnGuYvwkF8GA8\" target=\"_blank\" rel=\"noreferrer noopener\">https:\/\/forms.gle\/sbLQqnGuYvwkF8GA8<\/a><\/p>\n\n\n\n<p>Esta oficina apresenta detalhes de planejamento da produ\u00e7\u00e3o de um projeto musical fonogr\u00e1fico, desde a composi\u00e7\u00e3o \u00e0 distribui\u00e7\u00e3o. Ser\u00e3o abordados: processos de cria\u00e7\u00e3o e grava\u00e7\u00e3o, cadeia produtiva de uma gravadora, escolha de repert\u00f3rio, m\u00fasicos e arranjos, registros da obra, direitos, modelos de distribui\u00e7\u00e3o e monetiza\u00e7\u00e3o.<\/p>\n\n\n\n<p>CORPO, MEM\u00d3RIA E A IMAGEM NA CONSTRU\u00c7\u00c3O DAS SUBJETIVIDADES NEGRAS<br>Coordena\u00e7\u00e3o: Adriana Paix\u00e3o<br>Datas e hor\u00e1rios: 26\/9 &#8211; 18h30 \u00e0s 21h30 ( 3hs)<br>30 vagas<br>Inscri\u00e7\u00f5es: 9\/8 at\u00e9 o preenchimento das vagas<br>Sele\u00e7\u00e3o: primeiros inscritos<br>P\u00fablico-alvo: Educadores (as), bibliotec\u00e1rios (as), contadores (as) de hist\u00f3ria e leitores (as) em geral, artistas, interessados em arte e cultura e pessoas que se reconhe\u00e7am enquanto corpos dissidentes.<br>Plataforma: Zoom<br>Link para inscri\u00e7\u00e3o: <a href=\"https:\/\/forms.gle\/1BFw51gz7p6qgjhw6\" target=\"_blank\" rel=\"noreferrer noopener\">https:\/\/forms.gle\/1BFw51gz7p6qgjhw6<\/a><\/p>\n\n\n\n<p>Esta atividade \u00e9 um processo que busca compreender a partir das investiga\u00e7\u00f5es corporais e cria\u00e7\u00f5es imag\u00e9ticas as m\u00faltiplas identidades \u00e9tnico\/raciais que nos constituem. Despertando para um processo criativo onde o corpo\/mem\u00f3ria se torna a mat\u00e9ria art\u00edstica.<\/p>\n\n\n\n<p>ENCONTROS L\u00cdRICOS COM MADAMA BUTTERFLY, DE GIACOMO PUCCINI<br>Coordena\u00e7\u00e3o: S\u00e9rgio Casoy<br>Datas e hor\u00e1rios: 14 e 15\/09 &#8211; das 18h30 \u00e0s 20h30<br>40 vagas<br>Inscri\u00e7\u00f5es: 9\/8 at\u00e9 o preenchimento das vagas<br>Sele\u00e7\u00e3o: primeiros inscritos<br>P\u00fablico-alvo: interessados em \u00f3pera<br>Plataforma: Zoom<br>Link para inscri\u00e7\u00e3o: <a href=\"https:\/\/forms.gle\/LrNRH442Gafbsa4Z6\">https:\/\/forms.gle\/LrNRH442Gafbsa4Z6<\/a><\/p>\n\n\n\n<p>O formato denominado \u201cEncontro L\u00edrico\u201d consiste em, tomando uma determinada \u00f3pera como tema, discorrer sobre suas origens e detalhes que envolvem sua cria\u00e7\u00e3o \u2013 apoiada por exibi\u00e7\u00e3o de imagens via Power Point \u2013 e a em seguida exibir e comentar, em v\u00eddeo, seus trechos mais significativos, retirados de v\u00e1rias produ\u00e7\u00f5es daquela \u00f3pera para que os alunos possam, al\u00e9m de se familiarizar com o canto, comparar e constatar \u00e0s v\u00e1rias possibilidades de produ\u00e7\u00e3o teatral que um mesmo tema pode oferecer. Madama Butterfly, estreada em 1904, \u00e9 a primeira \u00f3pera que Puccini comp\u00f5e no s\u00e9culo XX, e tamb\u00e9m sua primeira incurs\u00e3o em um ambiente ex\u00f3tico, sendo ambientada em Nagasaki, no Jap\u00e3o, \u00e0 \u00e9poca da composi\u00e7\u00e3o. Apesar da estreia desastrosa no Teatro Alla Scala de Mil\u00e3o, Puccini reviu a partitura e tornou a apresent\u00e1-la tr\u00eas meses depois, quando obteve um sucesso extraordin\u00e1rio e duradouro, que se estende at\u00e9 os nossos dias. Madama Butterfly continua sendo uma das \u00f3peras mais representadas do mundo.ComSergio Casoy, professor e pesquisador de m\u00fasica l\u00edrica, autor de \u201cA inven\u00e7\u00e3o da \u00f3pera\u201d e &#8220;\u00d3pera de outros cantares\u201d.<\/p>\n\n\n\n<p><strong>Assessoria de Imprensa<\/strong><\/p>\n","protected":false},"excerpt":{"rendered":"<p>A Unidade de Gest\u00e3o de Cultura (UGC), em apoio a Secretaria de Cultura e Economia Criativa do Estado de S\u00e3o Paulo est\u00e1 divulgando a abertura das inscri\u00e7\u00f5es para as \u201cOficinas Culturais \u2013 Forma\u00e7\u00e3o para o Interior\u201d, projeto gerenciado pela Poiesis Organiza\u00e7\u00e3o Social de Cultura, todas gratuitas. As inscri\u00e7\u00f5es j\u00e1 est\u00e3o abertas e as oficinas oferecidas [&hellip;]<\/p>\n","protected":false},"author":83,"featured_media":298735,"comment_status":"closed","ping_status":"0","sticky":false,"template":"","format":"standard","meta":{"footnotes":""},"categories":[2],"tags":[29,763],"ods":[],"class_list":["post-298726","post","type-post","status-publish","format-standard","has-post-thumbnail","hentry","category-noticias","tag-cultura","tag-oficinas-culturais"],"_links":{"self":[{"href":"https:\/\/jundiai.sp.gov.br\/noticias\/wp-json\/wp\/v2\/posts\/298726","targetHints":{"allow":["GET"]}}],"collection":[{"href":"https:\/\/jundiai.sp.gov.br\/noticias\/wp-json\/wp\/v2\/posts"}],"about":[{"href":"https:\/\/jundiai.sp.gov.br\/noticias\/wp-json\/wp\/v2\/types\/post"}],"author":[{"embeddable":true,"href":"https:\/\/jundiai.sp.gov.br\/noticias\/wp-json\/wp\/v2\/users\/83"}],"replies":[{"embeddable":true,"href":"https:\/\/jundiai.sp.gov.br\/noticias\/wp-json\/wp\/v2\/comments?post=298726"}],"version-history":[{"count":3,"href":"https:\/\/jundiai.sp.gov.br\/noticias\/wp-json\/wp\/v2\/posts\/298726\/revisions"}],"predecessor-version":[{"id":298737,"href":"https:\/\/jundiai.sp.gov.br\/noticias\/wp-json\/wp\/v2\/posts\/298726\/revisions\/298737"}],"wp:featuredmedia":[{"embeddable":true,"href":"https:\/\/jundiai.sp.gov.br\/noticias\/wp-json\/wp\/v2\/media\/298735"}],"wp:attachment":[{"href":"https:\/\/jundiai.sp.gov.br\/noticias\/wp-json\/wp\/v2\/media?parent=298726"}],"wp:term":[{"taxonomy":"category","embeddable":true,"href":"https:\/\/jundiai.sp.gov.br\/noticias\/wp-json\/wp\/v2\/categories?post=298726"},{"taxonomy":"post_tag","embeddable":true,"href":"https:\/\/jundiai.sp.gov.br\/noticias\/wp-json\/wp\/v2\/tags?post=298726"},{"taxonomy":"ods","embeddable":true,"href":"https:\/\/jundiai.sp.gov.br\/noticias\/wp-json\/wp\/v2\/ods?post=298726"}],"curies":[{"name":"wp","href":"https:\/\/api.w.org\/{rel}","templated":true}]}}