{"id":298778,"date":"2022-08-08T17:33:14","date_gmt":"2022-08-08T20:33:14","guid":{"rendered":"https:\/\/jundiai.sp.gov.br\/noticias\/?p=298778"},"modified":"2022-08-08T17:33:14","modified_gmt":"2022-08-08T20:33:14","slug":"nota-a-imprensa-monkeypox-4","status":"publish","type":"post","link":"https:\/\/jundiai.sp.gov.br\/noticias\/2022\/08\/08\/nota-a-imprensa-monkeypox-4\/","title":{"rendered":"Nota \u00e0 Imprensa &#8211; Monkeypox"},"content":{"rendered":"\n<p>A Unidade de Gest\u00e3o de Promo\u00e7\u00e3o da Sa\u00fade (UGPS), por meio da Vigil\u00e2ncia Epidemiol\u00f3gica (VE), informa que Jundia\u00ed registra seis casos de \u2018monkeypox\u2019 em residentes no munic\u00edpio. O resultado foi recebido nesta segunda-feira (08), enviado pelo Instituto Adolfo Lutz.<\/p>\n\n\n\n<p>O quinto caso \u00e9 homem, 30 anos, teve in\u00edcio de sintomas no dia 24 de julho, foi atendido em outro estado, no dia 30 de julho. O resultado foi recebido nesta segunda-feira. O caso segue em isolamento, sem necessidade de hospitaliza\u00e7\u00e3o.  <\/p>\n\n\n\n<p>O sexto caso, homem, 38 anos, tem hist\u00f3rico de viagem para outro Estado. In\u00edcio de sintomas em 22 de julho, procurou por atendimento no dia 28, em outro estado. O resultado foi recebido nesta segunda-feira (08). O caso segue em isolamento, sem necessidade de hospitaliza\u00e7\u00e3o<\/p>\n\n\n\n<p>N\u00e3o h\u00e1 registros de casos secund\u00e1rios suspeitos no munic\u00edpio decorrentes da positividade. O acompanhamento permanecer\u00e1 pelo prazo de 21 dias, indicado como per\u00edodo de transmiss\u00e3o ou enquanto permanecer com les\u00f5es cut\u00e2neas.<\/p>\n\n\n\n<p>A UGPS salienta que a doen\u00e7a monkeypox, tamb\u00e9m conhecida como var\u00edola dos macacos, \u00e9 transmitida quando algu\u00e9m tem contato pr\u00f3ximo com uma pessoa infectada. O v\u00edrus pode entrar no corpo por les\u00f5es da pele, pelo sistema respirat\u00f3rio ou pelos olhos, nariz e boca. Os sintomas incluem erup\u00e7\u00f5es cut\u00e2neas, febre, dor de cabe\u00e7a, dor nas costas ou musculares, inflama\u00e7\u00f5es nos n\u00f3dulos linf\u00e1ticos, calafrio e exaust\u00e3o. H\u00e1 vacina para a doen\u00e7a, por\u00e9m ainda n\u00e3o est\u00e1 dispon\u00edvel no Brasil.<\/p>\n\n\n\n<p>Todas as equipes de Sa\u00fade do munic\u00edpio foram orientadas sobre o protocolo para a identifica\u00e7\u00e3o e notifica\u00e7\u00e3o dos casos suspeitos para o seguimento das a\u00e7\u00f5es de investiga\u00e7\u00e3o epidemiol\u00f3gicas necess\u00e1rias.<\/p>\n\n\n\n<p><strong>Assessoria de Imprensa<\/strong><\/p>\n\n\n\n<p><br><\/p>\n","protected":false},"excerpt":{"rendered":"<p>A Unidade de Gest\u00e3o de Promo\u00e7\u00e3o da Sa\u00fade (UGPS), por meio da Vigil\u00e2ncia Epidemiol\u00f3gica (VE), informa que Jundia\u00ed registra seis casos de \u2018monkeypox\u2019 em residentes no munic\u00edpio. O resultado foi recebido nesta segunda-feira (08), enviado pelo Instituto Adolfo Lutz. O quinto caso \u00e9 homem, 30 anos, teve in\u00edcio de sintomas no dia 24 de julho, [&hellip;]<\/p>\n","protected":false},"author":39,"featured_media":245984,"comment_status":"closed","ping_status":"0","sticky":false,"template":"","format":"standard","meta":{"footnotes":""},"categories":[2],"tags":[3308,981],"ods":[],"class_list":["post-298778","post","type-post","status-publish","format-standard","has-post-thumbnail","hentry","category-noticias","tag-monkeypox","tag-promocao-da-saude"],"_links":{"self":[{"href":"https:\/\/jundiai.sp.gov.br\/noticias\/wp-json\/wp\/v2\/posts\/298778","targetHints":{"allow":["GET"]}}],"collection":[{"href":"https:\/\/jundiai.sp.gov.br\/noticias\/wp-json\/wp\/v2\/posts"}],"about":[{"href":"https:\/\/jundiai.sp.gov.br\/noticias\/wp-json\/wp\/v2\/types\/post"}],"author":[{"embeddable":true,"href":"https:\/\/jundiai.sp.gov.br\/noticias\/wp-json\/wp\/v2\/users\/39"}],"replies":[{"embeddable":true,"href":"https:\/\/jundiai.sp.gov.br\/noticias\/wp-json\/wp\/v2\/comments?post=298778"}],"version-history":[{"count":4,"href":"https:\/\/jundiai.sp.gov.br\/noticias\/wp-json\/wp\/v2\/posts\/298778\/revisions"}],"predecessor-version":[{"id":298787,"href":"https:\/\/jundiai.sp.gov.br\/noticias\/wp-json\/wp\/v2\/posts\/298778\/revisions\/298787"}],"wp:featuredmedia":[{"embeddable":true,"href":"https:\/\/jundiai.sp.gov.br\/noticias\/wp-json\/wp\/v2\/media\/245984"}],"wp:attachment":[{"href":"https:\/\/jundiai.sp.gov.br\/noticias\/wp-json\/wp\/v2\/media?parent=298778"}],"wp:term":[{"taxonomy":"category","embeddable":true,"href":"https:\/\/jundiai.sp.gov.br\/noticias\/wp-json\/wp\/v2\/categories?post=298778"},{"taxonomy":"post_tag","embeddable":true,"href":"https:\/\/jundiai.sp.gov.br\/noticias\/wp-json\/wp\/v2\/tags?post=298778"},{"taxonomy":"ods","embeddable":true,"href":"https:\/\/jundiai.sp.gov.br\/noticias\/wp-json\/wp\/v2\/ods?post=298778"}],"curies":[{"name":"wp","href":"https:\/\/api.w.org\/{rel}","templated":true}]}}