{"id":298815,"date":"2022-08-09T11:09:05","date_gmt":"2022-08-09T14:09:05","guid":{"rendered":"https:\/\/jundiai.sp.gov.br\/noticias\/?p=298815"},"modified":"2022-08-09T11:09:05","modified_gmt":"2022-08-09T14:09:05","slug":"parques-de-jundiai-terao-monitoramento-e-seguranca-reforcada","status":"publish","type":"post","link":"https:\/\/jundiai.sp.gov.br\/noticias\/2022\/08\/09\/parques-de-jundiai-terao-monitoramento-e-seguranca-reforcada\/","title":{"rendered":"Parques de Jundia\u00ed ter\u00e3o monitoramento e seguran\u00e7a refor\u00e7ada"},"content":{"rendered":"\n<p>Os parques, ecopontos e pra\u00e7as Fam\u00edlia &amp;Pet de Jundia\u00ed seguir\u00e3o \u00e0 risca as diretrizes do Programa Cidade Inteligente, institu\u00eddas pelo prefeito Luiz Fernando Machado. Todas as \u00e1reas receber\u00e3o c\u00e2meras de monitoramento, alarmes, al\u00e9m de refor\u00e7o no controle de acesso e rondas motorizadas 24h. O objetivo \u00e9 promover seguran\u00e7a para os mun\u00edcipes e colaboradores, evitar furtos e beneficiar o meio ambiente, com a redu\u00e7\u00e3o dr\u00e1stica de uso de papel.<\/p>\n\n\n\n<p>O Programa tem investimentos previstos no Plano Plurianual (PPA) 2022-2025 em diversas \u00e1reas. \u201cAo avan\u00e7armos como uma smart city, queremos usar a tecnologia para melhorar cada vez mais a qualidade de vida e seguran\u00e7a da nossa comunidade\u201d, explicou o prefeito. &nbsp;<\/p>\n\n\n\n<p>A instala\u00e7\u00e3o dos equipamentos foi iniciada pelo Jardim Bot\u00e2nico, que inicialmente ter\u00e1 30 c\u00e2meras, podendo no futuro chegar a 60. No total, 32 equipamentos p\u00fablicos ser\u00e3o contemplados. Todos os locais saem de um modelo anal\u00f3gico de gest\u00e3o para o digital. O Bot\u00e2nico, por exemplo, j\u00e1 recebeu marcadores de ponto biom\u00e9trico para os controladores de acesso, que antes faziam marca\u00e7\u00e3o manual em folha ponto. Al\u00e9m disso, esses trabalhadores passar\u00e3o a usar tablets ou celulares com c\u00e2meras no dia a dia, tamb\u00e9m deixando o papel de lado. Os equipamentos possuem criptografia e s\u00e3o georreferenciados.<\/p>\n\n\n\n<p>Uma Central de Monitoramento est\u00e1 em fase de instala\u00e7\u00e3o no Centro de Gerenciamento de Res\u00edduos S\u00f3lidos, o Geresol e por ela ser\u00e1 poss\u00edvel conferir as c\u00e2meras de todos os parques e \u00e1reas de lazer ap\u00f3s a conclus\u00e3o das instala\u00e7\u00f5es.<\/p>\n\n\n\n<figure class=\"wp-block-gallery has-nested-images columns-default is-cropped wp-block-gallery-1 is-layout-flex wp-block-gallery-is-layout-flex\">\n<figure class=\"wp-block-image size-large\"><img loading=\"lazy\" decoding=\"async\" width=\"1280\" height=\"854\" data-id=\"298819\" src=\"https:\/\/jundiai.sp.gov.br\/noticias\/wp-content\/uploads\/sites\/32\/2022\/08\/instalacao-de-cameras-e-equipamentos-no-jd-botanico_c_-7-1.jpg\" alt=\"\" class=\"wp-image-298819\" srcset=\"https:\/\/jundiai.sp.gov.br\/noticias\/wp-content\/uploads\/sites\/32\/2022\/08\/instalacao-de-cameras-e-equipamentos-no-jd-botanico_c_-7-1.jpg 1280w, https:\/\/jundiai.sp.gov.br\/noticias\/wp-content\/uploads\/sites\/32\/2022\/08\/instalacao-de-cameras-e-equipamentos-no-jd-botanico_c_-7-1-300x200.jpg 300w, https:\/\/jundiai.sp.gov.br\/noticias\/wp-content\/uploads\/sites\/32\/2022\/08\/instalacao-de-cameras-e-equipamentos-no-jd-botanico_c_-7-1-768x512.jpg 768w, https:\/\/jundiai.sp.gov.br\/noticias\/wp-content\/uploads\/sites\/32\/2022\/08\/instalacao-de-cameras-e-equipamentos-no-jd-botanico_c_-7-1-450x300.jpg 450w\" sizes=\"auto, (max-width: 1280px) 100vw, 1280px\" \/><figcaption>Jardim Bot\u00e2nico \u00e9 o primeiro parque a receber as tecnologias de seguran\u00e7a<\/figcaption><\/figure>\n\n\n\n<figure class=\"wp-block-image size-large\"><img loading=\"lazy\" decoding=\"async\" width=\"1280\" height=\"854\" data-id=\"298818\" src=\"https:\/\/jundiai.sp.gov.br\/noticias\/wp-content\/uploads\/sites\/32\/2022\/08\/instalacao-de-cameras-e-equipamentos-no-jd-botanico_c_-17-1.jpg\" alt=\"\" class=\"wp-image-298818\" srcset=\"https:\/\/jundiai.sp.gov.br\/noticias\/wp-content\/uploads\/sites\/32\/2022\/08\/instalacao-de-cameras-e-equipamentos-no-jd-botanico_c_-17-1.jpg 1280w, https:\/\/jundiai.sp.gov.br\/noticias\/wp-content\/uploads\/sites\/32\/2022\/08\/instalacao-de-cameras-e-equipamentos-no-jd-botanico_c_-17-1-300x200.jpg 300w, https:\/\/jundiai.sp.gov.br\/noticias\/wp-content\/uploads\/sites\/32\/2022\/08\/instalacao-de-cameras-e-equipamentos-no-jd-botanico_c_-17-1-768x512.jpg 768w, https:\/\/jundiai.sp.gov.br\/noticias\/wp-content\/uploads\/sites\/32\/2022\/08\/instalacao-de-cameras-e-equipamentos-no-jd-botanico_c_-17-1-450x300.jpg 450w\" sizes=\"auto, (max-width: 1280px) 100vw, 1280px\" \/><figcaption>Em breve, demais parques e Pra\u00e7as Fam\u00edlia &amp; Pet ganhar\u00e3o recursos de seguran\u00e7a<\/figcaption><\/figure>\n<\/figure>\n\n\n\n<p>Por meio de um aplicativo, todos os gestores ter\u00e3o acesso \u00e0s informa\u00e7\u00f5es relacionadas ao controle de acesso dos parques, seguran\u00e7a e monitoramento. Ser\u00e1 poss\u00edvel ainda emitir relat\u00f3rios por esse sistema.<\/p>\n\n\n\n<p>As rondas ocorrer\u00e3o com ve\u00edculos georreferenciados e el\u00e9tricos, sejam eles carros ou motos. \u201cA inten\u00e7\u00e3o \u00e9 trazer a tecnologia como aliada \u00e0 seguran\u00e7a. Tudo isso dentro do modelo de gest\u00e3o adotado pela prefeitura, que envolve governan\u00e7a, transpar\u00eancia e cuidado com o meio ambiente\u201d, comentou o consultor de tecnologia Wanderlei Aranha, representante da empresa respons\u00e1vel pela implanta\u00e7\u00e3o do sistema em Jundia\u00ed.<\/p>\n\n\n\n<p>Ap\u00f3s o Bot\u00e2nico, os pr\u00f3ximos parques contemplados ser\u00e3o os instalados no Jardim Tulipas e Engordadouro. &nbsp;\u201cMais do que trazer seguran\u00e7a patrimonial, esse trabalho vem para deixar usu\u00e1rios e funcion\u00e1rios mais tranquilos e seguros. Mesmo de longe, por meio da Central de Monitoramento, haver\u00e1 algu\u00e9m olhando por eles\u201d, comentou o diretor de limpeza p\u00fablica, Marcio Alberto Moraes.<\/p>\n\n\n\n<p>A previs\u00e3o \u00e9 de que at\u00e9 90 dias todos os parques e \u00e1reas p\u00fablicas estejam com os equipamentos instalados e em funcionamento.\u00a0<\/p>\n\n\n\n<p><strong>Assessoria de Imprensa<br>Fotos: Fot\u00f3grafos PMJ<\/strong><\/p>\n","protected":false},"excerpt":{"rendered":"<p>Os parques, ecopontos e pra\u00e7as Fam\u00edlia &amp;Pet de Jundia\u00ed seguir\u00e3o \u00e0 risca as diretrizes do Programa Cidade Inteligente, institu\u00eddas pelo prefeito Luiz Fernando Machado. Todas as \u00e1reas receber\u00e3o c\u00e2meras de monitoramento, alarmes, al\u00e9m de refor\u00e7o no controle de acesso e rondas motorizadas 24h. O objetivo \u00e9 promover seguran\u00e7a para os mun\u00edcipes e colaboradores, evitar furtos [&hellip;]<\/p>\n","protected":false},"author":80,"featured_media":298817,"comment_status":"closed","ping_status":"0","sticky":false,"template":"","format":"standard","meta":{"footnotes":""},"categories":[2],"tags":[68,322,1330,1393],"ods":[],"class_list":["post-298815","post","type-post","status-publish","format-standard","has-post-thumbnail","hentry","category-noticias","tag-centro-de-gerenciamento-de-residuos-solidos-geresol","tag-jardim-botanico","tag-luiz-fernando-machado","tag-unidade-de-gestao-de-infraestrutura-e-servicos-publicos-ugisp"],"_links":{"self":[{"href":"https:\/\/jundiai.sp.gov.br\/noticias\/wp-json\/wp\/v2\/posts\/298815","targetHints":{"allow":["GET"]}}],"collection":[{"href":"https:\/\/jundiai.sp.gov.br\/noticias\/wp-json\/wp\/v2\/posts"}],"about":[{"href":"https:\/\/jundiai.sp.gov.br\/noticias\/wp-json\/wp\/v2\/types\/post"}],"author":[{"embeddable":true,"href":"https:\/\/jundiai.sp.gov.br\/noticias\/wp-json\/wp\/v2\/users\/80"}],"replies":[{"embeddable":true,"href":"https:\/\/jundiai.sp.gov.br\/noticias\/wp-json\/wp\/v2\/comments?post=298815"}],"version-history":[{"count":3,"href":"https:\/\/jundiai.sp.gov.br\/noticias\/wp-json\/wp\/v2\/posts\/298815\/revisions"}],"predecessor-version":[{"id":298824,"href":"https:\/\/jundiai.sp.gov.br\/noticias\/wp-json\/wp\/v2\/posts\/298815\/revisions\/298824"}],"wp:featuredmedia":[{"embeddable":true,"href":"https:\/\/jundiai.sp.gov.br\/noticias\/wp-json\/wp\/v2\/media\/298817"}],"wp:attachment":[{"href":"https:\/\/jundiai.sp.gov.br\/noticias\/wp-json\/wp\/v2\/media?parent=298815"}],"wp:term":[{"taxonomy":"category","embeddable":true,"href":"https:\/\/jundiai.sp.gov.br\/noticias\/wp-json\/wp\/v2\/categories?post=298815"},{"taxonomy":"post_tag","embeddable":true,"href":"https:\/\/jundiai.sp.gov.br\/noticias\/wp-json\/wp\/v2\/tags?post=298815"},{"taxonomy":"ods","embeddable":true,"href":"https:\/\/jundiai.sp.gov.br\/noticias\/wp-json\/wp\/v2\/ods?post=298815"}],"curies":[{"name":"wp","href":"https:\/\/api.w.org\/{rel}","templated":true}]}}