{"id":298909,"date":"2022-08-09T18:26:41","date_gmt":"2022-08-09T21:26:41","guid":{"rendered":"https:\/\/jundiai.sp.gov.br\/noticias\/?p=298909"},"modified":"2022-08-09T18:26:41","modified_gmt":"2022-08-09T21:26:41","slug":"atividade-do-mes-do-patrimonio-integra-a-importancia-do-gabinete-de-leitura-com-a-requalificacao-do-centro","status":"publish","type":"post","link":"https:\/\/jundiai.sp.gov.br\/noticias\/2022\/08\/09\/atividade-do-mes-do-patrimonio-integra-a-importancia-do-gabinete-de-leitura-com-a-requalificacao-do-centro\/","title":{"rendered":"Atividade do M\u00eas do Patrim\u00f4nio integra a import\u00e2ncia do Gabinete de Leitura com a requalifica\u00e7\u00e3o do Centro"},"content":{"rendered":"\n<p>Uma palestra no Gabinete de Leitura Ruy Barbosa, na manh\u00e3 desta ter\u00e7a-feira (09), deu in\u00edcio \u00e0s atividades gratuitas e abertas ao p\u00fablico pelo <a href=\"https:\/\/cultura.jundiai.sp.gov.br\/mesdopatrimonio\/\" target=\"_blank\" rel=\"noreferrer noopener\">M\u00eas do Patrim\u00f4nio Hist\u00f3rico e Cultural 2022<\/a>. Com oficinas tem\u00e1ticas, mesas-redondas e rodas de conversas, a programa\u00e7\u00e3o proposta pela Unidade de Gest\u00e3o de Cultura (UGC) segue ao longo de todo o m\u00eas de agosto.<\/p>\n\n\n\n<p>A atividade contou com a participa\u00e7\u00e3o de Ana Luiza Martins, autora do livro \u201cGabinetes de Leitura: cidades, livros e leituras na prov\u00edncia Paulista\u201d, que compartilhou suas pesquisas sobre os gabinetes paulistas ao longo dos s\u00e9culos 19 e 20, vinculados \u00e0 presen\u00e7a da ferrovia no Estado. J\u00e1 sobre o gabinete de Jundia\u00ed, a atividade contou com a presen\u00e7a de Paulo Henrique Oliveira, que \u00e9 autor do livro \u201cGabinete de Leitura de Jundia\u00ed \u2013 entre pr\u00e1ticas e representa\u00e7\u00f5es\u201d.<\/p>\n\n\n\n<figure class=\"wp-block-image size-large is-resized\"><img loading=\"lazy\" decoding=\"async\" src=\"https:\/\/jundiai.sp.gov.br\/noticias\/wp-content\/uploads\/sites\/32\/2022\/08\/mes_do_patrimonio_gabinete_de_leitura-01-1280x960.jpg\" alt=\"\" class=\"wp-image-298911\" width=\"840\" height=\"630\" srcset=\"https:\/\/jundiai.sp.gov.br\/noticias\/wp-content\/uploads\/sites\/32\/2022\/08\/mes_do_patrimonio_gabinete_de_leitura-01.jpg 1280w, https:\/\/jundiai.sp.gov.br\/noticias\/wp-content\/uploads\/sites\/32\/2022\/08\/mes_do_patrimonio_gabinete_de_leitura-01-300x225.jpg 300w, https:\/\/jundiai.sp.gov.br\/noticias\/wp-content\/uploads\/sites\/32\/2022\/08\/mes_do_patrimonio_gabinete_de_leitura-01-768x576.jpg 768w\" sizes=\"auto, (max-width: 840px) 100vw, 840px\" \/><figcaption>Atividade reuniu os interessados na tema na manh\u00e3 desta ter\u00e7a-feira (09)<\/figcaption><\/figure>\n\n\n\n<p>Na sequ\u00eancia, o arquiteto da Unidade de Gest\u00e3o de Planejamento Urbano e Meio Ambiente (UGPUMA) Bruno Ferrari tratou das interven\u00e7\u00f5es que dever\u00e3o ser realizadas pela Prefeitura na pra\u00e7a que leva o mesmo nome do gabinete. <a href=\"https:\/\/jundiai.sp.gov.br\/noticias\/2022\/03\/18\/prefeitura-apresenta-para-moradores-e-lojistas-plano-de-requalificacao-do-centro\/\">As propostas integram o Plano de Requalifica\u00e7\u00e3o e Reabilita\u00e7\u00e3o do Centro, que prev\u00ea investimentos na ordem de R$ 50 milh\u00f5es<\/a>.<\/p>\n\n\n\n<p>A media\u00e7\u00e3o ficou por conta do diretor do Departamento de Patrim\u00f4nio Hist\u00f3rico da UGC, Elizeu Marcos Franco, que deu as boas-vindas aos participantes. \u201cO M\u00eas traz este ano como tema \u2018Mem\u00f3ria, Identidades e Patrim\u00f4nio Cultural na Modernidade\u2019 e visa ampliar o conhecimento da popula\u00e7\u00e3o sobre os patrim\u00f4nios culturais municipais e o entendimento da relev\u00e2ncia de sua preserva\u00e7\u00e3o. E no caso da atividade de hoje, especificamente, sensibilizar as pessoas sobre este bem cultural que h\u00e1 mais de cem anos faz parte da nossa cultura local\u201d.<\/p>\n\n\n\n<p>O gestor da UGC, Marcelo Peroni, ressaltou a import\u00e2ncia da programa\u00e7\u00e3o. \u201cO M\u00eas do Patrim\u00f4nio chega \u00e0 sua quinta edi\u00e7\u00e3o e traz em sua programa\u00e7\u00e3o, como todos os anos, tamb\u00e9m o Simp\u00f3sio sobre o Patrim\u00f4nio Material e Imaterial que este ano comemora sua d\u00e9cima edi\u00e7\u00e3o. Uma importante novidade da programa\u00e7\u00e3o deste ano ser\u00e1 a \u2018Semana Novo Complexo\u2019, que ser\u00e1 realizada entre os dias 22 e 28 de agosto, com diversos an\u00fancios de investimentos, atividades culturais e interven\u00e7\u00f5es no Complexo Fepasa\u201d.<\/p>\n\n\n\n<p>Al\u00e9m de presencial, a palestra foi transmitida pelos canais da UGC no <a href=\"https:\/\/www.facebook.com\/culturajundiai\/videos\/377392607799729\" target=\"_blank\" rel=\"noreferrer noopener\">Facebook<\/a> e <a href=\"https:\/\/www.youtube.com\/watch?v=baA4B5YAiXE\" target=\"_blank\" rel=\"noreferrer noopener\">YouTube<\/a> e sua grava\u00e7\u00e3o pode ser acompanhada na internet pelos interessados.<\/p>\n\n\n\n<p>A programa\u00e7\u00e3o completa do <a href=\"https:\/\/cultura.jundiai.sp.gov.br\/mesdopatrimonio\/\" target=\"_blank\" rel=\"noreferrer noopener\">M\u00eas do Patrim\u00f4nio pode ser conferida no site<\/a>.<\/p>\n\n\n\n<figure class=\"wp-block-image size-large\"><img loading=\"lazy\" decoding=\"async\" width=\"1280\" height=\"960\" src=\"https:\/\/jundiai.sp.gov.br\/noticias\/wp-content\/uploads\/sites\/32\/2022\/08\/mes_do_patrimonio_gabinete_de_leitura-08-1280x960.jpg\" alt=\"\" class=\"wp-image-298912\" srcset=\"https:\/\/jundiai.sp.gov.br\/noticias\/wp-content\/uploads\/sites\/32\/2022\/08\/mes_do_patrimonio_gabinete_de_leitura-08.jpg 1280w, https:\/\/jundiai.sp.gov.br\/noticias\/wp-content\/uploads\/sites\/32\/2022\/08\/mes_do_patrimonio_gabinete_de_leitura-08-300x225.jpg 300w, https:\/\/jundiai.sp.gov.br\/noticias\/wp-content\/uploads\/sites\/32\/2022\/08\/mes_do_patrimonio_gabinete_de_leitura-08-768x576.jpg 768w\" sizes=\"auto, (max-width: 1280px) 100vw, 1280px\" \/><figcaption>Ana Luiza Martins e Paulo Henrique Oliveira compuseram a mesa da palestra de abertura<\/figcaption><\/figure>\n\n\n\n<p><strong>Assessoria de Imprensa<br>Foto: Fot\u00f3grafos PMJ<\/strong><\/p>\n","protected":false},"excerpt":{"rendered":"<p>Uma palestra no Gabinete de Leitura Ruy Barbosa, na manh\u00e3 desta ter\u00e7a-feira (09), deu in\u00edcio \u00e0s atividades gratuitas e abertas ao p\u00fablico pelo M\u00eas do Patrim\u00f4nio Hist\u00f3rico e Cultural 2022. Com oficinas tem\u00e1ticas, mesas-redondas e rodas de conversas, a programa\u00e7\u00e3o proposta pela Unidade de Gest\u00e3o de Cultura (UGC) segue ao longo de todo o m\u00eas [&hellip;]<\/p>\n","protected":false},"author":14,"featured_media":298911,"comment_status":"closed","ping_status":"0","sticky":false,"template":"","format":"standard","meta":{"footnotes":""},"categories":[2],"tags":[29,1097],"ods":[],"class_list":["post-298909","post","type-post","status-publish","format-standard","has-post-thumbnail","hentry","category-noticias","tag-cultura","tag-mes-do-patrimonio-historico-e-cultural"],"_links":{"self":[{"href":"https:\/\/jundiai.sp.gov.br\/noticias\/wp-json\/wp\/v2\/posts\/298909","targetHints":{"allow":["GET"]}}],"collection":[{"href":"https:\/\/jundiai.sp.gov.br\/noticias\/wp-json\/wp\/v2\/posts"}],"about":[{"href":"https:\/\/jundiai.sp.gov.br\/noticias\/wp-json\/wp\/v2\/types\/post"}],"author":[{"embeddable":true,"href":"https:\/\/jundiai.sp.gov.br\/noticias\/wp-json\/wp\/v2\/users\/14"}],"replies":[{"embeddable":true,"href":"https:\/\/jundiai.sp.gov.br\/noticias\/wp-json\/wp\/v2\/comments?post=298909"}],"version-history":[{"count":2,"href":"https:\/\/jundiai.sp.gov.br\/noticias\/wp-json\/wp\/v2\/posts\/298909\/revisions"}],"predecessor-version":[{"id":298913,"href":"https:\/\/jundiai.sp.gov.br\/noticias\/wp-json\/wp\/v2\/posts\/298909\/revisions\/298913"}],"wp:featuredmedia":[{"embeddable":true,"href":"https:\/\/jundiai.sp.gov.br\/noticias\/wp-json\/wp\/v2\/media\/298911"}],"wp:attachment":[{"href":"https:\/\/jundiai.sp.gov.br\/noticias\/wp-json\/wp\/v2\/media?parent=298909"}],"wp:term":[{"taxonomy":"category","embeddable":true,"href":"https:\/\/jundiai.sp.gov.br\/noticias\/wp-json\/wp\/v2\/categories?post=298909"},{"taxonomy":"post_tag","embeddable":true,"href":"https:\/\/jundiai.sp.gov.br\/noticias\/wp-json\/wp\/v2\/tags?post=298909"},{"taxonomy":"ods","embeddable":true,"href":"https:\/\/jundiai.sp.gov.br\/noticias\/wp-json\/wp\/v2\/ods?post=298909"}],"curies":[{"name":"wp","href":"https:\/\/api.w.org\/{rel}","templated":true}]}}