{"id":299165,"date":"2022-08-12T15:09:04","date_gmt":"2022-08-12T18:09:04","guid":{"rendered":"https:\/\/jundiai.sp.gov.br\/noticias\/?p=299165"},"modified":"2022-08-12T16:17:29","modified_gmt":"2022-08-12T19:17:29","slug":"equipe-de-benevides-no-para-encarra-semana-de-imersao-na-educacao-de-jundiai-com-apresentacao","status":"publish","type":"post","link":"https:\/\/jundiai.sp.gov.br\/noticias\/2022\/08\/12\/equipe-de-benevides-no-para-encarra-semana-de-imersao-na-educacao-de-jundiai-com-apresentacao\/","title":{"rendered":"Equipe de Benevides, no Par\u00e1, encerra semana de imers\u00e3o na Educa\u00e7\u00e3o de Jundia\u00ed com apresenta\u00e7\u00e3o"},"content":{"rendered":"\n<p>A semana de imers\u00e3o em Jundia\u00ed chegou ao fim para a equipe t\u00e9cnica de Benevides, no Par\u00e1, e o fechamento n\u00e3o poderia ser diferente: super especial. A gestora de Educa\u00e7\u00e3o, Vast\u00ed Ferrari Marques, realizou uma apresenta\u00e7\u00e3o geral sobre a Educa\u00e7\u00e3o do munic\u00edpio em conversa com os benevidenses, na manh\u00e3 desta sexta-feira (12).&nbsp;<\/p>\n\n\n\n<p>\u201cN\u00f3s estamos encerrando a nossa semana de miss\u00e3o t\u00e9cnica com esse time super bacana, estamos muito encantados com a possibilidade de compartilharmos ideias e aprendermos juntos, eu espero que eles tenham levado o melhor que proporcionamos aos nossos meninos e meninas\u201d, enfatiza a gestora. \u201cSemana gostosa, semana proveitosa, semana de muita aprendizagem\u201d, finaliza sobre a semana imersiva pela Unidade de Gest\u00e3o de Educa\u00e7\u00e3o com a equipe de Benevides.<\/p>\n\n\n\n<p>A diretora de Ensino\/Secretaria Municipal de Educa\u00e7\u00e3o (SEMED), em Benevides, Francilene Sodr\u00e9, ficou encantada com a Cidade das Crian\u00e7as e tudo que p\u00f4de presenciar. \u201cEssa semana foi maravilhosa, quer\u00edamos agradecer Jundia\u00ed por nos receber com tanto carinho, em todos os lugares sentimos, apesar do frio, o calor do povo. O que a gente leva, al\u00e9m de toda a inova\u00e7\u00e3o e tecnologias, \u00e9 que de fato, Jundia\u00ed \u00e9 a cidade do futuro, o programa Escola Inovadora \u00e9 uma realidade, sentimos que aqui \u00e9 uma refer\u00eancia para o nosso munic\u00edpio\u201d, ressaltou Francilene.<\/p>\n\n\n\n<p>Jundia\u00ed os recebeu e proporcionou visitas ao Mundo das Crian\u00e7as, Centro Internacional de Estudos, Mem\u00f3rias e Pesquisas da Inf\u00e2ncia (CIEMPI), Fab Lab, Complexo Argos, Vale Verde e as EMEBs, onde puderam conhecer o Rob, rob\u00f4 da Educa\u00e7\u00e3o Infantil II (4 e 5 anos) da rede municipal. \u201cPara n\u00f3s foi muito importante conhecer o Mundo das Crian\u00e7as, essa valoriza\u00e7\u00e3o das inf\u00e2ncias, o Centro de Pesquisas \u00e9 inovador, foi tudo muito importante para n\u00f3s\u201d, afirmou a benevidense.<\/p>\n\n\n\n<figure class=\"wp-block-image size-full\"><img loading=\"lazy\" decoding=\"async\" width=\"1280\" height=\"854\" src=\"https:\/\/jundiai.sp.gov.br\/noticias\/wp-content\/uploads\/sites\/32\/2022\/08\/uge_visita-da-equipe-de-belem-do-para-22.jpg\" alt=\"Em uma sala com uma mesa no centro, 7 pessoas est\u00e3o sentadas em volta da mesa. Em frente, tem uma tela interativa com apresenta\u00e7\u00e3o da Educa\u00e7\u00e3o de Jundia\u00ed, o logo Escola Inovadora est\u00e1 no foco.\" class=\"wp-image-299172\" srcset=\"https:\/\/jundiai.sp.gov.br\/noticias\/wp-content\/uploads\/sites\/32\/2022\/08\/uge_visita-da-equipe-de-belem-do-para-22.jpg 1280w, https:\/\/jundiai.sp.gov.br\/noticias\/wp-content\/uploads\/sites\/32\/2022\/08\/uge_visita-da-equipe-de-belem-do-para-22-300x200.jpg 300w, https:\/\/jundiai.sp.gov.br\/noticias\/wp-content\/uploads\/sites\/32\/2022\/08\/uge_visita-da-equipe-de-belem-do-para-22-768x512.jpg 768w, https:\/\/jundiai.sp.gov.br\/noticias\/wp-content\/uploads\/sites\/32\/2022\/08\/uge_visita-da-equipe-de-belem-do-para-22-450x300.jpg 450w\" sizes=\"auto, (max-width: 1280px) 100vw, 1280px\" \/><figcaption>Vast\u00ed recebe equipe de Benevides para apresenta\u00e7\u00e3o e conversa sobre a educa\u00e7\u00e3o de Jundia\u00ed, encerrando a semana de imers\u00e3o<\/figcaption><\/figure>\n\n\n\n<p><strong>Assessoria de Imprensa<br>Fotos: Fot\u00f3grafos PMJ<\/strong><\/p>\n","protected":false},"excerpt":{"rendered":"<p>A semana de imers\u00e3o em Jundia\u00ed chegou ao fim para a equipe t\u00e9cnica de Benevides, no Par\u00e1, e o fechamento n\u00e3o poderia ser diferente: super especial. A gestora de Educa\u00e7\u00e3o, Vast\u00ed Ferrari Marques, realizou uma apresenta\u00e7\u00e3o geral sobre a Educa\u00e7\u00e3o do munic\u00edpio em conversa com os benevidenses, na manh\u00e3 desta sexta-feira (12).&nbsp; \u201cN\u00f3s estamos encerrando [&hellip;]<\/p>\n","protected":false},"author":82,"featured_media":299172,"comment_status":"closed","ping_status":"0","sticky":false,"template":"","format":"standard","meta":{"footnotes":""},"categories":[2],"tags":[6,1061],"ods":[],"class_list":["post-299165","post","type-post","status-publish","format-standard","has-post-thumbnail","hentry","category-noticias","tag-educacao","tag-escola-inovadora"],"_links":{"self":[{"href":"https:\/\/jundiai.sp.gov.br\/noticias\/wp-json\/wp\/v2\/posts\/299165","targetHints":{"allow":["GET"]}}],"collection":[{"href":"https:\/\/jundiai.sp.gov.br\/noticias\/wp-json\/wp\/v2\/posts"}],"about":[{"href":"https:\/\/jundiai.sp.gov.br\/noticias\/wp-json\/wp\/v2\/types\/post"}],"author":[{"embeddable":true,"href":"https:\/\/jundiai.sp.gov.br\/noticias\/wp-json\/wp\/v2\/users\/82"}],"replies":[{"embeddable":true,"href":"https:\/\/jundiai.sp.gov.br\/noticias\/wp-json\/wp\/v2\/comments?post=299165"}],"version-history":[{"count":5,"href":"https:\/\/jundiai.sp.gov.br\/noticias\/wp-json\/wp\/v2\/posts\/299165\/revisions"}],"predecessor-version":[{"id":299206,"href":"https:\/\/jundiai.sp.gov.br\/noticias\/wp-json\/wp\/v2\/posts\/299165\/revisions\/299206"}],"wp:featuredmedia":[{"embeddable":true,"href":"https:\/\/jundiai.sp.gov.br\/noticias\/wp-json\/wp\/v2\/media\/299172"}],"wp:attachment":[{"href":"https:\/\/jundiai.sp.gov.br\/noticias\/wp-json\/wp\/v2\/media?parent=299165"}],"wp:term":[{"taxonomy":"category","embeddable":true,"href":"https:\/\/jundiai.sp.gov.br\/noticias\/wp-json\/wp\/v2\/categories?post=299165"},{"taxonomy":"post_tag","embeddable":true,"href":"https:\/\/jundiai.sp.gov.br\/noticias\/wp-json\/wp\/v2\/tags?post=299165"},{"taxonomy":"ods","embeddable":true,"href":"https:\/\/jundiai.sp.gov.br\/noticias\/wp-json\/wp\/v2\/ods?post=299165"}],"curies":[{"name":"wp","href":"https:\/\/api.w.org\/{rel}","templated":true}]}}