{"id":299357,"date":"2022-08-17T13:13:09","date_gmt":"2022-08-17T16:13:09","guid":{"rendered":"https:\/\/jundiai.sp.gov.br\/noticias\/?p=299357"},"modified":"2022-08-17T13:13:09","modified_gmt":"2022-08-17T16:13:09","slug":"cultura-abre-inscricao-para-oficina-gratuita-de-sling-para-bebes-na-fabrica-das-infancias-japy","status":"publish","type":"post","link":"https:\/\/jundiai.sp.gov.br\/noticias\/2022\/08\/17\/cultura-abre-inscricao-para-oficina-gratuita-de-sling-para-bebes-na-fabrica-das-infancias-japy\/","title":{"rendered":"Cultura abre inscri\u00e7\u00e3o para oficina gratuita de \u201cSling para beb\u00eas\u201d na F\u00e1brica das Inf\u00e2ncias Japy"},"content":{"rendered":"\n<p>A Unidade de Gest\u00e3o de Cultura (UGC), em continuidade as suas a\u00e7\u00f5es de pol\u00edticas p\u00fablicas do Programa Municipal Cidade das Crian\u00e7as, abre a inscri\u00e7\u00e3o para fam\u00edlias ou cuidadores com beb\u00eas rec\u00e9m-nascidos at\u00e9 seis (06) meses e seus beb\u00eas para a oficina \u201cCarregar \u2013 Um pano e muito acolhimento: Sling para beb\u00eas\u201d, com \u00c9rica Bigheto totalmente gratuito, com fornecimento de material para dez pessoas, na F\u00e1brica das Inf\u00e2ncias Japy, a partir da pr\u00f3xima ter\u00e7a-feira, dia 23, das 10h \u00e0s 11h30, sendo que a \u00fanica exig\u00eancia \u00e9 que a crian\u00e7a participe nos quatro encontros que ser\u00e3o realizados.<\/p>\n\n\n\n<p>A proposta, segundo \u00c9rica Bigheto, \u00e9 atender \u00e0s demandas apresentadas pelas fam\u00edlias com beb\u00eas de colo, principalmente as fam\u00edlias de baixa renda com o intuito de ensinar a pr\u00e1tica do carregar com pano, desde como produzir o pr\u00f3prio sling artesanalmente com materiais acess\u00edveis; como carregar considerando a fisiologia do corpo do beb\u00ea e do adulto que carrega; como ajustar o tecido ao redor dos corpos mantendo a ergonomia e como aperfei\u00e7oar a pr\u00e1tica para amamentar no sling e carregar em posi\u00e7\u00f5es diversas, como frente, lado e costas.<\/p>\n\n\n\n<figure class=\"wp-block-image size-large\"><img loading=\"lazy\" decoding=\"async\" width=\"1280\" height=\"960\" src=\"https:\/\/jundiai.sp.gov.br\/noticias\/wp-content\/uploads\/sites\/32\/2022\/08\/erica1-1280x960.jpeg\" alt=\"\" class=\"wp-image-299363\" srcset=\"https:\/\/jundiai.sp.gov.br\/noticias\/wp-content\/uploads\/sites\/32\/2022\/08\/erica1.jpeg 1280w, https:\/\/jundiai.sp.gov.br\/noticias\/wp-content\/uploads\/sites\/32\/2022\/08\/erica1-300x225.jpeg 300w, https:\/\/jundiai.sp.gov.br\/noticias\/wp-content\/uploads\/sites\/32\/2022\/08\/erica1-768x576.jpeg 768w\" sizes=\"auto, (max-width: 1280px) 100vw, 1280px\" \/><figcaption>Oficina de Sling para beb\u00eas com todo material fornecido aos participantes<\/figcaption><\/figure>\n\n\n\n<p>A Oficina de Sling para beb\u00eas ser\u00e1 realizada nas ter\u00e7as-feiras dias 23 e 30 de agosto e 06 e 13 de setembro, das 10h \u00e0s 11h30. As inscri\u00e7\u00f5es ser\u00e3o realizadas via formul\u00e1rio on-line, podendo ser acessado na internet, no <a href=\"https:\/\/docs.google.com\/forms\/d\/e\/1FAIpQLSeOdvTsnwoqaglW5y5ZxYyDjV4cstVKC3D1X97-E27kvJNIqg\/viewform\" target=\"_blank\" rel=\"noreferrer noopener\">link<\/a><\/p>\n\n\n\n<p><strong>Um pouco de hist\u00f3ria<\/strong><\/p>\n\n\n\n<p>Ao longo de toda a hist\u00f3ria da humanidade, beb\u00eas foram carregados por seus cuidadores para sobreviverem. Carregar beb\u00eas foi o que proporcionou \u00e0s primeiras fam\u00edlias a possibilidade de se locomoverem em busca de alimento e melhores condi\u00e7\u00f5es de clima, al\u00e9m de proteger o beb\u00ea da a\u00e7\u00e3o de predadores. H\u00e1 registros de acess\u00f3rios desenvolvidos por povos origin\u00e1rios de v\u00e1rias partes do mundo, e que ainda s\u00e3o utilizados em tribos e culturas ancestrais, facilitando o trabalho dom\u00e9stico e proporcionando mais conforto e acolhimento ao beb\u00ea em fase de exterogesta\u00e7\u00e3o.<\/p>\n\n\n\n<p>Depois da coloniza\u00e7\u00e3o do Brasil, novos h\u00e1bitos foram ensinados e muitas pr\u00e1ticas foram esquecidas. Os carrinhos de beb\u00eas passaram a fazer a fun\u00e7\u00e3o de transportar os beb\u00eas (como faziam as fam\u00edlias mais ricas nas cortes europeias), os cercados come\u00e7aram a ser produzidos pelas grandes ind\u00fastrias e o incentivo \u00e0 independ\u00eancia dos beb\u00eas passou a ser comum.<\/p>\n\n\n\n<p>Nesse contexto, uma consequ\u00eancia aconteceu: beb\u00eas que choram \u201cmuito\u201d, beb\u00eas irritados, beb\u00eas que n\u00e3o dormem f\u00e1cil e outras classifica\u00e7\u00f5es que poderiam ser explicadas pela falta de colo e acolhimento f\u00edsico a essas crian\u00e7as. Cientistas e te\u00f3ricos nos \u00faltimos anos se debru\u00e7aram em pesquisas para entender o comportamento dos beb\u00eas e o seu desenvolvimento de acordo com as necessidades apresentadas e o que conclu\u00edram \u00e9 que o colo nos primeiros meses de vida \u00e9 necess\u00e1rio para o desenvolvimento saud\u00e1vel das fun\u00e7\u00f5es neurol\u00f3gicas, ps\u00edquicas e at\u00e9 motoras dos beb\u00eas.<\/p>\n\n\n\n<p>Em contrapartida, esses acess\u00f3rios que mant\u00eam os beb\u00eas afastados do pai ou da m\u00e3e contribuem muito para que esse adulto consiga realizar tarefas, desde as mais simples at\u00e9 as mais complexas, pelo simples fato de n\u00e3o estar com os bra\u00e7os ocupados. Nesse sentido, a maioria das fam\u00edlias n\u00e3o v\u00ea maneiras de atender \u00e0s solicita\u00e7\u00f5es de colo ao mesmo tempo que se encarrega das demandas da rotina, ent\u00e3o sempre precisam escolher entre um ou outro: ou proporciona colo ou realiza outra atividade.<\/p>\n\n\n\n<figure class=\"wp-block-gallery has-nested-images columns-default is-cropped wp-block-gallery-1 is-layout-flex wp-block-gallery-is-layout-flex\">\n<figure class=\"wp-block-image size-large\"><img loading=\"lazy\" decoding=\"async\" width=\"454\" height=\"640\" data-id=\"299367\" src=\"https:\/\/jundiai.sp.gov.br\/noticias\/wp-content\/uploads\/sites\/32\/2022\/08\/erica0-1.jpeg\" alt=\"\" class=\"wp-image-299367\" srcset=\"https:\/\/jundiai.sp.gov.br\/noticias\/wp-content\/uploads\/sites\/32\/2022\/08\/erica0-1.jpeg 454w, https:\/\/jundiai.sp.gov.br\/noticias\/wp-content\/uploads\/sites\/32\/2022\/08\/erica0-1-300x423.jpeg 300w\" sizes=\"auto, (max-width: 454px) 100vw, 454px\" \/><figcaption><strong>Dois momentos de \u00c9rica Bigheto com&#8230;<\/strong><\/figcaption><\/figure>\n\n\n\n<figure class=\"wp-block-image size-large\"><img loading=\"lazy\" decoding=\"async\" width=\"469\" height=\"506\" data-id=\"299368\" src=\"https:\/\/jundiai.sp.gov.br\/noticias\/wp-content\/uploads\/sites\/32\/2022\/08\/erica2-1.jpeg\" alt=\"\" class=\"wp-image-299368\" srcset=\"https:\/\/jundiai.sp.gov.br\/noticias\/wp-content\/uploads\/sites\/32\/2022\/08\/erica2-1.jpeg 469w, https:\/\/jundiai.sp.gov.br\/noticias\/wp-content\/uploads\/sites\/32\/2022\/08\/erica2-1-300x324.jpeg 300w\" sizes=\"auto, (max-width: 469px) 100vw, 469px\" \/><figcaption>&#8230; <strong>seus filhos carregados no Slim<\/strong><\/figcaption><\/figure>\n<\/figure>\n\n\n\n<p><strong>\u00c9rica Bigheto<\/strong><br>Tem 35 anos, m\u00e3e de dois garotos, Jo\u00e3o (12 anos) e Benjamim (4 anos), trabalhou durante 13 anos com Design de Interiores e ap\u00f3s o nascimento do segundo filho decidiu deixar de exercer seu talento com a arte da decora\u00e7\u00e3o para desta vez tornar lares harm\u00f4nicos de outra maneira, estudando mais a fundo sobre a educa\u00e7\u00e3o e cria\u00e7\u00e3o de filhos.<br>Formada na Escola Brasileira de Babywearing (Beb\u00ea no Pano) e h\u00e1 4 anos vem praticando o carregar no pano al\u00e9m de ensinar fam\u00edlias no mundo todo a carregar seus beb\u00eas em carregadores respeitosos, mantendo o v\u00ednculo e o acolhimento do colo, mas ainda podendo ter os bra\u00e7os livres para exercer outras atividades.<\/p>\n\n\n\n<p><strong>Assessoria de Imprensa <br>Fotos: Divulga\u00e7\u00e3o<\/strong><\/p>\n","protected":false},"excerpt":{"rendered":"<p>A Unidade de Gest\u00e3o de Cultura (UGC), em continuidade as suas a\u00e7\u00f5es de pol\u00edticas p\u00fablicas do Programa Municipal Cidade das Crian\u00e7as, abre a inscri\u00e7\u00e3o para fam\u00edlias ou cuidadores com beb\u00eas rec\u00e9m-nascidos at\u00e9 seis (06) meses e seus beb\u00eas para a oficina \u201cCarregar \u2013 Um pano e muito acolhimento: Sling para beb\u00eas\u201d, com \u00c9rica Bigheto totalmente [&hellip;]<\/p>\n","protected":false},"author":83,"featured_media":299372,"comment_status":"closed","ping_status":"0","sticky":false,"template":"","format":"standard","meta":{"footnotes":""},"categories":[2],"tags":[29,2251],"ods":[],"class_list":["post-299357","post","type-post","status-publish","format-standard","has-post-thumbnail","hentry","category-noticias","tag-cultura","tag-fabrica-das-infancias-japy"],"_links":{"self":[{"href":"https:\/\/jundiai.sp.gov.br\/noticias\/wp-json\/wp\/v2\/posts\/299357","targetHints":{"allow":["GET"]}}],"collection":[{"href":"https:\/\/jundiai.sp.gov.br\/noticias\/wp-json\/wp\/v2\/posts"}],"about":[{"href":"https:\/\/jundiai.sp.gov.br\/noticias\/wp-json\/wp\/v2\/types\/post"}],"author":[{"embeddable":true,"href":"https:\/\/jundiai.sp.gov.br\/noticias\/wp-json\/wp\/v2\/users\/83"}],"replies":[{"embeddable":true,"href":"https:\/\/jundiai.sp.gov.br\/noticias\/wp-json\/wp\/v2\/comments?post=299357"}],"version-history":[{"count":4,"href":"https:\/\/jundiai.sp.gov.br\/noticias\/wp-json\/wp\/v2\/posts\/299357\/revisions"}],"predecessor-version":[{"id":299375,"href":"https:\/\/jundiai.sp.gov.br\/noticias\/wp-json\/wp\/v2\/posts\/299357\/revisions\/299375"}],"wp:featuredmedia":[{"embeddable":true,"href":"https:\/\/jundiai.sp.gov.br\/noticias\/wp-json\/wp\/v2\/media\/299372"}],"wp:attachment":[{"href":"https:\/\/jundiai.sp.gov.br\/noticias\/wp-json\/wp\/v2\/media?parent=299357"}],"wp:term":[{"taxonomy":"category","embeddable":true,"href":"https:\/\/jundiai.sp.gov.br\/noticias\/wp-json\/wp\/v2\/categories?post=299357"},{"taxonomy":"post_tag","embeddable":true,"href":"https:\/\/jundiai.sp.gov.br\/noticias\/wp-json\/wp\/v2\/tags?post=299357"},{"taxonomy":"ods","embeddable":true,"href":"https:\/\/jundiai.sp.gov.br\/noticias\/wp-json\/wp\/v2\/ods?post=299357"}],"curies":[{"name":"wp","href":"https:\/\/api.w.org\/{rel}","templated":true}]}}