{"id":299396,"date":"2022-08-17T17:25:59","date_gmt":"2022-08-17T20:25:59","guid":{"rendered":"https:\/\/jundiai.sp.gov.br\/noticias\/?p=299396"},"modified":"2022-08-17T17:25:59","modified_gmt":"2022-08-17T20:25:59","slug":"covid-19-novo-polo-de-vacinacao-registra-movimento-intenso-no-primeiro-dia-de-funcionamento","status":"publish","type":"post","link":"https:\/\/jundiai.sp.gov.br\/noticias\/2022\/08\/17\/covid-19-novo-polo-de-vacinacao-registra-movimento-intenso-no-primeiro-dia-de-funcionamento\/","title":{"rendered":"Covid-19: novo polo de vacina\u00e7\u00e3o registra movimento intenso no primeiro dia de funcionamento"},"content":{"rendered":"\n<p>O novo polo de vacina\u00e7\u00e3o contra Covid-19, na Cidade Administrativa (antiga Creche do Idoso), teve movimento intenso nesta quarta-feira (17), primeiro dia de funcionamento. O local \u00e9 ponto exclusivo para a aplica\u00e7\u00e3o da quarta dose em pessoas de 35 a 39 anos e que receberam a D3 h\u00e1 pelo menos quatro meses (122 dias).<br><br>\u201cEu tenho 35 anos e vim receber mais esse refor\u00e7o. O acesso ficou f\u00e1cil\u201d, elogiou a designer Renata Pavan. <br><br>Somente no per\u00edodo manh\u00e3, mais de 50 pessoas foram atendidas no local. \u201cTomamos conhecimento sobre esse novo posto de aplica\u00e7\u00e3o e a nova faixa et\u00e1ria para a quarta dose. Paramos a rotina, porque essa vacina \u00e9 prioridade. Foi tudo muito r\u00e1pido e tranquilo\u201d, destacou o casal de empres\u00e1rios Vanessa e Jo\u00e3o Coimbra da Silva.<br><\/p>\n\n\n\n<figure class=\"wp-block-image size-full\"><img loading=\"lazy\" decoding=\"async\" width=\"1280\" height=\"853\" src=\"https:\/\/jundiai.sp.gov.br\/noticias\/wp-content\/uploads\/sites\/32\/2022\/08\/vacinacao-influenza-covid_fm_-18.jpg\" alt=\"\" class=\"wp-image-299400\" srcset=\"https:\/\/jundiai.sp.gov.br\/noticias\/wp-content\/uploads\/sites\/32\/2022\/08\/vacinacao-influenza-covid_fm_-18.jpg 1280w, https:\/\/jundiai.sp.gov.br\/noticias\/wp-content\/uploads\/sites\/32\/2022\/08\/vacinacao-influenza-covid_fm_-18-300x200.jpg 300w, https:\/\/jundiai.sp.gov.br\/noticias\/wp-content\/uploads\/sites\/32\/2022\/08\/vacinacao-influenza-covid_fm_-18-768x512.jpg 768w, https:\/\/jundiai.sp.gov.br\/noticias\/wp-content\/uploads\/sites\/32\/2022\/08\/vacinacao-influenza-covid_fm_-18-450x300.jpg 450w\" sizes=\"auto, (max-width: 1280px) 100vw, 1280px\" \/><figcaption>Em menos de 10 minutos, o casos recebeu a D4<\/figcaption><\/figure>\n\n\n\n<p>O polo &#8211; na avenida Alexandre Ludke, 780 (pr\u00f3ximo ao Terminal Hortol\u00e2ndia) &#8211; tamb\u00e9m est\u00e1 disponibilizando, de segunda a sexta-feira, das 8h \u00e0s 16h30, as doses anteriores para o p\u00fablico a partir de cinco anos, al\u00e9m da vacina contra Influenza (at\u00e9 o t\u00e9rmino do estoque do Munic\u00edpio) para pessoas a partir de 6 meses.<\/p>\n\n\n\n<p><strong>Demais pontos<\/strong><br>Jundia\u00ed tamb\u00e9m prossegue com a aplica\u00e7\u00e3o de doses contra Covid-19 nas Unidades B\u00e1sicas de Sa\u00fade (UBSs), durante o hor\u00e1rio das salas de vacina\u00e7\u00e3o. Nesses pontos a quarta dose \u00e9 disponibilizada para pessoas com mais de 40 anos.<br><br>Atualmente, a cidade registra mais de 120 mil pessoas est\u00e3o com alguma dose de vacina contra Covid-19 em atraso.<\/p>\n\n\n\n<p><strong>Assessoria de Imprensa<br>Foto: Fot\u00f3grafos PMJ<\/strong><\/p>\n","protected":false},"excerpt":{"rendered":"<p>O novo polo de vacina\u00e7\u00e3o contra Covid-19, na Cidade Administrativa (antiga Creche do Idoso), teve movimento intenso nesta quarta-feira (17), primeiro dia de funcionamento. O local \u00e9 ponto exclusivo para a aplica\u00e7\u00e3o da quarta dose em pessoas de 35 a 39 anos e que receberam a D3 h\u00e1 pelo menos quatro meses (122 dias). \u201cEu [&hellip;]<\/p>\n","protected":false},"author":50,"featured_media":299401,"comment_status":"closed","ping_status":"0","sticky":false,"template":"","format":"standard","meta":{"footnotes":""},"categories":[2],"tags":[1500,981],"ods":[],"class_list":["post-299396","post","type-post","status-publish","format-standard","has-post-thumbnail","hentry","category-noticias","tag-coronavirus","tag-promocao-da-saude"],"_links":{"self":[{"href":"https:\/\/jundiai.sp.gov.br\/noticias\/wp-json\/wp\/v2\/posts\/299396","targetHints":{"allow":["GET"]}}],"collection":[{"href":"https:\/\/jundiai.sp.gov.br\/noticias\/wp-json\/wp\/v2\/posts"}],"about":[{"href":"https:\/\/jundiai.sp.gov.br\/noticias\/wp-json\/wp\/v2\/types\/post"}],"author":[{"embeddable":true,"href":"https:\/\/jundiai.sp.gov.br\/noticias\/wp-json\/wp\/v2\/users\/50"}],"replies":[{"embeddable":true,"href":"https:\/\/jundiai.sp.gov.br\/noticias\/wp-json\/wp\/v2\/comments?post=299396"}],"version-history":[{"count":5,"href":"https:\/\/jundiai.sp.gov.br\/noticias\/wp-json\/wp\/v2\/posts\/299396\/revisions"}],"predecessor-version":[{"id":299414,"href":"https:\/\/jundiai.sp.gov.br\/noticias\/wp-json\/wp\/v2\/posts\/299396\/revisions\/299414"}],"wp:featuredmedia":[{"embeddable":true,"href":"https:\/\/jundiai.sp.gov.br\/noticias\/wp-json\/wp\/v2\/media\/299401"}],"wp:attachment":[{"href":"https:\/\/jundiai.sp.gov.br\/noticias\/wp-json\/wp\/v2\/media?parent=299396"}],"wp:term":[{"taxonomy":"category","embeddable":true,"href":"https:\/\/jundiai.sp.gov.br\/noticias\/wp-json\/wp\/v2\/categories?post=299396"},{"taxonomy":"post_tag","embeddable":true,"href":"https:\/\/jundiai.sp.gov.br\/noticias\/wp-json\/wp\/v2\/tags?post=299396"},{"taxonomy":"ods","embeddable":true,"href":"https:\/\/jundiai.sp.gov.br\/noticias\/wp-json\/wp\/v2\/ods?post=299396"}],"curies":[{"name":"wp","href":"https:\/\/api.w.org\/{rel}","templated":true}]}}