{"id":299449,"date":"2022-08-18T16:02:15","date_gmt":"2022-08-18T19:02:15","guid":{"rendered":"https:\/\/jundiai.sp.gov.br\/noticias\/?p=299449"},"modified":"2022-08-18T16:02:15","modified_gmt":"2022-08-18T19:02:15","slug":"agosto-dourado-escola-promove-roda-de-conversa-sobre-educacao-nao-violenta-com-pais-e-responsaveis","status":"publish","type":"post","link":"https:\/\/jundiai.sp.gov.br\/noticias\/2022\/08\/18\/agosto-dourado-escola-promove-roda-de-conversa-sobre-educacao-nao-violenta-com-pais-e-responsaveis\/","title":{"rendered":"Agosto Dourado: escola promove roda de conversa sobre Educa\u00e7\u00e3o N\u00e3o Violenta com pais e respons\u00e1veis"},"content":{"rendered":"\n<p>Como parte da programa\u00e7\u00e3o proposta pela Prefeitura de Jundia\u00ed para o Agosto Dourado, nesta semana, a EMEB Professora Cleonice Adolpho de Faria proporcionou, com a Assistente Social da Unidade de Gest\u00e3o de Educa\u00e7\u00e3o (UGE), Isabete Ferreira, uma roda de conversa com os pais, familiares e educadores sobre \u201cEduca\u00e7\u00e3o N\u00e3o Violenta\u201d.<\/p>\n\n\n\n<p>Reflex\u00e3o necess\u00e1ria sobre a viol\u00eancia escolar: na escola, da escola e contra a escola, com o objetivo de efetivar as pr\u00e1ticas pedag\u00f3gicas e educacionais, seguindo preceitos fundamentais das Pr\u00e1ticas Restaurativas balizadas por conceitos da comunica\u00e7\u00e3o n\u00e3o violenta e media\u00e7\u00e3o de conflitos.<\/p>\n\n\n\n<figure class=\"wp-block-image size-full\"><img loading=\"lazy\" decoding=\"async\" width=\"1280\" height=\"854\" src=\"https:\/\/jundiai.sp.gov.br\/noticias\/wp-content\/uploads\/sites\/32\/2022\/08\/emeb-prof-cleonice-adolpho_-agosto-dourado-7.jpg\" alt=\"Oito adultos, sentados lado a lado, olham para a frente com aten\u00e7\u00e3o, enquanto escutam a assistente social.\" class=\"wp-image-299463\" srcset=\"https:\/\/jundiai.sp.gov.br\/noticias\/wp-content\/uploads\/sites\/32\/2022\/08\/emeb-prof-cleonice-adolpho_-agosto-dourado-7.jpg 1280w, https:\/\/jundiai.sp.gov.br\/noticias\/wp-content\/uploads\/sites\/32\/2022\/08\/emeb-prof-cleonice-adolpho_-agosto-dourado-7-300x200.jpg 300w, https:\/\/jundiai.sp.gov.br\/noticias\/wp-content\/uploads\/sites\/32\/2022\/08\/emeb-prof-cleonice-adolpho_-agosto-dourado-7-768x512.jpg 768w, https:\/\/jundiai.sp.gov.br\/noticias\/wp-content\/uploads\/sites\/32\/2022\/08\/emeb-prof-cleonice-adolpho_-agosto-dourado-7-450x300.jpg 450w\" sizes=\"auto, (max-width: 1280px) 100vw, 1280px\" \/><figcaption>Pais e respons\u00e1veis participam de roda de conversa<\/figcaption><\/figure>\n\n\n\n<p>A m\u00e3e do pequeno Pedro, Alessandra Gomes, participou do evento e adorou socializar com os pais. \u201cGosto muito da nossa parceria com a escola, educamos em conjunto, a escola nos proporciona uma abertura para refletirmos juntos. Dessa forma conseguimos desenvolver as nossas crian\u00e7as com o senso de que estamos aqui por elas, educar de uma forma respeitosa\u201d, pontuou.<\/p>\n\n\n\n<p>Os pais e respons\u00e1veis reagiram de forma positiva, levantaram quest\u00f5es, conversaram e levaram aprendizagens de um tema muito importante com a assistente social. \u201cEu levantei alguns pontos com os pais de uma forma bem simples e realista. Para haver mudan\u00e7a temos que dar oportunidade, proporcionar um conhecimento sobre o assunto para que os pais possam refletir\u201d, alegou Isabete, que tamb\u00e9m ressaltou sobre o cuidado com os familiares. \u201cConversamos sobre os pais tamb\u00e9m, eles precisam estar bem para cuidar dos pequenos, \u00e9 importante ajud\u00e1-los\u201d.<\/p>\n\n\n\n<figure class=\"wp-block-image size-full\"><img loading=\"lazy\" decoding=\"async\" width=\"1280\" height=\"854\" src=\"https:\/\/jundiai.sp.gov.br\/noticias\/wp-content\/uploads\/sites\/32\/2022\/08\/emeb-prof-cleonice-adolpho_-agosto-dourado-2-1.jpg\" alt=\"A assistente social Isabete Ferreira, est\u00e1 de lado para a foto, olhando para os pais. Na parede ao seu lado, passam os slides sobre &quot;Educa\u00e7\u00e3o N\u00e3o Violenta&quot; em apresenta\u00e7\u00e3o para os pais. Texto no slide: Disciplina positiva para beb\u00eas.\" class=\"wp-image-299467\" srcset=\"https:\/\/jundiai.sp.gov.br\/noticias\/wp-content\/uploads\/sites\/32\/2022\/08\/emeb-prof-cleonice-adolpho_-agosto-dourado-2-1.jpg 1280w, https:\/\/jundiai.sp.gov.br\/noticias\/wp-content\/uploads\/sites\/32\/2022\/08\/emeb-prof-cleonice-adolpho_-agosto-dourado-2-1-300x200.jpg 300w, https:\/\/jundiai.sp.gov.br\/noticias\/wp-content\/uploads\/sites\/32\/2022\/08\/emeb-prof-cleonice-adolpho_-agosto-dourado-2-1-768x512.jpg 768w, https:\/\/jundiai.sp.gov.br\/noticias\/wp-content\/uploads\/sites\/32\/2022\/08\/emeb-prof-cleonice-adolpho_-agosto-dourado-2-1-450x300.jpg 450w\" sizes=\"auto, (max-width: 1280px) 100vw, 1280px\" \/><figcaption>Assistente social, Isabete Ferreira, realizou uma apresenta\u00e7\u00e3o sobre &#8220;Educa\u00e7\u00e3o N\u00e3o Violenta&#8221;<\/figcaption><\/figure>\n\n\n\n<p>A escola exerce um trabalho em equipe, \u00e9 a import\u00e2ncia de trocar experi\u00eancias e falar sobre um assunto necess\u00e1rio com olhares diferentes sobre a educa\u00e7\u00e3o. \u201cReceber os pais na nossa escola estabelece ainda mais o nosso la\u00e7o de parceria, precisamos falar sobre o desenvolvimento e as necessidades das nossas crian\u00e7as, dentro e fora da escola\u201d, destacou a coordenadora pedag\u00f3gica, Ana Paula Assis e Silva.<\/p>\n\n\n\n<p><strong>Assessoria de Imprensa <br>Fotos: Fot\u00f3grafos PMJ<\/strong><\/p>\n","protected":false},"excerpt":{"rendered":"<p>Como parte da programa\u00e7\u00e3o proposta pela Prefeitura de Jundia\u00ed para o Agosto Dourado, nesta semana, a EMEB Professora Cleonice Adolpho de Faria proporcionou, com a Assistente Social da Unidade de Gest\u00e3o de Educa\u00e7\u00e3o (UGE), Isabete Ferreira, uma roda de conversa com os pais, familiares e educadores sobre \u201cEduca\u00e7\u00e3o N\u00e3o Violenta\u201d. Reflex\u00e3o necess\u00e1ria sobre a viol\u00eancia [&hellip;]<\/p>\n","protected":false},"author":82,"featured_media":299468,"comment_status":"closed","ping_status":"0","sticky":false,"template":"","format":"standard","meta":{"footnotes":""},"categories":[2],"tags":[3278,6,1061],"ods":[],"class_list":["post-299449","post","type-post","status-publish","format-standard","has-post-thumbnail","hentry","category-noticias","tag-agosto-dourado","tag-educacao","tag-escola-inovadora"],"_links":{"self":[{"href":"https:\/\/jundiai.sp.gov.br\/noticias\/wp-json\/wp\/v2\/posts\/299449","targetHints":{"allow":["GET"]}}],"collection":[{"href":"https:\/\/jundiai.sp.gov.br\/noticias\/wp-json\/wp\/v2\/posts"}],"about":[{"href":"https:\/\/jundiai.sp.gov.br\/noticias\/wp-json\/wp\/v2\/types\/post"}],"author":[{"embeddable":true,"href":"https:\/\/jundiai.sp.gov.br\/noticias\/wp-json\/wp\/v2\/users\/82"}],"replies":[{"embeddable":true,"href":"https:\/\/jundiai.sp.gov.br\/noticias\/wp-json\/wp\/v2\/comments?post=299449"}],"version-history":[{"count":6,"href":"https:\/\/jundiai.sp.gov.br\/noticias\/wp-json\/wp\/v2\/posts\/299449\/revisions"}],"predecessor-version":[{"id":299490,"href":"https:\/\/jundiai.sp.gov.br\/noticias\/wp-json\/wp\/v2\/posts\/299449\/revisions\/299490"}],"wp:featuredmedia":[{"embeddable":true,"href":"https:\/\/jundiai.sp.gov.br\/noticias\/wp-json\/wp\/v2\/media\/299468"}],"wp:attachment":[{"href":"https:\/\/jundiai.sp.gov.br\/noticias\/wp-json\/wp\/v2\/media?parent=299449"}],"wp:term":[{"taxonomy":"category","embeddable":true,"href":"https:\/\/jundiai.sp.gov.br\/noticias\/wp-json\/wp\/v2\/categories?post=299449"},{"taxonomy":"post_tag","embeddable":true,"href":"https:\/\/jundiai.sp.gov.br\/noticias\/wp-json\/wp\/v2\/tags?post=299449"},{"taxonomy":"ods","embeddable":true,"href":"https:\/\/jundiai.sp.gov.br\/noticias\/wp-json\/wp\/v2\/ods?post=299449"}],"curies":[{"name":"wp","href":"https:\/\/api.w.org\/{rel}","templated":true}]}}