{"id":299504,"date":"2022-08-18T18:09:37","date_gmt":"2022-08-18T21:09:37","guid":{"rendered":"https:\/\/jundiai.sp.gov.br\/noticias\/?p=299504"},"modified":"2022-08-18T18:09:37","modified_gmt":"2022-08-18T21:09:37","slug":"previsao-de-queda-na-temperatura-durante-a-madrugada-retoma-operacao-noites-frias","status":"publish","type":"post","link":"https:\/\/jundiai.sp.gov.br\/noticias\/2022\/08\/18\/previsao-de-queda-na-temperatura-durante-a-madrugada-retoma-operacao-noites-frias\/","title":{"rendered":"Previs\u00e3o de queda na temperatura durante a madrugada retoma Opera\u00e7\u00e3o Noites Frias"},"content":{"rendered":"\n<p>Apesar das temperaturas amenas durante esta quinta-feira (18), a Unidade de Gest\u00e3o de Assist\u00eancia e Desenvolvimento Social (UGADS) retomou nesta tarde a Opera\u00e7\u00e3o Noites Frias, uma vez que a previs\u00e3o de temperatura m\u00ednima para esta madrugada \u00e9 de 11\u00b0C e h\u00e1 alerta emitido pela Defesa Civil tamb\u00e9m sobre a chegada de chuvas fortes.<\/p>\n\n\n\n<p>\u201cAo longo do dia, tanto quem veio espontaneamente ao Centro Pop quanto quem foi encaminhado para o servi\u00e7o por meio das equipes do Servi\u00e7o Especializado de Abordagem Social (SEAS) j\u00e1 recebeu o atendimento t\u00e9cnico e foi sendo encaminhado para as vagas nos abrigos, com o objetivo de dinamizar o atendimento e garantir a preserva\u00e7\u00e3o da vida dos acolhidos\u201d, explicou a assessora da UGADS Renata Mangieri.<\/p>\n\n\n\n<figure class=\"wp-block-image size-full\"><img loading=\"lazy\" decoding=\"async\" width=\"1280\" height=\"853\" src=\"https:\/\/jundiai.sp.gov.br\/noticias\/wp-content\/uploads\/sites\/32\/2022\/08\/noites_frias_centro_pop-15.jpg\" alt=\"\" class=\"wp-image-299509\" srcset=\"https:\/\/jundiai.sp.gov.br\/noticias\/wp-content\/uploads\/sites\/32\/2022\/08\/noites_frias_centro_pop-15.jpg 1280w, https:\/\/jundiai.sp.gov.br\/noticias\/wp-content\/uploads\/sites\/32\/2022\/08\/noites_frias_centro_pop-15-300x200.jpg 300w, https:\/\/jundiai.sp.gov.br\/noticias\/wp-content\/uploads\/sites\/32\/2022\/08\/noites_frias_centro_pop-15-768x512.jpg 768w, https:\/\/jundiai.sp.gov.br\/noticias\/wp-content\/uploads\/sites\/32\/2022\/08\/noites_frias_centro_pop-15-450x300.jpg 450w\" sizes=\"auto, (max-width: 1280px) 100vw, 1280px\" \/><figcaption>Quem deu entrada no Centro Pop j\u00e1 foi encaminhado ao longo do dia para as vagas nos abrigos<\/figcaption><\/figure>\n\n\n\n<p>Al\u00e9m do aumento do n\u00famero de vagas para acolhimento nos abrigos municipais, durante a Opera\u00e7\u00e3o Noites Frias tamb\u00e9m as equipes de busca-ativa e atendimento de chamados recebem refor\u00e7os de pessoal, com aumento de ve\u00edculos tanto do SEAS quanto do Centro Pop nas ruas.<\/p>\n\n\n\n<p>Este ano a Opera\u00e7\u00e3o Noites Frias foi iniciada em abril e acionada por 57 noites descont\u00ednuas, totalizando mais de 3600 abordagens e mais de 2500 acolhimentos (pernoites).<\/p>\n\n\n\n<p>Quem aceita o acolhimento \u00e9 direcionado ao abrigo, inclusive se acompanhado de animal de estima\u00e7\u00e3o, onde recebe, al\u00e9m do pernoite, alimenta\u00e7\u00e3o, roupa, espa\u00e7o para higiene pessoal e atendimento t\u00e9cnico. J\u00e1 para quem recusa o acolhimento, as equipes disponibilizam tamb\u00e9m cobertores, luvas, gorros e meias para a prote\u00e7\u00e3o contra o frio.<\/p>\n\n\n\n<p>Sempre que algu\u00e9m identificar pessoa em situa\u00e7\u00e3o de rua pode acionar o Servi\u00e7o Especializado de Abordagem Social (SEAS) pelo telefone (11) 98531-0146, que atende 24 horas por dia.<\/p>\n\n\n\n<p><strong>Assessoria de Imprensa<br>Foto: Fot\u00f3grafos PMJ<\/strong><\/p>\n","protected":false},"excerpt":{"rendered":"<p>Apesar das temperaturas amenas durante esta quinta-feira (18), a Unidade de Gest\u00e3o de Assist\u00eancia e Desenvolvimento Social (UGADS) retomou nesta tarde a Opera\u00e7\u00e3o Noites Frias, uma vez que a previs\u00e3o de temperatura m\u00ednima para esta madrugada \u00e9 de 11\u00b0C e h\u00e1 alerta emitido pela Defesa Civil tamb\u00e9m sobre a chegada de chuvas fortes. \u201cAo longo [&hellip;]<\/p>\n","protected":false},"author":14,"featured_media":0,"comment_status":"closed","ping_status":"0","sticky":false,"template":"","format":"standard","meta":{"footnotes":""},"categories":[2],"tags":[980,74,1444],"ods":[],"class_list":["post-299504","post","type-post","status-publish","format-standard","hentry","category-noticias","tag-assistencia-e-desenvolvimento-social","tag-centro-pop","tag-operacao-noites-frias"],"_links":{"self":[{"href":"https:\/\/jundiai.sp.gov.br\/noticias\/wp-json\/wp\/v2\/posts\/299504","targetHints":{"allow":["GET"]}}],"collection":[{"href":"https:\/\/jundiai.sp.gov.br\/noticias\/wp-json\/wp\/v2\/posts"}],"about":[{"href":"https:\/\/jundiai.sp.gov.br\/noticias\/wp-json\/wp\/v2\/types\/post"}],"author":[{"embeddable":true,"href":"https:\/\/jundiai.sp.gov.br\/noticias\/wp-json\/wp\/v2\/users\/14"}],"replies":[{"embeddable":true,"href":"https:\/\/jundiai.sp.gov.br\/noticias\/wp-json\/wp\/v2\/comments?post=299504"}],"version-history":[{"count":4,"href":"https:\/\/jundiai.sp.gov.br\/noticias\/wp-json\/wp\/v2\/posts\/299504\/revisions"}],"predecessor-version":[{"id":299512,"href":"https:\/\/jundiai.sp.gov.br\/noticias\/wp-json\/wp\/v2\/posts\/299504\/revisions\/299512"}],"wp:attachment":[{"href":"https:\/\/jundiai.sp.gov.br\/noticias\/wp-json\/wp\/v2\/media?parent=299504"}],"wp:term":[{"taxonomy":"category","embeddable":true,"href":"https:\/\/jundiai.sp.gov.br\/noticias\/wp-json\/wp\/v2\/categories?post=299504"},{"taxonomy":"post_tag","embeddable":true,"href":"https:\/\/jundiai.sp.gov.br\/noticias\/wp-json\/wp\/v2\/tags?post=299504"},{"taxonomy":"ods","embeddable":true,"href":"https:\/\/jundiai.sp.gov.br\/noticias\/wp-json\/wp\/v2\/ods?post=299504"}],"curies":[{"name":"wp","href":"https:\/\/api.w.org\/{rel}","templated":true}]}}