{"id":299691,"date":"2022-08-20T16:14:01","date_gmt":"2022-08-20T19:14:01","guid":{"rendered":"https:\/\/jundiai.sp.gov.br\/noticias\/?p=299691"},"modified":"2022-08-20T16:14:01","modified_gmt":"2022-08-20T19:14:01","slug":"vacinacao-em-dia-d-de-multivacinacao-jundiai-reduz-idade-de-d4-covid-19-para-30-anos","status":"publish","type":"post","link":"https:\/\/jundiai.sp.gov.br\/noticias\/2022\/08\/20\/vacinacao-em-dia-d-de-multivacinacao-jundiai-reduz-idade-de-d4-covid-19-para-30-anos\/","title":{"rendered":"Vacina\u00e7\u00e3o: Em Dia D de multivacina\u00e7\u00e3o, Jundia\u00ed reduz idade de D4 COVID-19 para 30 anos"},"content":{"rendered":"\n<p>O s\u00e1bado dedicado \u00e0 Campanha de Vacina\u00e7\u00e3o &#8216;Dia D&#8217; para as crian\u00e7as, em Jundia\u00ed, tamb\u00e9m foi de vacina\u00e7\u00e3o para os adultos. Al\u00e9m das crian\u00e7as a partir dos 6 meses que puderam receber as doses contra polio e demais vacinas, os adultos tamb\u00e9m participaram com a aplica\u00e7\u00e3o das vacinas contra COVID-19 e Influenza. Para a pr\u00f3xima semana, a cidade baixou a idade para a aplica\u00e7\u00e3o da D4 (COVID-19) para 30 anos; intensifica a vacina\u00e7\u00e3o das crian\u00e7as de 3 e 4 anos com comorbidades, defici\u00eancias ou ind\u00edgenas contra COVID-19, al\u00e9m de iniciar a D5 para pessoas a partir de 18 anos com alto grau de imunossupress\u00e3o.<\/p>\n\n\n\n<p>Atenta \u00e0 caderneta de vacina dos filhos, Joice Fernandes Rodrigues dos Santos levou as filhas Al\u00edcia e Laura para vacina\u00e7\u00e3o no Dia D. A pequena Laura, 3 anos, recebeu a dose adicional contra poliomielite e a vacina contra influenza. J\u00e1 a Al\u00edcia, 9 anos, as doses contra HPV e influenza. &#8220;Moramos no Fazenda Grande e viemos exclusivamente para a vacina\u00e7\u00e3o. As doses devem ser recebidas nos per\u00edodos corretos, e  isso \u00e9 muito importante para a sa\u00fade de todos&#8221;, comentou a m\u00e3e, orgulhosa das pequenas. <\/p>\n\n\n\n<p>Ao todo, Jundia\u00ed abriu cerca de 10 Unidades B\u00e1sicas de Sa\u00fade (UBS) neste s\u00e1bado para a campanha. <\/p>\n\n\n\n<figure class=\"wp-block-image size-full\"><img loading=\"lazy\" decoding=\"async\" width=\"1280\" height=\"853\" src=\"https:\/\/jundiai.sp.gov.br\/noticias\/wp-content\/uploads\/sites\/32\/2022\/08\/multivacinacao-na-ubs-da-vila-hortolandia_fm_-2.jpg\" alt=\"\" class=\"wp-image-299701\" srcset=\"https:\/\/jundiai.sp.gov.br\/noticias\/wp-content\/uploads\/sites\/32\/2022\/08\/multivacinacao-na-ubs-da-vila-hortolandia_fm_-2.jpg 1280w, https:\/\/jundiai.sp.gov.br\/noticias\/wp-content\/uploads\/sites\/32\/2022\/08\/multivacinacao-na-ubs-da-vila-hortolandia_fm_-2-300x200.jpg 300w, https:\/\/jundiai.sp.gov.br\/noticias\/wp-content\/uploads\/sites\/32\/2022\/08\/multivacinacao-na-ubs-da-vila-hortolandia_fm_-2-768x512.jpg 768w, https:\/\/jundiai.sp.gov.br\/noticias\/wp-content\/uploads\/sites\/32\/2022\/08\/multivacinacao-na-ubs-da-vila-hortolandia_fm_-2-450x300.jpg 450w\" sizes=\"auto, (max-width: 1280px) 100vw, 1280px\" \/><figcaption>Al\u00edcia e Laura receberam doses de vacina, neste s\u00e1bado (20)<\/figcaption><\/figure>\n\n\n\n<p><strong>Novos grupos<\/strong><br>A partir de segunda-feira (22), as pessoas entre 30 a 39 anos que tenham recebido a dose contra COVID-19 h\u00e1 122 dias ou quatro meses, poder\u00e3o comparecer ao Posto de Vacina\u00e7\u00e3o Hortol\u00e2ndia (antiga Creche do Idoso), para receber a quarta dose contra a doen\u00e7a. O local tamb\u00e9m \u00e9 o \u00fanico que far\u00e1 a aplica\u00e7\u00e3o para as crian\u00e7as entre 3 e 4 anos com defici\u00eancias, comorbidades ou ind\u00edgenas para a primeira dose contra a doen\u00e7a. <\/p>\n\n\n\n<p>J\u00e1 a aplica\u00e7\u00e3o de D5 para pessoas com 18 anos ou mais com <a href=\"http:\/\/(https:\/\/jundiai.sp.gov.br\/coronavirus\/calendario-de-vacinacao\/)\">alto grau de imunossupress\u00e3o<\/a> poder\u00e1 ser realizada em qualquer UBS da rede, durante o hor\u00e1rio de atendimento das salas de vacina. <\/p>\n\n\n\n<figure class=\"wp-block-image size-full\"><img loading=\"lazy\" decoding=\"async\" width=\"1280\" height=\"853\" src=\"https:\/\/jundiai.sp.gov.br\/noticias\/wp-content\/uploads\/sites\/32\/2022\/08\/multivacinacao-na-ubs-da-vila-hortolandia_fm_-25.jpg\" alt=\"\" class=\"wp-image-299702\" srcset=\"https:\/\/jundiai.sp.gov.br\/noticias\/wp-content\/uploads\/sites\/32\/2022\/08\/multivacinacao-na-ubs-da-vila-hortolandia_fm_-25.jpg 1280w, https:\/\/jundiai.sp.gov.br\/noticias\/wp-content\/uploads\/sites\/32\/2022\/08\/multivacinacao-na-ubs-da-vila-hortolandia_fm_-25-300x200.jpg 300w, https:\/\/jundiai.sp.gov.br\/noticias\/wp-content\/uploads\/sites\/32\/2022\/08\/multivacinacao-na-ubs-da-vila-hortolandia_fm_-25-768x512.jpg 768w, https:\/\/jundiai.sp.gov.br\/noticias\/wp-content\/uploads\/sites\/32\/2022\/08\/multivacinacao-na-ubs-da-vila-hortolandia_fm_-25-450x300.jpg 450w\" sizes=\"auto, (max-width: 1280px) 100vw, 1280px\" \/><figcaption>Vacina contra poliomielite faz parte da campanha de imuniza\u00e7\u00e3o nacional<\/figcaption><\/figure>\n\n\n\n<p><strong>Assessoria de Imprensa<br>Fotos: Fot\u00f3grafos PMJ<\/strong><\/p>\n","protected":false},"excerpt":{"rendered":"<p>O s\u00e1bado dedicado \u00e0 Campanha de Vacina\u00e7\u00e3o &#8216;Dia D&#8217; para as crian\u00e7as, em Jundia\u00ed, tamb\u00e9m foi de vacina\u00e7\u00e3o para os adultos. Al\u00e9m das crian\u00e7as a partir dos 6 meses que puderam receber as doses contra polio e demais vacinas, os adultos tamb\u00e9m participaram com a aplica\u00e7\u00e3o das vacinas contra COVID-19 e Influenza. Para a pr\u00f3xima [&hellip;]<\/p>\n","protected":false},"author":39,"featured_media":299701,"comment_status":"closed","ping_status":"0","sticky":false,"template":"","format":"standard","meta":{"footnotes":""},"categories":[2],"tags":[1500],"ods":[],"class_list":["post-299691","post","type-post","status-publish","format-standard","has-post-thumbnail","hentry","category-noticias","tag-coronavirus"],"_links":{"self":[{"href":"https:\/\/jundiai.sp.gov.br\/noticias\/wp-json\/wp\/v2\/posts\/299691","targetHints":{"allow":["GET"]}}],"collection":[{"href":"https:\/\/jundiai.sp.gov.br\/noticias\/wp-json\/wp\/v2\/posts"}],"about":[{"href":"https:\/\/jundiai.sp.gov.br\/noticias\/wp-json\/wp\/v2\/types\/post"}],"author":[{"embeddable":true,"href":"https:\/\/jundiai.sp.gov.br\/noticias\/wp-json\/wp\/v2\/users\/39"}],"replies":[{"embeddable":true,"href":"https:\/\/jundiai.sp.gov.br\/noticias\/wp-json\/wp\/v2\/comments?post=299691"}],"version-history":[{"count":5,"href":"https:\/\/jundiai.sp.gov.br\/noticias\/wp-json\/wp\/v2\/posts\/299691\/revisions"}],"predecessor-version":[{"id":299703,"href":"https:\/\/jundiai.sp.gov.br\/noticias\/wp-json\/wp\/v2\/posts\/299691\/revisions\/299703"}],"wp:featuredmedia":[{"embeddable":true,"href":"https:\/\/jundiai.sp.gov.br\/noticias\/wp-json\/wp\/v2\/media\/299701"}],"wp:attachment":[{"href":"https:\/\/jundiai.sp.gov.br\/noticias\/wp-json\/wp\/v2\/media?parent=299691"}],"wp:term":[{"taxonomy":"category","embeddable":true,"href":"https:\/\/jundiai.sp.gov.br\/noticias\/wp-json\/wp\/v2\/categories?post=299691"},{"taxonomy":"post_tag","embeddable":true,"href":"https:\/\/jundiai.sp.gov.br\/noticias\/wp-json\/wp\/v2\/tags?post=299691"},{"taxonomy":"ods","embeddable":true,"href":"https:\/\/jundiai.sp.gov.br\/noticias\/wp-json\/wp\/v2\/ods?post=299691"}],"curies":[{"name":"wp","href":"https:\/\/api.w.org\/{rel}","templated":true}]}}