{"id":299912,"date":"2022-08-24T16:18:34","date_gmt":"2022-08-24T19:18:34","guid":{"rendered":"https:\/\/jundiai.sp.gov.br\/noticias\/?p=299912"},"modified":"2022-08-24T16:31:17","modified_gmt":"2022-08-24T19:31:17","slug":"jundiai-apresenta-conquista-do-duplo-a-na-avaliacao-de-riscos-feita-pela-austin-rating","status":"publish","type":"post","link":"https:\/\/jundiai.sp.gov.br\/noticias\/2022\/08\/24\/jundiai-apresenta-conquista-do-duplo-a-na-avaliacao-de-riscos-feita-pela-austin-rating\/","title":{"rendered":"Jundia\u00ed apresenta conquista do duplo A na avalia\u00e7\u00e3o de riscos feita pela Austin Rating"},"content":{"rendered":"\n<p>Nessa quarta-feira (24), o Prefeito Luiz Fernando Machado e o Gestor de Governo e Finan\u00e7as, Jos\u00e9 Antonio Parimoschi receberam, na F\u00e1brica das Inf\u00e2ncias Japy, representantes de diversos setores da economia local para um caf\u00e9 da manh\u00e3, para falar de economia. O motivo do encontro foi a apresenta\u00e7\u00e3o da avalia\u00e7\u00e3o de Rating de Jundia\u00ed. O munic\u00edpio conquistou a segunda melhor nota na escala internacional de rating, um duplo A (brAA+) de longo prazo. As empresas participantes do evento s\u00e3o respons\u00e1veis por mais de 165 mil empregos formais na cidade e comp\u00f5em uma das principais economias do pa\u00eds.<\/p>\n\n\n\n<p>\u201cTemos em Jundia\u00ed uma gest\u00e3o de qualidade que busca a excel\u00eancia. Organizar a casa e colocar as contas p\u00fablicas em dia permitiu que a gente conquistasse essa posi\u00e7\u00e3o na escala de rating. Essa avalia\u00e7\u00e3o externa gera credibilidade e serve para demonstrar nossas garantias para investir ainda mais em servi\u00e7os e obras para a nossa popula\u00e7\u00e3o, em especial \u00e0s nossas crian\u00e7as, uma vez que somos a Cidade das Crian\u00e7as\u201d, afirmou o Prefeito Luiz Fernando Machado.<\/p>\n\n\n\n<p>O evento foi organizado pela Unidade Central de Parcerias Estrat\u00e9gicas\/Rede Jundia\u00ed de Coopera\u00e7\u00e3o, vinculada \u00e0 UGGF, e contou com a presen\u00e7a do economista\u2013chefe da Austin Rating, Alex Agostini. O profissional iniciou com uma apresenta\u00e7\u00e3o das perspectivas macroecon\u00f4micas e explicou a trajet\u00f3ria do munic\u00edpio que levou \u00e0 conquista do duplo A. \u201cOs indicadores de Jundia\u00ed s\u00e3o bastante positivos e indicam um acerto da gest\u00e3o na aloca\u00e7\u00e3o dos recursos. Para o empres\u00e1rio isso tamb\u00e9m \u00e9 muito positivo, pois em um bom ambiente \u00e9 poss\u00edvel encontrar equil\u00edbrio fiscal e m\u00e3o de obra qualificada\u201d analisou o economista.<\/p>\n\n\n\n<figure class=\"wp-block-image size-full is-resized\"><img loading=\"lazy\" decoding=\"async\" src=\"https:\/\/jundiai.sp.gov.br\/noticias\/wp-content\/uploads\/sites\/32\/2022\/08\/apresentacao_austin_rating-259.jpg\" alt=\"DESCRI\u00c7\u00c3O DE IMAGEM: Prefeito Luiz Fernando Machado,. segura microfone, e apresenta dados de Jundia\u00ed. Ao lado, Jos\u00e9 Antonio Parimoschi \" class=\"wp-image-299925\" width=\"840\" height=\"559\" srcset=\"https:\/\/jundiai.sp.gov.br\/noticias\/wp-content\/uploads\/sites\/32\/2022\/08\/apresentacao_austin_rating-259.jpg 1280w, https:\/\/jundiai.sp.gov.br\/noticias\/wp-content\/uploads\/sites\/32\/2022\/08\/apresentacao_austin_rating-259-300x200.jpg 300w, https:\/\/jundiai.sp.gov.br\/noticias\/wp-content\/uploads\/sites\/32\/2022\/08\/apresentacao_austin_rating-259-768x512.jpg 768w, https:\/\/jundiai.sp.gov.br\/noticias\/wp-content\/uploads\/sites\/32\/2022\/08\/apresentacao_austin_rating-259-450x300.jpg 450w\" sizes=\"auto, (max-width: 840px) 100vw, 840px\" \/><figcaption>Prefeito Luiz Fernando Machado e o gestor de Governo e Finan\u00e7as, Jos\u00e9 Antonio Parimoschi<\/figcaption><\/figure>\n\n\n\n<p>A an\u00e1lise foi compartilhada por empres\u00e1rios presentes no evento. Para Alexandro Zavarizi, presidente regional de uma multinacional, Jundia\u00ed deve servir de refer\u00eancia para outras cidades. \u201cEsses dados com certeza aumentam a nossa seguran\u00e7a para investir no munic\u00edpio. O que geramos de riqueza \u00e9 claramente percebido ao andar pela cidade\u201d, contou. Fernando Pietro, diretor regional do SESCON, avaliou da mesma forma. \u201cVer que Jundia\u00ed investe nas crian\u00e7as e tem bons indicadores \u00e9 fundamental na avalia\u00e7\u00e3o, no momento de indicar o munic\u00edpio como um bom lugar para abrir um neg\u00f3cio\u201d.<\/p>\n\n\n\n<p><strong>Gest\u00e3o de Excel\u00eancia<\/strong><\/p>\n\n\n\n<p>Alguns dos fatores que levaram a cidade \u00e0 segunda maior nota do rating foram os econ\u00f4micos, sociais e principalmente os indicadores relacionados \u00e0 Lei de Responsabilidade Fiscal, como o baixo n\u00edvel de endividamento da Prefeitura. Isso quer dizer que o munic\u00edpio tem alta capacidade para honrar seus compromissos fiscais e financeiros e investir em pol\u00edticas p\u00fablicas que promovem o desenvolvimento e a qualidade de vida dos moradores.<\/p>\n\n\n\n<p>Gra\u00e7as a essa situa\u00e7\u00e3o financeira saud\u00e1vel, Jundia\u00ed conseguiu aprovar uma opera\u00e7\u00e3o externa de financiamento de U$64 milh\u00f5es. Os recursos ser\u00e3o investidos em mais de 30 a\u00e7\u00f5es nas \u00e1reas de mobilidade, com obras de infraestrutura vi\u00e1ria, drenagem, acessibilidade, meio ambiente, economia criativa e cultura, educa\u00e7\u00e3o, esporte e sa\u00fade, abrangendo todas as regi\u00f5es do munic\u00edpio, com o intuito de modernizar a infraestrutura da cidade e oferecer servi\u00e7os p\u00fablicos eficazes e sustent\u00e1veis.<\/p>\n\n\n\n<figure class=\"wp-block-image size-full\"><img loading=\"lazy\" decoding=\"async\" width=\"1280\" height=\"853\" src=\"https:\/\/jundiai.sp.gov.br\/noticias\/wp-content\/uploads\/sites\/32\/2022\/08\/apresentacao_austin_rating-591.jpg\" alt=\"DESCRI\u00c7\u00c3O DE IMAGEM: espa\u00e7o com amplas janelas de vidro transparente basculante e estrutura de a\u00e7o aparente recebe tel\u00e3o com proje\u00e7\u00e3o de dados sobre Jundia\u00ed. Homem com terno azul e camisa branca segura microfone e explica informa\u00e7\u00f5es econ\u00f4micas de Jundia\u00ed para plateia formada por empres\u00e1rios e representantes de institui\u00e7\u00f5es setoriais de Jundia\u00ed\" class=\"wp-image-299926\" srcset=\"https:\/\/jundiai.sp.gov.br\/noticias\/wp-content\/uploads\/sites\/32\/2022\/08\/apresentacao_austin_rating-591.jpg 1280w, https:\/\/jundiai.sp.gov.br\/noticias\/wp-content\/uploads\/sites\/32\/2022\/08\/apresentacao_austin_rating-591-300x200.jpg 300w, https:\/\/jundiai.sp.gov.br\/noticias\/wp-content\/uploads\/sites\/32\/2022\/08\/apresentacao_austin_rating-591-768x512.jpg 768w, https:\/\/jundiai.sp.gov.br\/noticias\/wp-content\/uploads\/sites\/32\/2022\/08\/apresentacao_austin_rating-591-450x300.jpg 450w\" sizes=\"auto, (max-width: 1280px) 100vw, 1280px\" \/><figcaption>Economista\u2013chefe da Austin Rating, Alex Agostini, apresentou indicador de Jundia\u00ed e os cen\u00e1rios econ\u00f4micos nacional e internacional<\/figcaption><\/figure>\n\n\n\n<p>\u201cCom planejamento e responsabilidade na gest\u00e3o financeira, vamos, a cada ano, melhorando ainda mais a infraestrutura da cidade e a oferta de servi\u00e7os de qualidade \u00e0 popula\u00e7\u00e3o. Jundia\u00ed \u00e9 uma pot\u00eancia econ\u00f4mica, mas o nosso desafio \u00e9 reduzir as desigualdades sociais e investir em pol\u00edticas p\u00fablicas que promovem o desenvolvimento das nossas crian\u00e7as e da cidade. Uma cidade boa para as crian\u00e7as \u00e9 boa para todos\u201d, afirmou Jos\u00e9 Antonio Parimoschi.<\/p>\n\n\n\n<p><strong>Austin Rating \u2013<\/strong> A Austin Rating \u00e9 uma ag\u00eancia classificadora de risco de cr\u00e9dito de origem brasileira. Foi a primeira empresa nacional a conceder ratings no Brasil. Al\u00e9m do pioneirismo na classifica\u00e7\u00e3o de risco de cr\u00e9dito, a empresa se caracteriza pelo desenvolvimento de metodologia pr\u00f3pria, a qual adapta padr\u00f5es internacionais ao mercado financeiro nacional e suas particularidades.<\/p>\n\n\n\n<p>Confira mais fotos do evento no<a href=\"https:\/\/flic.kr\/s\/aHBqjA4mcd\"> Flickr da Prefeitura de Jundia\u00ed<\/a>.<\/p>\n\n\n\n<p><strong>Assessoria de Imprensa<br>Fotos: Fot\u00f3grafos PMJ<\/strong><\/p>\n","protected":false},"excerpt":{"rendered":"<p>Nessa quarta-feira (24), o Prefeito Luiz Fernando Machado e o Gestor de Governo e Finan\u00e7as, Jos\u00e9 Antonio Parimoschi receberam, na F\u00e1brica das Inf\u00e2ncias Japy, representantes de diversos setores da economia local para um caf\u00e9 da manh\u00e3, para falar de economia. O motivo do encontro foi a apresenta\u00e7\u00e3o da avalia\u00e7\u00e3o de Rating de Jundia\u00ed. O munic\u00edpio [&hellip;]<\/p>\n","protected":false},"author":39,"featured_media":299927,"comment_status":"closed","ping_status":"0","sticky":false,"template":"","format":"standard","meta":{"footnotes":""},"categories":[2],"tags":[3295,2251,983,1176],"ods":[],"class_list":["post-299912","post","type-post","status-publish","format-standard","has-post-thumbnail","hentry","category-noticias","tag-austin-rating","tag-fabrica-das-infancias-japy","tag-governo-e-financas","tag-prefeito-luiz-fernando-machado"],"_links":{"self":[{"href":"https:\/\/jundiai.sp.gov.br\/noticias\/wp-json\/wp\/v2\/posts\/299912","targetHints":{"allow":["GET"]}}],"collection":[{"href":"https:\/\/jundiai.sp.gov.br\/noticias\/wp-json\/wp\/v2\/posts"}],"about":[{"href":"https:\/\/jundiai.sp.gov.br\/noticias\/wp-json\/wp\/v2\/types\/post"}],"author":[{"embeddable":true,"href":"https:\/\/jundiai.sp.gov.br\/noticias\/wp-json\/wp\/v2\/users\/39"}],"replies":[{"embeddable":true,"href":"https:\/\/jundiai.sp.gov.br\/noticias\/wp-json\/wp\/v2\/comments?post=299912"}],"version-history":[{"count":5,"href":"https:\/\/jundiai.sp.gov.br\/noticias\/wp-json\/wp\/v2\/posts\/299912\/revisions"}],"predecessor-version":[{"id":299943,"href":"https:\/\/jundiai.sp.gov.br\/noticias\/wp-json\/wp\/v2\/posts\/299912\/revisions\/299943"}],"wp:featuredmedia":[{"embeddable":true,"href":"https:\/\/jundiai.sp.gov.br\/noticias\/wp-json\/wp\/v2\/media\/299927"}],"wp:attachment":[{"href":"https:\/\/jundiai.sp.gov.br\/noticias\/wp-json\/wp\/v2\/media?parent=299912"}],"wp:term":[{"taxonomy":"category","embeddable":true,"href":"https:\/\/jundiai.sp.gov.br\/noticias\/wp-json\/wp\/v2\/categories?post=299912"},{"taxonomy":"post_tag","embeddable":true,"href":"https:\/\/jundiai.sp.gov.br\/noticias\/wp-json\/wp\/v2\/tags?post=299912"},{"taxonomy":"ods","embeddable":true,"href":"https:\/\/jundiai.sp.gov.br\/noticias\/wp-json\/wp\/v2\/ods?post=299912"}],"curies":[{"name":"wp","href":"https:\/\/api.w.org\/{rel}","templated":true}]}}