{"id":300531,"date":"2022-09-08T16:54:42","date_gmt":"2022-09-08T19:54:42","guid":{"rendered":"https:\/\/jundiai.sp.gov.br\/noticias\/?p=300531"},"modified":"2022-09-08T16:54:42","modified_gmt":"2022-09-08T19:54:42","slug":"fablab-auxilia-jundiaienses-a-colocarem-seus-projetos-em-pratica","status":"publish","type":"post","link":"https:\/\/jundiai.sp.gov.br\/noticias\/2022\/09\/08\/fablab-auxilia-jundiaienses-a-colocarem-seus-projetos-em-pratica\/","title":{"rendered":"FabLab auxilia jundiaienses a colocarem seus projetos em pr\u00e1tica"},"content":{"rendered":"\n<p>Prestes a completar quatro anos de exist\u00eancia, o FabLab &#8211; laborat\u00f3rio de fabrica\u00e7\u00e3o digital, localizado no Complexo Argos &#8211; \u00e9 importante ferramenta para colocar em pr\u00e1tica e transformar em realidade os sonhos e projetos dos jundiaienses que por ali passam. O espa\u00e7o \u00e9 fruto de uma parceria entre a Prefeitura de Jundia\u00ed atrav\u00e9s da Unidade de Gest\u00e3o de Educa\u00e7\u00e3o com o Sesi-SP, e n\u00e3o \u00e9 um laborat\u00f3rio comum, mas que tem como foco principal o trabalho direcionado para a resolu\u00e7\u00e3o de problemas, melhorias em processos e a busca por solu\u00e7\u00f5es que fa\u00e7am a diferen\u00e7a para pessoas.<\/p>\n\n\n\n<p>Inaugurado em 2018, o espa\u00e7o &#8211; primeiro FabLab municipal brasileiro e passou a integrar a Escola Inovadora &#8211; visa acabar com as limita\u00e7\u00f5es na hora da cria\u00e7\u00e3o e levar alunos, professores e comunidade a se conectarem com projetos inovadores do mundo todo. O laborat\u00f3rio oferece equipamentos, ferramentas e expertises dispon\u00edveis para que estudantes e mun\u00edcipes possam criar, explorar e transformar as ideias em realidade.<\/p>\n\n\n\n<p>Como no caso de Eleazar de Souza Silva, professor da rede p\u00fablica de Jundia\u00ed, na educa\u00e7\u00e3o infantil e no Atendimento Educacional Especializado, que produziu um projeto que alcan\u00e7a tanto os alunos com alguma defici\u00eancia quanto os demais. &#8220;O desenvolvimento do meu trabalho \u00e9 baseado no desenho universal da aprendizagem e envolve uma sequ\u00eancia l\u00f3gica que trabalha tanto a parte cognitiva como a coordena\u00e7\u00e3o motora&#8221;, comenta. <\/p>\n\n\n\n<figure class=\"wp-block-image size-full\"><img loading=\"lazy\" decoding=\"async\" width=\"1280\" height=\"853\" src=\"https:\/\/jundiai.sp.gov.br\/noticias\/wp-content\/uploads\/sites\/32\/2022\/09\/fablab-de-jundiai-aberto-para-populacao_fm_-11.jpg\" alt=\"Eleazar mostra seu projeto voltado a alunos da rede municipal e da educa\u00e7\u00e3o especial\" class=\"wp-image-300576\" srcset=\"https:\/\/jundiai.sp.gov.br\/noticias\/wp-content\/uploads\/sites\/32\/2022\/09\/fablab-de-jundiai-aberto-para-populacao_fm_-11.jpg 1280w, https:\/\/jundiai.sp.gov.br\/noticias\/wp-content\/uploads\/sites\/32\/2022\/09\/fablab-de-jundiai-aberto-para-populacao_fm_-11-300x200.jpg 300w, https:\/\/jundiai.sp.gov.br\/noticias\/wp-content\/uploads\/sites\/32\/2022\/09\/fablab-de-jundiai-aberto-para-populacao_fm_-11-768x512.jpg 768w, https:\/\/jundiai.sp.gov.br\/noticias\/wp-content\/uploads\/sites\/32\/2022\/09\/fablab-de-jundiai-aberto-para-populacao_fm_-11-450x300.jpg 450w\" sizes=\"auto, (max-width: 1280px) 100vw, 1280px\" \/><figcaption>Eleazar mostra seu projeto voltado a alunos da rede municipal e da educa\u00e7\u00e3o especial<\/figcaption><\/figure>\n\n\n\n<p>Eleazar desenvolveu um material did\u00e1tico baseado na diferencia\u00e7\u00e3o dos elementos por cores e texturas, que pode ser utilizado tamb\u00e9m por alunos com defici\u00eancia visual e auditiva. &#8220;Frequentei o espa\u00e7o durante um m\u00eas e usei as ferramentas dispon\u00edveis para confeccionar o material&#8221;, completa. <\/p>\n\n\n\n<p>&#8220;Importante enfatizar que o FabLab \u00e9 um espa\u00e7o aberto ao p\u00fablico e oferece maquin\u00e1rios, software e aux\u00edlio t\u00e9cnico a todos que trouxerem os seus projetos&#8221;, comenta Bruna Andr\u00e9a Trovo, t\u00e9cnica de laborat\u00f3rio did\u00e1tico (faber). &#8220;A m\u00e1quina de corte a laser e as impressoras 3D s\u00e3o as que mais fazem sucesso e buscamos sempre dar autonomia \u00e0s pessoas que frequentam o local&#8221;, completa.<\/p>\n\n\n\n<p>O FabLab da Prefeitura de Jundia\u00ed \u00e9 resultado do conv\u00eanio entre o Programa Escola Inovadora e o SESI-SP, e j\u00e1 atendeu a aproximadamente 40 Escolas Municipais de Educa\u00e7\u00e3o B\u00e1sica, 6 mil alunos, al\u00e9m de 1.400 educadores. O laborat\u00f3rio oferece o uso dos equipamentos de alta tecnologia para a popula\u00e7\u00e3o em geral. <\/p>\n\n\n\n<figure class=\"wp-block-image size-full\"><img loading=\"lazy\" decoding=\"async\" width=\"1280\" height=\"853\" src=\"https:\/\/jundiai.sp.gov.br\/noticias\/wp-content\/uploads\/sites\/32\/2022\/09\/fablab-de-jundiai-aberto-para-populacao_fm_-33.jpg\" alt=\"Wilson Delasta desenvolve projeto para a turma da faculdade de engenharia usando a m\u00e1quina a laser\" class=\"wp-image-300577\" srcset=\"https:\/\/jundiai.sp.gov.br\/noticias\/wp-content\/uploads\/sites\/32\/2022\/09\/fablab-de-jundiai-aberto-para-populacao_fm_-33.jpg 1280w, https:\/\/jundiai.sp.gov.br\/noticias\/wp-content\/uploads\/sites\/32\/2022\/09\/fablab-de-jundiai-aberto-para-populacao_fm_-33-300x200.jpg 300w, https:\/\/jundiai.sp.gov.br\/noticias\/wp-content\/uploads\/sites\/32\/2022\/09\/fablab-de-jundiai-aberto-para-populacao_fm_-33-768x512.jpg 768w, https:\/\/jundiai.sp.gov.br\/noticias\/wp-content\/uploads\/sites\/32\/2022\/09\/fablab-de-jundiai-aberto-para-populacao_fm_-33-450x300.jpg 450w\" sizes=\"auto, (max-width: 1280px) 100vw, 1280px\" \/><figcaption>Wilson Delasta desenvolveu um projeto para a turma da faculdade de engenharia<\/figcaption><\/figure>\n\n\n\n<p>Para utilizar o espa\u00e7o \u00e9 necess\u00e1rio agendamento, feito diretamente com o \u2018faber\u2019 do SESI no FabLab, que orientar\u00e1 o interessado sobre o funcionamento dos equipamentos, estimulando o desenvolvimento do projeto\/prot\u00f3tipo de forma conectada globalmente com alunos, educadores, tecn\u00f3logos, pesquisadores, fabricantes e inovadores do mundo.<\/p>\n\n\n\n<p>O FabLab fica aberto ao p\u00fablico em geral de segunda a sexta-feira das 16h15 \u00e0s 21h30 e aos s\u00e1bados das 8h \u00e0s 13h. Mais informa\u00e7\u00f5es pelo n\u00famero (11) 4588-5377.<\/p>\n\n\n\n<p><strong>Assessoria de Imprensa<\/strong><br><strong>Fotos: Assessoria de Imprensa<\/strong><\/p>\n","protected":false},"excerpt":{"rendered":"<p>Prestes a completar quatro anos de exist\u00eancia, o FabLab &#8211; laborat\u00f3rio de fabrica\u00e7\u00e3o digital, localizado no Complexo Argos &#8211; \u00e9 importante ferramenta para colocar em pr\u00e1tica e transformar em realidade os sonhos e projetos dos jundiaienses que por ali passam. O espa\u00e7o \u00e9 fruto de uma parceria entre a Prefeitura de Jundia\u00ed atrav\u00e9s da Unidade [&hellip;]<\/p>\n","protected":false},"author":79,"featured_media":300577,"comment_status":"closed","ping_status":"0","sticky":false,"template":"","format":"standard","meta":{"footnotes":""},"categories":[2],"tags":[6,3386,1303,194,3388],"ods":[],"class_list":["post-300531","post","type-post","status-publish","format-standard","has-post-thumbnail","hentry","category-noticias","tag-educacao","tag-fablab","tag-projetos","tag-sesi","tag-sesi-sp"],"_links":{"self":[{"href":"https:\/\/jundiai.sp.gov.br\/noticias\/wp-json\/wp\/v2\/posts\/300531","targetHints":{"allow":["GET"]}}],"collection":[{"href":"https:\/\/jundiai.sp.gov.br\/noticias\/wp-json\/wp\/v2\/posts"}],"about":[{"href":"https:\/\/jundiai.sp.gov.br\/noticias\/wp-json\/wp\/v2\/types\/post"}],"author":[{"embeddable":true,"href":"https:\/\/jundiai.sp.gov.br\/noticias\/wp-json\/wp\/v2\/users\/79"}],"replies":[{"embeddable":true,"href":"https:\/\/jundiai.sp.gov.br\/noticias\/wp-json\/wp\/v2\/comments?post=300531"}],"version-history":[{"count":17,"href":"https:\/\/jundiai.sp.gov.br\/noticias\/wp-json\/wp\/v2\/posts\/300531\/revisions"}],"predecessor-version":[{"id":300988,"href":"https:\/\/jundiai.sp.gov.br\/noticias\/wp-json\/wp\/v2\/posts\/300531\/revisions\/300988"}],"wp:featuredmedia":[{"embeddable":true,"href":"https:\/\/jundiai.sp.gov.br\/noticias\/wp-json\/wp\/v2\/media\/300577"}],"wp:attachment":[{"href":"https:\/\/jundiai.sp.gov.br\/noticias\/wp-json\/wp\/v2\/media?parent=300531"}],"wp:term":[{"taxonomy":"category","embeddable":true,"href":"https:\/\/jundiai.sp.gov.br\/noticias\/wp-json\/wp\/v2\/categories?post=300531"},{"taxonomy":"post_tag","embeddable":true,"href":"https:\/\/jundiai.sp.gov.br\/noticias\/wp-json\/wp\/v2\/tags?post=300531"},{"taxonomy":"ods","embeddable":true,"href":"https:\/\/jundiai.sp.gov.br\/noticias\/wp-json\/wp\/v2\/ods?post=300531"}],"curies":[{"name":"wp","href":"https:\/\/api.w.org\/{rel}","templated":true}]}}