{"id":300787,"date":"2022-09-06T08:10:00","date_gmt":"2022-09-06T11:10:00","guid":{"rendered":"https:\/\/jundiai.sp.gov.br\/noticias\/?p=300787"},"modified":"2022-09-05T18:15:40","modified_gmt":"2022-09-05T21:15:40","slug":"balanco-da-fens-e-apresentado-aos-empreendedores-no-paco","status":"publish","type":"post","link":"https:\/\/jundiai.sp.gov.br\/noticias\/2022\/09\/06\/balanco-da-fens-e-apresentado-aos-empreendedores-no-paco\/","title":{"rendered":"Balan\u00e7o da FENS \u00e9 apresentado aos empreendedores no Pa\u00e7o"},"content":{"rendered":"\n<p>Nesta segunda-feira foi feita uma reuni\u00e3o com os expositores da 1\u00aa Feira do Empreendedor, Neg\u00f3cios e Servi\u00e7os (FENS) com finalidade de passar o balan\u00e7o do evento realizado no come\u00e7o de agosto. Na ocasi\u00e3o, no encontro, realizado em dois hor\u00e1rios (de manh\u00e3 e tarde), o Cristiano Lopes, gestor de Desenvolvimento Econ\u00f4mico, Ci\u00eancia e Tecnologia, divulgou aos participantes os resultados da FENS 2021 e projetou a edi\u00e7\u00e3o de 2023.<\/p>\n\n\n\n<p>\u201cEu agrade\u00e7o os empreendedores que constru\u00edram a FENS com a gente e todo o p\u00fablico que prestigiou a FENS. Fizemos quest\u00e3o de conversar com eles para debatermos o que funcionou e o que precisa ser melhorado j\u00e1 pensando na edi\u00e7\u00e3o de 2023. \u00a0Vamos continuar trabalhando para incentivar a cultura do empreendedorismo e construir um ambiente de gera\u00e7\u00e3o de neg\u00f3cios. Sempre agindo com a maior transpar\u00eancia poss\u00edvel neste di\u00e1logo com os empreendedores da cidade\u201d, explicou Cristiano Lopes.<\/p>\n\n\n\n<figure class=\"wp-block-image size-full\"><img loading=\"lazy\" decoding=\"async\" width=\"1280\" height=\"854\" src=\"https:\/\/jundiai.sp.gov.br\/noticias\/wp-content\/uploads\/sites\/32\/2022\/09\/reuniao_balanco-fens-8.jpg\" alt=\"\" class=\"wp-image-300788\" srcset=\"https:\/\/jundiai.sp.gov.br\/noticias\/wp-content\/uploads\/sites\/32\/2022\/09\/reuniao_balanco-fens-8.jpg 1280w, https:\/\/jundiai.sp.gov.br\/noticias\/wp-content\/uploads\/sites\/32\/2022\/09\/reuniao_balanco-fens-8-300x200.jpg 300w, https:\/\/jundiai.sp.gov.br\/noticias\/wp-content\/uploads\/sites\/32\/2022\/09\/reuniao_balanco-fens-8-768x512.jpg 768w, https:\/\/jundiai.sp.gov.br\/noticias\/wp-content\/uploads\/sites\/32\/2022\/09\/reuniao_balanco-fens-8-450x300.jpg 450w\" sizes=\"auto, (max-width: 1280px) 100vw, 1280px\" \/><figcaption>Jos\u00e9 Antonio Parimoschi e Cristiano Lopes: apoio ao empreendedor<\/figcaption><\/figure>\n\n\n\n<p>O gestor de Governo e Finan\u00e7as, Jos\u00e9 Antonio Parimoschi, fez a abertura do encontro e lembrou que um dos eixos do Programa de Governo \u00e9 o est\u00edmulo \u00e0 economia local, al\u00e9m de atrair novas empresas e neg\u00f3cios para Jundia\u00ed. \u201cO recado \u00e9 claro. N\u00f3s somos parceiros dos empreendedores, queremos andar juntos com voc\u00eas e vamos dar o suporte que voc\u00eas precisam para prosperarem. Trabalhamos para fomentar novos neg\u00f3cios e desburocratizar os processos para os empres\u00e1rios. Temos a miss\u00e3o de promover e alavancar a economia, al\u00e9m de gerar novas oportunidades, focando na qualidade de vida da popula\u00e7\u00e3o\u201d, salientou. <\/p>\n\n\n\n<p>A empreendedora Evaina Mariza Siegrist de Souza gostou da transpar\u00eancia conduzida antes, durante e ap\u00f3s a FENS. \u201cEsta reuni\u00e3o \u00e9 muito v\u00e1lida e fico contente em saber que podemos ser ouvidos. Quero participar da pr\u00f3xima novamente. A FENS foi importante para meu neg\u00f3cio.\u201d<\/p>\n\n\n\n<figure class=\"wp-block-image size-full\"><img loading=\"lazy\" decoding=\"async\" width=\"1280\" height=\"854\" src=\"https:\/\/jundiai.sp.gov.br\/noticias\/wp-content\/uploads\/sites\/32\/2022\/09\/reuniao_balanco-fens-44.jpg\" alt=\"\" class=\"wp-image-300790\" srcset=\"https:\/\/jundiai.sp.gov.br\/noticias\/wp-content\/uploads\/sites\/32\/2022\/09\/reuniao_balanco-fens-44.jpg 1280w, https:\/\/jundiai.sp.gov.br\/noticias\/wp-content\/uploads\/sites\/32\/2022\/09\/reuniao_balanco-fens-44-300x200.jpg 300w, https:\/\/jundiai.sp.gov.br\/noticias\/wp-content\/uploads\/sites\/32\/2022\/09\/reuniao_balanco-fens-44-768x512.jpg 768w, https:\/\/jundiai.sp.gov.br\/noticias\/wp-content\/uploads\/sites\/32\/2022\/09\/reuniao_balanco-fens-44-450x300.jpg 450w\" sizes=\"auto, (max-width: 1280px) 100vw, 1280px\" \/><figcaption>Expositores comemoraram ao sucesso da 1\u00aa FENS<\/figcaption><\/figure>\n\n\n\n<p>Segundo a empreendedora Arisa Cruz a FENS fez a diferen\u00e7a para os empreendedores. \u201c\u00c9 muito importante apontarmos o que deu certo e o que precisa melhorar. Participarmos juntos da constru\u00e7\u00e3o da pr\u00f3xima Feira \u00e9 essencial. Com certeza, vou fazer minha inscri\u00e7\u00e3o na pr\u00f3xima.\u201d<\/p>\n\n\n\n<p>Os dias e a inscri\u00e7\u00e3o da FENS 2023 ser\u00e3o divulgados via Imprensa Oficial.<\/p>\n\n\n\n<p><strong>Assessoria de Imprensa<br>Fotos: Fot\u00f3grafos PMJ<\/strong><\/p>\n","protected":false},"excerpt":{"rendered":"<p>Nesta segunda-feira foi feita uma reuni\u00e3o com os expositores da 1\u00aa Feira do Empreendedor, Neg\u00f3cios e Servi\u00e7os (FENS) com finalidade de passar o balan\u00e7o do evento realizado no come\u00e7o de agosto. Na ocasi\u00e3o, no encontro, realizado em dois hor\u00e1rios (de manh\u00e3 e tarde), o Cristiano Lopes, gestor de Desenvolvimento Econ\u00f4mico, Ci\u00eancia e Tecnologia, divulgou aos [&hellip;]<\/p>\n","protected":false},"author":81,"featured_media":300790,"comment_status":"closed","ping_status":"0","sticky":false,"template":"","format":"standard","meta":{"footnotes":""},"categories":[2],"tags":[365,3163,983,1527,1192],"ods":[],"class_list":["post-300787","post","type-post","status-publish","format-standard","has-post-thumbnail","hentry","category-noticias","tag-desenvolvimento-economico-ciencia-e-tecnologia","tag-fens","tag-governo-e-financas","tag-jundiai-empreendedora","tag-ugdect"],"_links":{"self":[{"href":"https:\/\/jundiai.sp.gov.br\/noticias\/wp-json\/wp\/v2\/posts\/300787","targetHints":{"allow":["GET"]}}],"collection":[{"href":"https:\/\/jundiai.sp.gov.br\/noticias\/wp-json\/wp\/v2\/posts"}],"about":[{"href":"https:\/\/jundiai.sp.gov.br\/noticias\/wp-json\/wp\/v2\/types\/post"}],"author":[{"embeddable":true,"href":"https:\/\/jundiai.sp.gov.br\/noticias\/wp-json\/wp\/v2\/users\/81"}],"replies":[{"embeddable":true,"href":"https:\/\/jundiai.sp.gov.br\/noticias\/wp-json\/wp\/v2\/comments?post=300787"}],"version-history":[{"count":3,"href":"https:\/\/jundiai.sp.gov.br\/noticias\/wp-json\/wp\/v2\/posts\/300787\/revisions"}],"predecessor-version":[{"id":300827,"href":"https:\/\/jundiai.sp.gov.br\/noticias\/wp-json\/wp\/v2\/posts\/300787\/revisions\/300827"}],"wp:featuredmedia":[{"embeddable":true,"href":"https:\/\/jundiai.sp.gov.br\/noticias\/wp-json\/wp\/v2\/media\/300790"}],"wp:attachment":[{"href":"https:\/\/jundiai.sp.gov.br\/noticias\/wp-json\/wp\/v2\/media?parent=300787"}],"wp:term":[{"taxonomy":"category","embeddable":true,"href":"https:\/\/jundiai.sp.gov.br\/noticias\/wp-json\/wp\/v2\/categories?post=300787"},{"taxonomy":"post_tag","embeddable":true,"href":"https:\/\/jundiai.sp.gov.br\/noticias\/wp-json\/wp\/v2\/tags?post=300787"},{"taxonomy":"ods","embeddable":true,"href":"https:\/\/jundiai.sp.gov.br\/noticias\/wp-json\/wp\/v2\/ods?post=300787"}],"curies":[{"name":"wp","href":"https:\/\/api.w.org\/{rel}","templated":true}]}}