{"id":300848,"date":"2022-09-06T14:49:51","date_gmt":"2022-09-06T17:49:51","guid":{"rendered":"https:\/\/jundiai.sp.gov.br\/noticias\/?p=300848"},"modified":"2022-09-06T18:03:25","modified_gmt":"2022-09-06T21:03:25","slug":"covabra-inaugura-loja-e-gera-mais-200-novos-empregos-em-jundiai","status":"publish","type":"post","link":"https:\/\/jundiai.sp.gov.br\/noticias\/2022\/09\/06\/covabra-inaugura-loja-e-gera-mais-200-novos-empregos-em-jundiai\/","title":{"rendered":"Covabra inaugura loja e gera mais 200 novos empregos em Jundia\u00ed"},"content":{"rendered":"\n<p>O Prefeito Luiz Fernando Machado esteve presente na inaugura\u00e7\u00e3o da nova loja da Rede Covabra Supermercados, na manh\u00e3 desta ter\u00e7a-feira (06), no bairro Parque Eloy Chaves. Esse \u00e9 o segundo estabelecimento da rede no munic\u00edpio, que emprega aproximadamente 400 jundiaienses, sendo cerca de 200 novos empregos apenas neste novo supermercado.<\/p>\n\n\n\n<p>\u201cEstamos muito contentes em receber mais uma loja da Rede Covabra em nossa cidade. Jundia\u00ed, al\u00e9m de ter uma economia muito forte, investe em qualidade de vida, bem-estar e gera\u00e7\u00e3o de emprego e renda para as fam\u00edlias que aqui residem. Grandes marcas como esta s\u00e3o sempre bem-vindas em nosso munic\u00edpio e mostram que estamos trabalhando na dire\u00e7\u00e3o certa\u201d, afirmou o chefe do executivo.<\/p>\n\n\n\n<p>A gera\u00e7\u00e3o de emprego e renda em Jundia\u00ed \u00e9 comprovada em n\u00fameros. Segundo o Caged, no acumulado de 2022 (janeiro a julho), foi registrado saldo positivo de 5.952 empregos. Esse foi o s\u00e9timo m\u00eas consecutivo de saldo positivo.<\/p>\n\n\n\n<p>\u201cJundia\u00ed cresce de forma planejada e investe na melhoria do seu ambiente econ\u00f4mico com foco na atra\u00e7\u00e3o de novos neg\u00f3cios e empregos. Os bairros da cidade est\u00e3o recebendo investimentos. Essa loja do Covabra aqui no Eloy Chaves, al\u00e9m de facilitar a vida do consumidor, valoriza os im\u00f3veis do bairro, al\u00e9m de mais 200 vagas de empregos para nossa comunidade, \u201d, explicou o Gestor de Governo e Finan\u00e7as, Jos\u00e9 Antonio Parimoschi.<\/p>\n\n\n\n<figure class=\"wp-block-gallery has-nested-images columns-default is-cropped wp-block-gallery-1 is-layout-flex wp-block-gallery-is-layout-flex\">\n<figure class=\"wp-block-image size-large\"><img loading=\"lazy\" decoding=\"async\" width=\"1280\" height=\"853\" data-id=\"300850\" src=\"https:\/\/jundiai.sp.gov.br\/noticias\/wp-content\/uploads\/sites\/32\/2022\/09\/inauguracao_covabra_eloy_chaves-56.jpg\" alt=\"\" class=\"wp-image-300850\" srcset=\"https:\/\/jundiai.sp.gov.br\/noticias\/wp-content\/uploads\/sites\/32\/2022\/09\/inauguracao_covabra_eloy_chaves-56.jpg 1280w, https:\/\/jundiai.sp.gov.br\/noticias\/wp-content\/uploads\/sites\/32\/2022\/09\/inauguracao_covabra_eloy_chaves-56-300x200.jpg 300w, https:\/\/jundiai.sp.gov.br\/noticias\/wp-content\/uploads\/sites\/32\/2022\/09\/inauguracao_covabra_eloy_chaves-56-768x512.jpg 768w, https:\/\/jundiai.sp.gov.br\/noticias\/wp-content\/uploads\/sites\/32\/2022\/09\/inauguracao_covabra_eloy_chaves-56-450x300.jpg 450w\" sizes=\"auto, (max-width: 1280px) 100vw, 1280px\" \/><figcaption>Luiz Fernando Machado comemorou a gera\u00e7\u00e3o de emprego e renda que o Covabra proporciona \u00e0 popula\u00e7\u00e3o<\/figcaption><\/figure>\n<\/figure>\n\n\n\n<p>A solenidade ainda contou com uma breve cerim\u00f4nia religiosa ministrada pelo di\u00e1cono Ailton, al\u00e9m de um discurso de agradecimento do diretor-presidente do Covabra, Dioner dos Santos. \u201cJundia\u00ed \u00e9 uma cidade muito importante para o pa\u00eds. Al\u00e9m de uma economia pujante \u00e9 uma cidade linda e somos muito felizes por fazermos parte da hist\u00f3ria do munic\u00edpio\u201d, contou.<\/p>\n\n\n\n<p>&#8220;A partir da Prefeitura de Jundia\u00ed e seus servi\u00e7os, como o Espa\u00e7o e o Portal Jundia\u00ed Empreendedora, realizamos a sele\u00e7\u00e3o das vagas dos nossos colaboradores de maneira r\u00e1pida e assertiva. As ferramentas oferecidas pela gest\u00e3o auxiliam os empreendedores e investidores e aproximam os trabalhadores das ofertas de coloca\u00e7\u00e3o no mercado de trabalho&#8221;, comenta a Gerente Executiva de Gest\u00e3o de Pessoas do Covabra, Fabiana Fuzari Covabra.<\/p>\n\n\n\n<p><strong>Causas sociais<br><\/strong>A rede de supermercados tem como pr\u00e1tica a participa\u00e7\u00e3o em diversos projetos sociais em Jundia\u00ed. Dentre as a\u00e7\u00f5es, destaque para o \u201cAcolha um Quarto, Conforte Vidas\u201d, com doa\u00e7\u00f5es para a revitaliza\u00e7\u00e3o de um quarto no Hospital S\u00e3o Vicente. Al\u00e9m disso, ajuda a entidades como a Bom Pastor, Almater e Casa Santa Marta, e doa\u00e7\u00f5es de cestas b\u00e1sicas que contribu\u00edram com o plano de seguran\u00e7a alimentar na pandemia, tamb\u00e9m fazem parte do portf\u00f3lio do Covabra.<\/p>\n\n\n\n<p>O Covabra \u00e9 uma rede com 33 anos de hist\u00f3ria. Atualmente, a rede conta com 18 lojas e est\u00e1 presente em 11 cidades do interior paulista (Campinas, Capivari, Itatiba, Itupeva, Jundia\u00ed, Leme, Limeira, Pedreira, Pirassununga, Rio Claro e Vinhedo), empregando mais de 3.000 funcion\u00e1rios.<\/p>\n\n\n\n<p><strong>Assessoria de Imprensa<\/strong><br><strong>Fotos: Fot\u00f3grafos PMJ<\/strong><\/p>\n","protected":false},"excerpt":{"rendered":"<p>O Prefeito Luiz Fernando Machado esteve presente na inaugura\u00e7\u00e3o da nova loja da Rede Covabra Supermercados, na manh\u00e3 desta ter\u00e7a-feira (06), no bairro Parque Eloy Chaves. Esse \u00e9 o segundo estabelecimento da rede no munic\u00edpio, que emprega aproximadamente 400 jundiaienses, sendo cerca de 200 novos empregos apenas neste novo supermercado. \u201cEstamos muito contentes em receber [&hellip;]<\/p>\n","protected":false},"author":90,"featured_media":300850,"comment_status":"closed","ping_status":"0","sticky":false,"template":"","format":"standard","meta":{"footnotes":""},"categories":[2],"tags":[129,983,1176],"ods":[],"class_list":["post-300848","post","type-post","status-publish","format-standard","has-post-thumbnail","hentry","category-noticias","tag-eloy-chaves","tag-governo-e-financas","tag-prefeito-luiz-fernando-machado"],"_links":{"self":[{"href":"https:\/\/jundiai.sp.gov.br\/noticias\/wp-json\/wp\/v2\/posts\/300848","targetHints":{"allow":["GET"]}}],"collection":[{"href":"https:\/\/jundiai.sp.gov.br\/noticias\/wp-json\/wp\/v2\/posts"}],"about":[{"href":"https:\/\/jundiai.sp.gov.br\/noticias\/wp-json\/wp\/v2\/types\/post"}],"author":[{"embeddable":true,"href":"https:\/\/jundiai.sp.gov.br\/noticias\/wp-json\/wp\/v2\/users\/90"}],"replies":[{"embeddable":true,"href":"https:\/\/jundiai.sp.gov.br\/noticias\/wp-json\/wp\/v2\/comments?post=300848"}],"version-history":[{"count":5,"href":"https:\/\/jundiai.sp.gov.br\/noticias\/wp-json\/wp\/v2\/posts\/300848\/revisions"}],"predecessor-version":[{"id":300917,"href":"https:\/\/jundiai.sp.gov.br\/noticias\/wp-json\/wp\/v2\/posts\/300848\/revisions\/300917"}],"wp:featuredmedia":[{"embeddable":true,"href":"https:\/\/jundiai.sp.gov.br\/noticias\/wp-json\/wp\/v2\/media\/300850"}],"wp:attachment":[{"href":"https:\/\/jundiai.sp.gov.br\/noticias\/wp-json\/wp\/v2\/media?parent=300848"}],"wp:term":[{"taxonomy":"category","embeddable":true,"href":"https:\/\/jundiai.sp.gov.br\/noticias\/wp-json\/wp\/v2\/categories?post=300848"},{"taxonomy":"post_tag","embeddable":true,"href":"https:\/\/jundiai.sp.gov.br\/noticias\/wp-json\/wp\/v2\/tags?post=300848"},{"taxonomy":"ods","embeddable":true,"href":"https:\/\/jundiai.sp.gov.br\/noticias\/wp-json\/wp\/v2\/ods?post=300848"}],"curies":[{"name":"wp","href":"https:\/\/api.w.org\/{rel}","templated":true}]}}