{"id":300947,"date":"2022-09-08T10:43:42","date_gmt":"2022-09-08T13:43:42","guid":{"rendered":"https:\/\/jundiai.sp.gov.br\/noticias\/?p=300947"},"modified":"2022-09-08T10:43:42","modified_gmt":"2022-09-08T13:43:42","slug":"diretao-passageiros-economizam-mais-de-40-do-tempo-de-viagem","status":"publish","type":"post","link":"https:\/\/jundiai.sp.gov.br\/noticias\/2022\/09\/08\/diretao-passageiros-economizam-mais-de-40-do-tempo-de-viagem\/","title":{"rendered":"Diret\u00e3o: Passageiros economizam mais de 40% do tempo de viagem"},"content":{"rendered":"\n<p>Jaqueline Paulino, de 31 anos. Maria Jos\u00e9 da Silva, 43. Duas pessoas diferentes, mas que t\u00eam muita coisa em comum. As duas trabalham na mesma empresa como auxiliar de servi\u00e7os gerais e moram no bairro Ivoturucaia. E h\u00e1 1 m\u00eas, ambas sentem os impactos positivos que o \u00f4nibus \u201cDiret\u00e3o\u201d causou na vida delas. O tempo de viagem \u00e9 de aproximadamente 45 minutos, sendo 42% a menos do que a linha antiga, que percorria o mesmo trajeto em 1h18. O sistema est\u00e1 implantado na linha Ivoturucaia &#8211; Distrito Industrial e na linha Santa Gertrudes &#8211; Terminal Central.<\/p>\n\n\n\n<p>\u201cA gente economiza mais de 40 minutos de viagem. Sobra mais tempo para limpar a casa, fazer janta e d\u00e1 at\u00e9 para planejar fazer academia\u201d, afirma Jaqueline. \u201cEssa linha \u00e9 magn\u00edfica e est\u00e1 aprovad\u00edssima. Consigo chegar na hora do culto e me planejar para dormir mais cedo. De manh\u00e3, tamb\u00e9m conseguimos economizar tempo e dormir at\u00e9 mais tarde. Isso faz muita diferen\u00e7a ao longo do dia\u201d, explica Maria Jos\u00e9.<\/p>\n\n\n\n<figure class=\"wp-block-image size-full\"><img loading=\"lazy\" decoding=\"async\" width=\"1280\" height=\"853\" src=\"https:\/\/jundiai.sp.gov.br\/noticias\/wp-content\/uploads\/sites\/32\/2022\/09\/onibus-diretao-para-ivoturucaia_fm_-1.jpg\" alt=\"\" class=\"wp-image-300949\" srcset=\"https:\/\/jundiai.sp.gov.br\/noticias\/wp-content\/uploads\/sites\/32\/2022\/09\/onibus-diretao-para-ivoturucaia_fm_-1.jpg 1280w, https:\/\/jundiai.sp.gov.br\/noticias\/wp-content\/uploads\/sites\/32\/2022\/09\/onibus-diretao-para-ivoturucaia_fm_-1-300x200.jpg 300w, https:\/\/jundiai.sp.gov.br\/noticias\/wp-content\/uploads\/sites\/32\/2022\/09\/onibus-diretao-para-ivoturucaia_fm_-1-768x512.jpg 768w, https:\/\/jundiai.sp.gov.br\/noticias\/wp-content\/uploads\/sites\/32\/2022\/09\/onibus-diretao-para-ivoturucaia_fm_-1-450x300.jpg 450w\" sizes=\"auto, (max-width: 1280px) 100vw, 1280px\" \/><figcaption>&#8220;Diret\u00e3o&#8221; da linha 010 proporciona economia de 42% no tempo de percurso<\/figcaption><\/figure>\n\n\n\n<p>Essa \u00e9 exatamente a proposta do \u201cDiret\u00e3o\u201d: agilizar a vida do cidad\u00e3o e reduzir o tempo nos trajetos de \u00f4nibus pela cidade. Em um m\u00eas de opera\u00e7\u00e3o, a linha que vai do Ivoturucaia ao Distrito Industiral atendeu cerca de 670 usu\u00e1rios por dia. Isso significa um total de 17 mil passageiros, que n\u00e3o precisam mais de tr\u00eas \u00f4nibus para chegar ao destino final, mas sim apenas um.<\/p>\n\n\n\n<p>\u201cUm sistema de transporte p\u00fablico de qualidade, com linhas eficazes, traz muitos benef\u00edcios aos cidad\u00e3os. Diminuir o tempo de viagem aumenta a qualidade de vida e o bem-estar dos usu\u00e1rios, pois eles poder\u00e3o dedicar mais tempo a atividades que n\u00e3o tinham como fazer antes\u201d, explica o Prefeito Luiz Fernando Machado.<\/p>\n\n\n\n<figure class=\"wp-block-image size-full\"><img loading=\"lazy\" decoding=\"async\" width=\"1280\" height=\"853\" src=\"https:\/\/jundiai.sp.gov.br\/noticias\/wp-content\/uploads\/sites\/32\/2022\/09\/onibus-diretao-para-ivoturucaia_fm_-10.jpg\" alt=\"\" class=\"wp-image-300950\" srcset=\"https:\/\/jundiai.sp.gov.br\/noticias\/wp-content\/uploads\/sites\/32\/2022\/09\/onibus-diretao-para-ivoturucaia_fm_-10.jpg 1280w, https:\/\/jundiai.sp.gov.br\/noticias\/wp-content\/uploads\/sites\/32\/2022\/09\/onibus-diretao-para-ivoturucaia_fm_-10-300x200.jpg 300w, https:\/\/jundiai.sp.gov.br\/noticias\/wp-content\/uploads\/sites\/32\/2022\/09\/onibus-diretao-para-ivoturucaia_fm_-10-768x512.jpg 768w, https:\/\/jundiai.sp.gov.br\/noticias\/wp-content\/uploads\/sites\/32\/2022\/09\/onibus-diretao-para-ivoturucaia_fm_-10-450x300.jpg 450w\" sizes=\"auto, (max-width: 1280px) 100vw, 1280px\" \/><figcaption>Amigas Jaqueline e Maria est\u00e3o felizes com o menor tempo do percurso. Economia que gera mais tempo para a fam\u00edlia<\/figcaption><\/figure>\n\n\n\n<p><strong>Santa Gertrudes<br><\/strong>Moradores do Jardim Santa Gertrudes tamb\u00e9m foram contemplados com o \u201cDiret\u00e3o\u201d, em uma linha que interliga o bairro e o Terminal Central, direto e sem paradas. Em um m\u00eas, foram 630 pessoas atendidas todos os dias, totalizando mais de 15 mil atendimentos. O tempo m\u00e9dio de viagem passou de 53 para 28 minutos \u2013 um ganho de 47% no tempo.<\/p>\n\n\n\n<p>\u201cLinhas que agregam conforto e rapidez resultam em usu\u00e1rios satisfeitos. Estamos em constante monitoramento para continuar trazendo melhorias \u00e0 popula\u00e7\u00e3o, inclusive com novas linhas de \u00f4nibus\u201d, comenta o Gestor de Mobilidade e Transporte, Aloysio Queiroz.<\/p>\n\n\n\n<p>Confira o hor\u00e1rio do \u00f4nibus Ivoturucaia \u2013 Distrito Industrial:&nbsp;<a href=\"https:\/\/situ.jundiai.sp.gov.br\/hortolandia.php\" target=\"_blank\" rel=\"noreferrer noopener\">clique aqui<\/a><\/p>\n\n\n\n<p>Confira o hor\u00e1rio do \u00f4nibus Terminal Central \u2013 Santa Gertrudes:&nbsp;<a rel=\"noreferrer noopener\" href=\"https:\/\/situ.jundiai.sp.gov.br\/central.php\" target=\"_blank\">clique aqui<\/a><\/p>\n\n\n\n<p><br><br><strong>Assessoria de Imprensa<\/strong><\/p>\n","protected":false},"excerpt":{"rendered":"<p>Jaqueline Paulino, de 31 anos. Maria Jos\u00e9 da Silva, 43. Duas pessoas diferentes, mas que t\u00eam muita coisa em comum. As duas trabalham na mesma empresa como auxiliar de servi\u00e7os gerais e moram no bairro Ivoturucaia. E h\u00e1 1 m\u00eas, ambas sentem os impactos positivos que o \u00f4nibus \u201cDiret\u00e3o\u201d causou na vida delas. O tempo [&hellip;]<\/p>\n","protected":false},"author":39,"featured_media":300949,"comment_status":"closed","ping_status":"0","sticky":false,"template":"","format":"standard","meta":{"footnotes":""},"categories":[2],"tags":[2838,2341,982,58,1228],"ods":[],"class_list":["post-300947","post","type-post","status-publish","format-standard","has-post-thumbnail","hentry","category-noticias","tag-distrito-industrial","tag-ivoturucaia","tag-mobilidade-e-transporte","tag-prefeito","tag-santa-gertrudes"],"_links":{"self":[{"href":"https:\/\/jundiai.sp.gov.br\/noticias\/wp-json\/wp\/v2\/posts\/300947","targetHints":{"allow":["GET"]}}],"collection":[{"href":"https:\/\/jundiai.sp.gov.br\/noticias\/wp-json\/wp\/v2\/posts"}],"about":[{"href":"https:\/\/jundiai.sp.gov.br\/noticias\/wp-json\/wp\/v2\/types\/post"}],"author":[{"embeddable":true,"href":"https:\/\/jundiai.sp.gov.br\/noticias\/wp-json\/wp\/v2\/users\/39"}],"replies":[{"embeddable":true,"href":"https:\/\/jundiai.sp.gov.br\/noticias\/wp-json\/wp\/v2\/comments?post=300947"}],"version-history":[{"count":2,"href":"https:\/\/jundiai.sp.gov.br\/noticias\/wp-json\/wp\/v2\/posts\/300947\/revisions"}],"predecessor-version":[{"id":300951,"href":"https:\/\/jundiai.sp.gov.br\/noticias\/wp-json\/wp\/v2\/posts\/300947\/revisions\/300951"}],"wp:featuredmedia":[{"embeddable":true,"href":"https:\/\/jundiai.sp.gov.br\/noticias\/wp-json\/wp\/v2\/media\/300949"}],"wp:attachment":[{"href":"https:\/\/jundiai.sp.gov.br\/noticias\/wp-json\/wp\/v2\/media?parent=300947"}],"wp:term":[{"taxonomy":"category","embeddable":true,"href":"https:\/\/jundiai.sp.gov.br\/noticias\/wp-json\/wp\/v2\/categories?post=300947"},{"taxonomy":"post_tag","embeddable":true,"href":"https:\/\/jundiai.sp.gov.br\/noticias\/wp-json\/wp\/v2\/tags?post=300947"},{"taxonomy":"ods","embeddable":true,"href":"https:\/\/jundiai.sp.gov.br\/noticias\/wp-json\/wp\/v2\/ods?post=300947"}],"curies":[{"name":"wp","href":"https:\/\/api.w.org\/{rel}","templated":true}]}}