{"id":301021,"date":"2022-09-09T11:07:08","date_gmt":"2022-09-09T14:07:08","guid":{"rendered":"https:\/\/jundiai.sp.gov.br\/noticias\/?p=301021"},"modified":"2022-09-30T15:40:42","modified_gmt":"2022-09-30T18:40:42","slug":"visita-ao-museu-dos-ferroviarios-concerto-da-orquestra-sinfonica-movimento-slow-kids-e-exposicoes-marcam-o-final-de-semana-na-cidade","status":"publish","type":"post","link":"https:\/\/jundiai.sp.gov.br\/noticias\/2022\/09\/09\/visita-ao-museu-dos-ferroviarios-concerto-da-orquestra-sinfonica-movimento-slow-kids-e-exposicoes-marcam-o-final-de-semana-na-cidade\/","title":{"rendered":"Visita ao Museu Ferrovi\u00e1rios, concerto da Orquestra Sinf\u00f4nica, movimento Slow Kids e exposi\u00e7\u00f5es marcam o final de semana na cidade"},"content":{"rendered":"\n<p>Ap\u00f3s um longo per\u00edodo de portas fechadas para visita\u00e7\u00e3o do p\u00fablico, o Museu da Cia. Paulista &#8211; Museu Ferrovi\u00e1rio, &#8211; no antigo Complexo Fepasa, que agora passa a ser chamado de Expressa &#8211; est\u00e1 aberto a partir deste s\u00e1bado (10), das 10h \u00e0s 17h, com entrada gratuita. O local que passou por reforma e readequa\u00e7\u00e3o de seus espa\u00e7os, guarda em seu acervo a hist\u00f3ria da ferrovia. Um programa para toda fam\u00edlia.<\/p>\n\n\n\n<p>A programa\u00e7\u00e3o cultural da cidade tamb\u00e9m re\u00fane neste final de semana, mais duas a\u00e7\u00f5es imperd\u00edveis e gratuitas. As duas ser\u00e3o realizadas neste s\u00e1bado(10).<\/p>\n\n\n\n<figure class=\"wp-block-gallery has-nested-images columns-default is-cropped wp-block-gallery-1 is-layout-flex wp-block-gallery-is-layout-flex\">\n<figure class=\"wp-block-image size-large\"><img loading=\"lazy\" decoding=\"async\" width=\"1240\" height=\"930\" data-id=\"139197\" src=\"https:\/\/jundiai.sp.gov.br\/noticias\/wp-content\/uploads\/sites\/32\/2013\/01\/MuseuFerroviarioG-1.jpg\" alt=\"\" class=\"wp-image-139197\" srcset=\"https:\/\/jundiai.sp.gov.br\/noticias\/wp-content\/uploads\/sites\/32\/2013\/01\/MuseuFerroviarioG-1.jpg 1240w, https:\/\/jundiai.sp.gov.br\/noticias\/wp-content\/uploads\/sites\/32\/2013\/01\/MuseuFerroviarioG-1-300x225.jpg 300w, https:\/\/jundiai.sp.gov.br\/noticias\/wp-content\/uploads\/sites\/32\/2013\/01\/MuseuFerroviarioG-1-720x540.jpg 720w\" sizes=\"auto, (max-width: 1240px) 100vw, 1240px\" \/><figcaption>Espa\u00e7o foi totalmente reformulado<\/figcaption><\/figure>\n\n\n\n<figure class=\"wp-block-image size-large\"><img loading=\"lazy\" decoding=\"async\" width=\"1280\" height=\"853\" data-id=\"297840\" src=\"https:\/\/jundiai.sp.gov.br\/noticias\/wp-content\/uploads\/sites\/32\/2022\/07\/obras-museu-ferroviario_fm_-29.jpg\" alt=\"\" class=\"wp-image-297840\" srcset=\"https:\/\/jundiai.sp.gov.br\/noticias\/wp-content\/uploads\/sites\/32\/2022\/07\/obras-museu-ferroviario_fm_-29.jpg 1280w, https:\/\/jundiai.sp.gov.br\/noticias\/wp-content\/uploads\/sites\/32\/2022\/07\/obras-museu-ferroviario_fm_-29-300x200.jpg 300w, https:\/\/jundiai.sp.gov.br\/noticias\/wp-content\/uploads\/sites\/32\/2022\/07\/obras-museu-ferroviario_fm_-29-768x512.jpg 768w, https:\/\/jundiai.sp.gov.br\/noticias\/wp-content\/uploads\/sites\/32\/2022\/07\/obras-museu-ferroviario_fm_-29-450x300.jpg 450w\" sizes=\"auto, (max-width: 1280px) 100vw, 1280px\" \/><figcaption>Um novo conceito para as exposi\u00e7\u00f5es<\/figcaption><\/figure>\n\n\n\n<figure class=\"wp-block-image size-large\"><img loading=\"lazy\" decoding=\"async\" width=\"1280\" height=\"853\" data-id=\"297838\" src=\"https:\/\/jundiai.sp.gov.br\/noticias\/wp-content\/uploads\/sites\/32\/2022\/07\/obras-museu-ferroviario_fm_-67.jpg\" alt=\"\" class=\"wp-image-297838\" srcset=\"https:\/\/jundiai.sp.gov.br\/noticias\/wp-content\/uploads\/sites\/32\/2022\/07\/obras-museu-ferroviario_fm_-67.jpg 1280w, https:\/\/jundiai.sp.gov.br\/noticias\/wp-content\/uploads\/sites\/32\/2022\/07\/obras-museu-ferroviario_fm_-67-300x200.jpg 300w, https:\/\/jundiai.sp.gov.br\/noticias\/wp-content\/uploads\/sites\/32\/2022\/07\/obras-museu-ferroviario_fm_-67-768x512.jpg 768w, https:\/\/jundiai.sp.gov.br\/noticias\/wp-content\/uploads\/sites\/32\/2022\/07\/obras-museu-ferroviario_fm_-67-450x300.jpg 450w\" sizes=\"auto, (max-width: 1280px) 100vw, 1280px\" \/><figcaption>No acervo, a hist\u00f3ria da ferrovia pode ser conferida<\/figcaption><\/figure>\n<\/figure>\n\n\n\n<p>A primeira ser\u00e1 no Expressa (Complexo Fepasa) quando uma s\u00e9rie de atra\u00e7\u00f5es culturais gratuitas voltadas para as crian\u00e7as e seus cuidadores, pelo programa municipal Cidade das Crian\u00e7as, inteiramente gr\u00e1tis, acontecer\u00e3o das 10h \u00e0s 18h, com interven\u00e7\u00f5es, conta\u00e7\u00f5es de hist\u00f3rias, shows musicais e atividades com a terra, com incentivo \u00e0s brincadeiras ao ar livre, contato com a natureza e resgate do contato das crian\u00e7as e de seus cuidadores.<\/p>\n\n\n\n<p>As atra\u00e7\u00f5es integram o movimento \u201cSlow Kids\u201d, que defende a desacelera\u00e7\u00e3o da rotina da crian\u00e7a e a valoriza\u00e7\u00e3o do tempo livre na inf\u00e2ncia, numa iniciativa concebida pelo Instituto Alana, importante parceira da Prefeitura para temas voltados ao planejamento urban\u00edstico com foco na inf\u00e2ncia. A programa\u00e7\u00e3o completa pode ser conferida no <a href=\"https:\/\/jundiai.sp.gov.br\/noticias\/2022\/09\/05\/cidade-das-criancas-complexo-fepasa-recebe-atracoes-culturais-gratuitas-ao-longo-deste-sabado-10\/\" target=\"_blank\" rel=\"noreferrer noopener\"><strong>site da Cultura<\/strong>.<\/a><\/p>\n\n\n\n<figure class=\"wp-block-gallery has-nested-images columns-default is-cropped wp-block-gallery-2 is-layout-flex wp-block-gallery-is-layout-flex\">\n<figure class=\"wp-block-image size-large\"><img loading=\"lazy\" decoding=\"async\" width=\"1280\" height=\"853\" data-id=\"300812\" src=\"https:\/\/jundiai.sp.gov.br\/noticias\/wp-content\/uploads\/sites\/32\/2022\/09\/festival_de_musica_grupo_trii-74.jpg\" alt=\"\" class=\"wp-image-300812\" srcset=\"https:\/\/jundiai.sp.gov.br\/noticias\/wp-content\/uploads\/sites\/32\/2022\/09\/festival_de_musica_grupo_trii-74.jpg 1280w, https:\/\/jundiai.sp.gov.br\/noticias\/wp-content\/uploads\/sites\/32\/2022\/09\/festival_de_musica_grupo_trii-74-300x200.jpg 300w, https:\/\/jundiai.sp.gov.br\/noticias\/wp-content\/uploads\/sites\/32\/2022\/09\/festival_de_musica_grupo_trii-74-768x512.jpg 768w, https:\/\/jundiai.sp.gov.br\/noticias\/wp-content\/uploads\/sites\/32\/2022\/09\/festival_de_musica_grupo_trii-74-450x300.jpg 450w\" sizes=\"auto, (max-width: 1280px) 100vw, 1280px\" \/><figcaption>Programa\u00e7\u00e3o para a garotada<\/figcaption><\/figure>\n\n\n\n<figure class=\"wp-block-image size-large\"><img loading=\"lazy\" decoding=\"async\" width=\"771\" height=\"513\" data-id=\"300818\" src=\"https:\/\/jundiai.sp.gov.br\/noticias\/wp-content\/uploads\/sites\/32\/2022\/09\/beatles_for_kids_2-1.png\" alt=\"\" class=\"wp-image-300818\" srcset=\"https:\/\/jundiai.sp.gov.br\/noticias\/wp-content\/uploads\/sites\/32\/2022\/09\/beatles_for_kids_2-1.png 771w, https:\/\/jundiai.sp.gov.br\/noticias\/wp-content\/uploads\/sites\/32\/2022\/09\/beatles_for_kids_2-1-300x200.png 300w, https:\/\/jundiai.sp.gov.br\/noticias\/wp-content\/uploads\/sites\/32\/2022\/09\/beatles_for_kids_2-1-768x511.png 768w, https:\/\/jundiai.sp.gov.br\/noticias\/wp-content\/uploads\/sites\/32\/2022\/09\/beatles_for_kids_2-1-450x300.png 450w\" sizes=\"auto, (max-width: 771px) 100vw, 771px\" \/><figcaption>Show com a Banda Beatles para Crian\u00e7as<\/figcaption><\/figure>\n\n\n\n<figure class=\"wp-block-image size-large\"><img loading=\"lazy\" decoding=\"async\" width=\"1098\" height=\"717\" data-id=\"300819\" src=\"https:\/\/jundiai.sp.gov.br\/noticias\/wp-content\/uploads\/sites\/32\/2022\/09\/estacapo_maritaca.png\" alt=\"\" class=\"wp-image-300819\" srcset=\"https:\/\/jundiai.sp.gov.br\/noticias\/wp-content\/uploads\/sites\/32\/2022\/09\/estacapo_maritaca.png 1098w, https:\/\/jundiai.sp.gov.br\/noticias\/wp-content\/uploads\/sites\/32\/2022\/09\/estacapo_maritaca-300x196.png 300w, https:\/\/jundiai.sp.gov.br\/noticias\/wp-content\/uploads\/sites\/32\/2022\/09\/estacapo_maritaca-768x502.png 768w\" sizes=\"auto, (max-width: 1098px) 100vw, 1098px\" \/><figcaption>Esta\u00e7\u00e3o Maritaca<\/figcaption><\/figure>\n<\/figure>\n\n\n\n<p>A segunda ser\u00e1 no per\u00edodo da noite, no Teatro Polytheama, quando um concerto em homenagem aos 200 anos da Independ\u00eancia do Brasil ser\u00e1 apresentado pela Orquestra Sinf\u00f4nica Municipal de Jundia\u00ed, com reg\u00eancia da maestrina Claudia Feres. O concerto trar\u00e1 em seu programa, duas obras compostas pelo imperador Dom Pedro I \u2013 \u201cHino \u00e0 Independ\u00eancia\u201d e \u201cCredo do Imperador\u201d -, al\u00e9m de obras do compositor austr\u00edaco Wolfgang Amadeus Mozart, como \u201cRapto do Serralho\u201d e \u201cExultate Jubilate\u201d.<\/p>\n\n\n\n<figure class=\"wp-block-image size-full\"><img loading=\"lazy\" decoding=\"async\" width=\"1280\" height=\"853\" src=\"https:\/\/jundiai.sp.gov.br\/noticias\/wp-content\/uploads\/sites\/32\/2022\/09\/orquestra-sinfonica-municipal-de-jundiai-100-anos-da-semana-de-arte-moderna-de-sao-paulo-polytheama_fm_-18.jpg\" alt=\"\" class=\"wp-image-300539\" srcset=\"https:\/\/jundiai.sp.gov.br\/noticias\/wp-content\/uploads\/sites\/32\/2022\/09\/orquestra-sinfonica-municipal-de-jundiai-100-anos-da-semana-de-arte-moderna-de-sao-paulo-polytheama_fm_-18.jpg 1280w, https:\/\/jundiai.sp.gov.br\/noticias\/wp-content\/uploads\/sites\/32\/2022\/09\/orquestra-sinfonica-municipal-de-jundiai-100-anos-da-semana-de-arte-moderna-de-sao-paulo-polytheama_fm_-18-300x200.jpg 300w, https:\/\/jundiai.sp.gov.br\/noticias\/wp-content\/uploads\/sites\/32\/2022\/09\/orquestra-sinfonica-municipal-de-jundiai-100-anos-da-semana-de-arte-moderna-de-sao-paulo-polytheama_fm_-18-768x512.jpg 768w, https:\/\/jundiai.sp.gov.br\/noticias\/wp-content\/uploads\/sites\/32\/2022\/09\/orquestra-sinfonica-municipal-de-jundiai-100-anos-da-semana-de-arte-moderna-de-sao-paulo-polytheama_fm_-18-450x300.jpg 450w\" sizes=\"auto, (max-width: 1280px) 100vw, 1280px\" \/><figcaption>Orquestra Sinf\u00f4nica Municipal de Jundia\u00ed no Polytheama neste s\u00e1bado<\/figcaption><\/figure>\n\n\n\n<p>O espet\u00e1culo programado para \u00e0s 20h, contar\u00e1 ainda com as participa\u00e7\u00f5es especiais da soprano Regiane Martinez e do Madrigal Vivace, sobe a reg\u00eancia de Vasti Atique. Os ingressos gratuitos ficam dispon\u00edveis tanto&nbsp;pela<strong> <a rel=\"noreferrer noopener\" href=\"https:\/\/www.sympla.com.br\/\" target=\"_blank\">plataforma Sympla&nbsp;<\/a><\/strong>quanto diretamente na bilheteria do Teatro. Cada interessado poder\u00e1 retirar at\u00e9 dois ingressos.<\/p>\n\n\n\n<p>Mas tem muito mais Cultura acontecendo na cidade. Confira:<\/p>\n\n\n\n<p><strong>Biblioteca Nelson Foot (BNF)<\/strong><\/p>\n\n\n\n<p>Dentro da sua programa\u00e7\u00e3o semanal para crian\u00e7as e seus cuidadores, a Biblioteca Nelson Foot (BNF) promove neste s\u00e1bado (10) duas atividades gratuitas em seus espa\u00e7os: das 11h \u00e0s 12h, mais uma sess\u00e3o do projeto \u201cL\u00ea no Ninho\u201d e das 12h \u00e0s 13h, Conta\u00e7\u00e3o de Hist\u00f3ria, com a atriz, contadora de hist\u00f3rias e produtora Luiza Bitencourt.<\/p>\n\n\n\n<figure class=\"wp-block-image size-full\"><img loading=\"lazy\" decoding=\"async\" width=\"1280\" height=\"720\" src=\"https:\/\/jundiai.sp.gov.br\/noticias\/wp-content\/uploads\/sites\/32\/2022\/09\/luizabitencourt-1.jpg\" alt=\"\" class=\"wp-image-301022\" srcset=\"https:\/\/jundiai.sp.gov.br\/noticias\/wp-content\/uploads\/sites\/32\/2022\/09\/luizabitencourt-1.jpg 1280w, https:\/\/jundiai.sp.gov.br\/noticias\/wp-content\/uploads\/sites\/32\/2022\/09\/luizabitencourt-1-300x169.jpg 300w, https:\/\/jundiai.sp.gov.br\/noticias\/wp-content\/uploads\/sites\/32\/2022\/09\/luizabitencourt-1-768x432.jpg 768w\" sizes=\"auto, (max-width: 1280px) 100vw, 1280px\" \/><figcaption>Luiza Bitencourt e Gabriel Pereira se apresentam na Biblioteca<\/figcaption><\/figure>\n\n\n\n<p>O p\u00fablico tamb\u00e9m poder\u00e1 conferir na Galeria Jundia\u00ed, da Biblioteca P\u00fablica Municipal Prof. Nelson Foot (BNF) a exposi\u00e7\u00e3o \u201c Fluindo com os Anjos\u201d, da Design de Interiores Juliana Lopes Ferreira \u2013 Ju Le Fer. Essa mostra, marca a sua estreia no mundo das artes visuais, com suas pinturas abstratas em telas.<\/p>\n\n\n\n<p>A Biblioteca Municipal funciona dentro do Complexo Argos, localizado na avenida Dr. Cavalcanti, 396 \u2013 Vila Arens. Mais informa\u00e7\u00f5es podem ser obtidas pelo telefone (11) 4527-2110.<\/p>\n\n\n\n<p><strong>Expressa (Complexo Fepasa)<\/strong><\/p>\n\n\n\n<p>Das 10h \u00e0s 18h, movimento Slow Kids, com interven\u00e7\u00f5es, conta\u00e7\u00f5es de hist\u00f3rias, shows musicais e atividades com a terra, com incentivo \u00e0s brincadeiras ao ar livre, contato com a natureza e resgate do contato das crian\u00e7as e de seus cuidadores.<\/p>\n\n\n\n<p>A programa\u00e7\u00e3o ser\u00e1 no jardim frontal do Complexo. A Cia. Contando com Encanto apresenta a sua conta\u00e7\u00e3o de hist\u00f3rias na abertura, \u00e0s 10h, e novamente \u00e0s 16h. J\u00e1 o grupo Charanga da Tramp apresenta o seu Cortejo, performance teatral brincante, em dois hor\u00e1rios, \u00e0s 11h e \u00e0s 14h30.<\/p>\n\n\n\n<figure class=\"wp-block-image size-full\"><img loading=\"lazy\" decoding=\"async\" width=\"1200\" height=\"800\" src=\"https:\/\/jundiai.sp.gov.br\/noticias\/wp-content\/uploads\/sites\/32\/2022\/08\/complexo_fepasa_fachada-1200x800-1.jpg\" alt=\"\" class=\"wp-image-298556\" srcset=\"https:\/\/jundiai.sp.gov.br\/noticias\/wp-content\/uploads\/sites\/32\/2022\/08\/complexo_fepasa_fachada-1200x800-1.jpg 1200w, https:\/\/jundiai.sp.gov.br\/noticias\/wp-content\/uploads\/sites\/32\/2022\/08\/complexo_fepasa_fachada-1200x800-1-300x200.jpg 300w, https:\/\/jundiai.sp.gov.br\/noticias\/wp-content\/uploads\/sites\/32\/2022\/08\/complexo_fepasa_fachada-1200x800-1-768x512.jpg 768w, https:\/\/jundiai.sp.gov.br\/noticias\/wp-content\/uploads\/sites\/32\/2022\/08\/complexo_fepasa_fachada-1200x800-1-450x300.jpg 450w\" sizes=\"auto, (max-width: 1200px) 100vw, 1200px\" \/><figcaption>Das 10 \u00e0s 18 horas Complexo Fepasa recebe as atra\u00e7\u00f5es do movimento Slow Kids<\/figcaption><\/figure>\n\n\n\n<p>Pelo conceito \u201cSlow Kids\u201d, s\u00e3o tr\u00eas as interven\u00e7\u00f5es do grupo Loa Terra para o incentivo ao contato da crian\u00e7a com a natureza. \u00c0s 10h30, tem Espiral de Ervas, para a montagem de um canteiro de ervas arom\u00e1ticas no local. J\u00e1 \u00e0s 12h e 15h30 ser\u00e1 a vez da oficina de horta para crian\u00e7as, com o plantio de verduras e legumes. E \u00e0s 13h ter\u00e1 a oficina de Sementes M\u00e1gicas, que ir\u00e1 propor \u00e0 crian\u00e7ada o plantio de sementes em recipientes para levarem para casa e cuidar.<\/p>\n\n\n\n<p>\u00c0s 15h30, na Sala Jundia\u00ed, ser\u00e1 montada a Esta\u00e7\u00e3o Maritaca, instala\u00e7\u00e3o de est\u00fadio de r\u00e1dio cenogr\u00e1fico para que as crian\u00e7as interajam e aprendam mais sobre a hist\u00f3ria do espa\u00e7o.<\/p>\n\n\n\n<p>O show musical de encerramento est\u00e1 previsto para as 17h, com a Banda Beatles para Crian\u00e7as, show de Rock para crian\u00e7as, que, por meio de hist\u00f3rias contadas e cantadas, revisita o repert\u00f3rio da mais famosa banda de Liverpool. Escolha n\u00e3o por acaso: al\u00e9m do sucesso que faz com a crian\u00e7ada, a banda tamb\u00e9m remete \u00e0 inspira\u00e7\u00e3o brit\u00e2nica, presente na arquitetura e motiva\u00e7\u00e3o para a constru\u00e7\u00e3o do Complexo Fepasa.<\/p>\n\n\n\n<p>Ao longo do dia, outras interven\u00e7\u00f5es e brincadeiras tradicionais estar\u00e3o dispon\u00edveis para a crian\u00e7ada, como as esta\u00e7\u00f5es de BrincAR Livre numa Kombi dos Sonhos, cangas para a realiza\u00e7\u00e3o de piquenique e uma esta\u00e7\u00e3o interativa da Loa Terra chamada \u201cDe onde v\u00eam os alimentos\u201d.<\/p>\n\n\n\n<p>Tamb\u00e9m est\u00e1 programada a presen\u00e7a do \u201cHomem Refluxo\u201d, performance art\u00edstica desenvolvida por Peri Pane, que, juntando os res\u00edduos dispensados durante a programa\u00e7\u00e3o em sua capa pl\u00e1stica transparente, trabalha a conscientiza\u00e7\u00e3o dos participantes sobre a produ\u00e7\u00e3o do lixo e a necessidade dos cuidados com o meio ambiente.<\/p>\n\n\n\n<p>O Expressa (Complexo Fepasa) fica, na avenida Uni\u00e3o dos Ferrovi\u00e1rios, 1.760 \u2013 Ponte de Campinas. No local h\u00e1 estacionamento gratuito. Mais informa\u00e7\u00f5es pelo telefone (11) 4589-6800.<\/p>\n\n\n\n<p><strong>F\u00e1brica das Inf\u00e2ncias Japy<\/strong><\/p>\n\n\n\n<p>A F\u00e1brica das Inf\u00e2ncias Japy recebe neste final de semana mais duas programa\u00e7\u00f5es culturais voltadas para o p\u00fablico infantojuvenil, promovida pela Unidade de Gest\u00e3o de Cultura (UGC) pelo programa municipal Cidade das Crian\u00e7as. As atra\u00e7\u00f5es t\u00eam entrada gratuita e s\u00e3o voltadas para crian\u00e7as de quatro a onze anos.<\/p>\n\n\n\n<figure class=\"wp-block-image size-full\"><img loading=\"lazy\" decoding=\"async\" width=\"1280\" height=\"720\" src=\"https:\/\/jundiai.sp.gov.br\/noticias\/wp-content\/uploads\/sites\/32\/2022\/09\/espet-furando-a-lona-3-sel-1.jpg\" alt=\"\" class=\"wp-image-301023\" srcset=\"https:\/\/jundiai.sp.gov.br\/noticias\/wp-content\/uploads\/sites\/32\/2022\/09\/espet-furando-a-lona-3-sel-1.jpg 1280w, https:\/\/jundiai.sp.gov.br\/noticias\/wp-content\/uploads\/sites\/32\/2022\/09\/espet-furando-a-lona-3-sel-1-300x169.jpg 300w, https:\/\/jundiai.sp.gov.br\/noticias\/wp-content\/uploads\/sites\/32\/2022\/09\/espet-furando-a-lona-3-sel-1-768x432.jpg 768w\" sizes=\"auto, (max-width: 1280px) 100vw, 1280px\" \/><figcaption>Respeit\u00e1vel P\u00fablico se apresenta s\u00e1bado na F\u00e1brica<\/figcaption><\/figure>\n\n\n\n<p>Neste s\u00e1bado (10), a partir das 10h30, a Cia. Respeit\u00e1vel P\u00fablico, apresenta &#8220;Furando a Lona&#8221;, um espet\u00e1culo onde&nbsp; Nina, uma contadora de hist\u00f3rias que ao recordar sua inf\u00e2ncia lembra-se de um dia de aventura quando morava em sua antiga cidade com sua av\u00f3. Nina resolve furar uma lona de circo que tinha pr\u00f3ximo da sua casa e espia o universo circense, l\u00e1 conhece o apresentador do circo e juntos desvendam todas as hist\u00f3rias e n\u00fameros apresentados dentro de narrativas l\u00fadicas e que contam com a participa\u00e7\u00e3o da plateia.&nbsp; No espet\u00e1culo ainda s\u00e3o apresentados n\u00fameros de malabarismo, contor\u00e7\u00e3o, m\u00e1gica e teatro de palitos, tudo isso dentro de um cen\u00e1rio colorido e l\u00fadico.<\/p>\n\n\n\n<p>J\u00e1 no domingo (11), tamb\u00e9m a partir das 10h30, a programa\u00e7\u00e3o traz o ator Andr\u00e9 Farias com o espet\u00e1culo \u201c Enrolado\u201d, onde Rolo, um diretor de cinema, chega antes do elenco ao local onde ser\u00e1 gravado o filme, \u201cMargarina e o sumi\u00e7o de Manteiga\u201d e, como o elenco demora para chegar, ele conversa com a plateia e explica o que vai acontecer. Aproveita para montar o cen\u00e1rio, quando de repente, recebe algumas liga\u00e7\u00f5es. A primeira \u00e9 de seu Diretor Geral, bravo homem, perguntando se est\u00e1 tudo correto para o in\u00edcio da grava\u00e7\u00e3o do filme, pois, nesse dia, o maior astro do cinema ir\u00e1 assistir. As outras liga\u00e7\u00f5es s\u00e3o do elenco dizendo que tiveram diversos contratempos e que n\u00e3o chegar\u00e3o para a grava\u00e7\u00e3o. Desesperado, &#8220;Rolo&#8221; se depara com a responsabilidade de fazer o filme. Ent\u00e3o, explica divertidamente par o p\u00fablico os conceitos do teatro como interpreta\u00e7\u00e3o, voz, entona\u00e7\u00e3o, escolhe o elenco na hora, ensaia, coloca adere\u00e7os e junto com a plateia, realizam o filme.<\/p>\n\n\n\n<figure class=\"wp-block-image size-full\"><img loading=\"lazy\" decoding=\"async\" width=\"1002\" height=\"795\" src=\"https:\/\/jundiai.sp.gov.br\/noticias\/wp-content\/uploads\/sites\/32\/2022\/09\/enroladoss.jpeg\" alt=\"\" class=\"wp-image-301024\" srcset=\"https:\/\/jundiai.sp.gov.br\/noticias\/wp-content\/uploads\/sites\/32\/2022\/09\/enroladoss.jpeg 1002w, https:\/\/jundiai.sp.gov.br\/noticias\/wp-content\/uploads\/sites\/32\/2022\/09\/enroladoss-300x238.jpeg 300w, https:\/\/jundiai.sp.gov.br\/noticias\/wp-content\/uploads\/sites\/32\/2022\/09\/enroladoss-768x609.jpeg 768w\" sizes=\"auto, (max-width: 1002px) 100vw, 1002px\" \/><figcaption>O ator Andr\u00e9 Farias apresenta &#8220;Enrolados&#8221; na F\u00e1brica Japy<\/figcaption><\/figure>\n\n\n\n<p>A F\u00e1brica das Inf\u00e2ncias Japy fica na rua Lacerda Franco, 175, Vila Arens.&nbsp; A entrada \u00e9 gratuita e ser\u00e1 permitida somente at\u00e9 30 minutos antes do hor\u00e1rio de fechamento. Mais informa\u00e7\u00f5es pelo telefone (11) 4521-0971<\/p>\n\n\n\n<p><strong>Museu Hist\u00f3rico e Cultural de Jundia\u00ed \u2013 Solar do Bar\u00e3o<\/strong><br><br>O p\u00fablico poder\u00e1 visitar os jardins do local durante o final de semana sempre das 10h \u00e0s 17h. A entrada \u00e9 gratuita. &nbsp;Nesta visita ser\u00e1 poss\u00edvel conhecer as instala\u00e7\u00f5es do programa municipal Cidade das Crian\u00e7as e da campanha \u201cJundia\u00ed P\u00e9 de Inf\u00e2ncia\u201d, com os conceitos da Rede Urban95.<\/p>\n\n\n\n<p>J\u00e1 as salas que comp\u00f5em o Museu permanecem fechadas pois est\u00e3o sendo preparadas para uma nova exposi\u00e7\u00e3o a ser aberta ao p\u00fablico nos pr\u00f3ximos dias. O Museu funciona de ter\u00e7a a domingo, sempre das 10h \u00e0s 17h e est\u00e1 localizado na rua Bar\u00e3o de Jundia\u00ed, 762, Centro. Mais informa\u00e7\u00f5es pelo telefone (11) 4521-6259<\/p>\n\n\n\n<figure class=\"wp-block-image size-large\"><img loading=\"lazy\" decoding=\"async\" width=\"1160\" height=\"773\" src=\"https:\/\/jundiai.sp.gov.br\/noticias\/wp-content\/uploads\/sites\/32\/2017\/07\/solar_do_Barao_Jardim-22-1160x773.jpg\" alt=\"\" class=\"wp-image-201262\" srcset=\"https:\/\/jundiai.sp.gov.br\/noticias\/wp-content\/uploads\/sites\/32\/2017\/07\/solar_do_Barao_Jardim-22-1160x773.jpg 1160w, https:\/\/jundiai.sp.gov.br\/noticias\/wp-content\/uploads\/sites\/32\/2017\/07\/solar_do_Barao_Jardim-22-300x200.jpg 300w, https:\/\/jundiai.sp.gov.br\/noticias\/wp-content\/uploads\/sites\/32\/2017\/07\/solar_do_Barao_Jardim-22-768x512.jpg 768w, https:\/\/jundiai.sp.gov.br\/noticias\/wp-content\/uploads\/sites\/32\/2017\/07\/solar_do_Barao_Jardim-22.jpg 1280w\" sizes=\"auto, (max-width: 1160px) 100vw, 1160px\" \/><figcaption>Al\u00e9m de revitalizados, jardins foram reabertos com acesso direto pelo Cal\u00e7ad\u00e3o da rua Bar\u00e3o de Jundia\u00ed\n<\/figcaption><\/figure>\n\n\n\n<p><strong>Pinacoteca<\/strong><\/p>\n\n\n\n<p>Aberta no final de semana das 10h \u00e0s 17h. O p\u00fablico poder\u00e1 conferir as exposi\u00e7\u00f5es: \u201cAl\u00e9m do Vis\u00edvel\u201d, da artista Mariana Morishita e \u201cPatrim\u00f4nio em Xeque#\u201d, de Isabela Moreno, ambos projetos selecionados pelo edital lan\u00e7ado pela Funda\u00e7\u00e3o Casa da Cultura, para a temporada 2022 de Artes Visuais da IV Expoartes no Centro Jundiaiense de Cultura, podem ser visitadas pelo p\u00fablico.<\/p>\n\n\n\n<figure class=\"wp-block-image size-full\"><img loading=\"lazy\" decoding=\"async\" width=\"1260\" height=\"799\" src=\"https:\/\/jundiai.sp.gov.br\/noticias\/wp-content\/uploads\/sites\/32\/2022\/09\/pinacoteca-4.jpg\" alt=\"\" class=\"wp-image-300774\" srcset=\"https:\/\/jundiai.sp.gov.br\/noticias\/wp-content\/uploads\/sites\/32\/2022\/09\/pinacoteca-4.jpg 1260w, https:\/\/jundiai.sp.gov.br\/noticias\/wp-content\/uploads\/sites\/32\/2022\/09\/pinacoteca-4-300x190.jpg 300w, https:\/\/jundiai.sp.gov.br\/noticias\/wp-content\/uploads\/sites\/32\/2022\/09\/pinacoteca-4-768x487.jpg 768w\" sizes=\"auto, (max-width: 1260px) 100vw, 1260px\" \/><figcaption>Na Pinacoteca tr\u00eas exposi\u00e7\u00f5es podem ser visitadas pelo p\u00fablico al\u00e9m das obras do acervo permanente<\/figcaption><\/figure>\n\n\n\n<p>Tamb\u00e9m a exposi\u00e7\u00e3o \u201cCorpes Prov\u00e1veis\u201d, da artista Bella Tozini, que chega em Jundia\u00ed por meio do Programa de A\u00e7\u00e3o Cultural \u2013 ProAc, da Secretaria de Cultura e Economia Criativa do Estado de S\u00e3o Paulo, pode ser visitada na Pinacoteca. A classifica\u00e7\u00e3o indicativa \u00e9 de 16 anos. \u201cCorpes Prov\u00e1veis\u201d re\u00fane retratos de pessoas da comunidade LGBTQIA + com express\u00f5es dissidentes, em seus momentos mais privados e ocasionalmente vulner\u00e1veis, muitas vezes em espa\u00e7os dom\u00e9sticos.<\/p>\n\n\n\n<p>O visitante poder\u00e1 conhecer tamb\u00e9m, as obras dos artistas Di\u00f3genes Duarte Paes (patrono da Pinacoteca), com suas famosas aquarelas e tamb\u00e9m, as obras dos consagrados artistas Elvio Santiago e Inos Corradin, que comp\u00f5em o acervo permanente da Pinacoteca.<\/p>\n\n\n\n<p>A Pinacoteca Municipal Di\u00f3genes Duarte Paes est\u00e1 localizada no Centro Jundiaiense de Cultura Josefina Rodrigues da Silva (Jorosil), \u00e0 rua Bar\u00e3o de Jundia\u00ed, 109, Centro. Mais informa\u00e7\u00f5es pelo telefone (11) 4586-2326.<\/p>\n\n\n\n<p><strong>Polytheama<\/strong><strong><\/strong><\/p>\n\n\n\n<p>O teatro recebe neste s\u00e1bado (10), a Orquestra Sinf\u00f4nica Municipal de Jundiai, para um concerto em comemora\u00e7\u00e3o aos 200 anos da Independ\u00eancia do Brasil.<\/p>\n\n\n\n<p>A apresenta\u00e7\u00e3o contar\u00e1 ainda com as participa\u00e7\u00f5es especiais da soprano Regiane Martinez e do Madrigal Vivace. No programa, constam pe\u00e7as de autoria de Dom Pedro I.<\/p>\n\n\n\n<p>A entrada \u00e9 gratuita e os ingressos \u2013 dois por pessoa \u2013 podem ser retirados na bilheteria do teatro ou pela Internet, na <a href=\"https:\/\/www.sympla.com.br\/\" target=\"_blank\" rel=\"noreferrer noopener\">plataforma Sympla.<\/a><\/p>\n\n\n\n<p>No domingo, a partir das 15h, a apresenta\u00e7\u00e3o do espet\u00e1culo infantil \u201cEncanto \u2013 O Musical\u201d. Os ingressos podem ser adquiridos na bilheteria do teatro ou pela internet na plataforma Sympla. Mais informa\u00e7\u00f5es (11) 4586-2472.<\/p>\n\n\n\n<p><strong>Galeria de Arte Fernanda Perracini Milani (anexa ao Polytheama)<\/strong><\/p>\n\n\n\n<p>No local est\u00e1 acontecendo a exposi\u00e7\u00e3o \u201cFerida Aberta\u201d, do artista pl\u00e1stico Vulgoxis. O hor\u00e1rio de visita\u00e7\u00e3o aos s\u00e1bados \u00e9 das 10h \u00e0s 13h. Entrada gr\u00e1tis.<\/p>\n\n\n\n<figure class=\"wp-block-image size-full\"><img loading=\"lazy\" decoding=\"async\" width=\"1280\" height=\"853\" src=\"https:\/\/jundiai.sp.gov.br\/noticias\/wp-content\/uploads\/sites\/32\/2022\/09\/exposicao_ferida_aberta_galeria_polytheama-58-1.jpg\" alt=\"\" class=\"wp-image-301025\" srcset=\"https:\/\/jundiai.sp.gov.br\/noticias\/wp-content\/uploads\/sites\/32\/2022\/09\/exposicao_ferida_aberta_galeria_polytheama-58-1.jpg 1280w, https:\/\/jundiai.sp.gov.br\/noticias\/wp-content\/uploads\/sites\/32\/2022\/09\/exposicao_ferida_aberta_galeria_polytheama-58-1-300x200.jpg 300w, https:\/\/jundiai.sp.gov.br\/noticias\/wp-content\/uploads\/sites\/32\/2022\/09\/exposicao_ferida_aberta_galeria_polytheama-58-1-768x512.jpg 768w, https:\/\/jundiai.sp.gov.br\/noticias\/wp-content\/uploads\/sites\/32\/2022\/09\/exposicao_ferida_aberta_galeria_polytheama-58-1-450x300.jpg 450w\" sizes=\"auto, (max-width: 1280px) 100vw, 1280px\" \/><figcaption>Uma das obras em exposi\u00e7\u00e3o na Galeria do Polytheama<\/figcaption><\/figure>\n\n\n\n<p><strong>Pracinha da Cultura antigo<\/strong> <strong>CEU das Artes<\/strong> <\/p>\n\n\n\n<p>Nesta sexta-feira (09), tem sess\u00e3o de cinema do projeto Super Tela, a partir das 19h, com entrada gratuita. O filme desta semana \u00e9 \u201cA b\u00fassola de ouro\u201d, que tem classifica\u00e7\u00e3o indicativa Livre. A entrada \u00e9 por ordem de chegada e s\u00e3o 40 lugares.  O espa\u00e7o cultural est\u00e1 localizado na rua Cabo Edvaldo Quirino Santana, 46-110. Mais informa\u00e7\u00f5es 4521-6193.<\/p>\n\n\n\n<figure class=\"wp-block-image size-large\"><img loading=\"lazy\" decoding=\"async\" width=\"1280\" height=\"853\" src=\"https:\/\/jundiai.sp.gov.br\/noticias\/wp-content\/uploads\/sites\/32\/2020\/03\/ceu_das_artes-137-1280x853.jpg\" alt=\"\" class=\"wp-image-246859\" srcset=\"https:\/\/jundiai.sp.gov.br\/noticias\/wp-content\/uploads\/sites\/32\/2020\/03\/ceu_das_artes-137-1280x853.jpg 1280w, https:\/\/jundiai.sp.gov.br\/noticias\/wp-content\/uploads\/sites\/32\/2020\/03\/ceu_das_artes-137-300x200.jpg 300w, https:\/\/jundiai.sp.gov.br\/noticias\/wp-content\/uploads\/sites\/32\/2020\/03\/ceu_das_artes-137-768x512.jpg 768w, https:\/\/jundiai.sp.gov.br\/noticias\/wp-content\/uploads\/sites\/32\/2020\/03\/ceu_das_artes-137-450x300.jpg 450w, https:\/\/jundiai.sp.gov.br\/noticias\/wp-content\/uploads\/sites\/32\/2020\/03\/ceu_das_artes-137.jpg 1323w\" sizes=\"auto, (max-width: 1280px) 100vw, 1280px\" \/><figcaption>CEU do Vista Alegre tem sess\u00e3o de cinema gratuita toda sexta-feira<\/figcaption><\/figure>\n\n\n\n<p><strong>Assessoria de Imprensa<\/strong><br><strong>Fotos: Fot\u00f3grafos PMJ\/Divulga\u00e7\u00e3o<\/strong><\/p>\n","protected":false},"excerpt":{"rendered":"<p>Ap\u00f3s um longo per\u00edodo de portas fechadas para visita\u00e7\u00e3o do p\u00fablico, o Museu da Cia. Paulista &#8211; Museu Ferrovi\u00e1rio, &#8211; no antigo Complexo Fepasa, que agora passa a ser chamado de Expressa &#8211; est\u00e1 aberto a partir deste s\u00e1bado (10), das 10h \u00e0s 17h, com entrada gratuita. O local que passou por reforma e readequa\u00e7\u00e3o [&hellip;]<\/p>\n","protected":false},"author":83,"featured_media":300818,"comment_status":"closed","ping_status":"0","sticky":false,"template":"","format":"standard","meta":{"footnotes":""},"categories":[2],"tags":[505,894,29,449,2251,56,450,290,370,3165,1488],"ods":[],"class_list":["post-301021","post","type-post","status-publish","format-standard","has-post-thumbnail","hentry","category-noticias","tag-biblioteca-municipal-professor-nelson-foot","tag-ceu-das-artes-do-vista-alegre","tag-cultura","tag-espaco-expressa","tag-fabrica-das-infancias-japy","tag-galeria-de-arte-fernanda-perracini-milani","tag-museu-dos-ferroviarios","tag-museu-historico-e-cultural-solar-do-barao","tag-pinacoteca-municipal-diogenes-duarte-paes","tag-polytheama","tag-solar-do-barao"],"_links":{"self":[{"href":"https:\/\/jundiai.sp.gov.br\/noticias\/wp-json\/wp\/v2\/posts\/301021","targetHints":{"allow":["GET"]}}],"collection":[{"href":"https:\/\/jundiai.sp.gov.br\/noticias\/wp-json\/wp\/v2\/posts"}],"about":[{"href":"https:\/\/jundiai.sp.gov.br\/noticias\/wp-json\/wp\/v2\/types\/post"}],"author":[{"embeddable":true,"href":"https:\/\/jundiai.sp.gov.br\/noticias\/wp-json\/wp\/v2\/users\/83"}],"replies":[{"embeddable":true,"href":"https:\/\/jundiai.sp.gov.br\/noticias\/wp-json\/wp\/v2\/comments?post=301021"}],"version-history":[{"count":5,"href":"https:\/\/jundiai.sp.gov.br\/noticias\/wp-json\/wp\/v2\/posts\/301021\/revisions"}],"predecessor-version":[{"id":302621,"href":"https:\/\/jundiai.sp.gov.br\/noticias\/wp-json\/wp\/v2\/posts\/301021\/revisions\/302621"}],"wp:featuredmedia":[{"embeddable":true,"href":"https:\/\/jundiai.sp.gov.br\/noticias\/wp-json\/wp\/v2\/media\/300818"}],"wp:attachment":[{"href":"https:\/\/jundiai.sp.gov.br\/noticias\/wp-json\/wp\/v2\/media?parent=301021"}],"wp:term":[{"taxonomy":"category","embeddable":true,"href":"https:\/\/jundiai.sp.gov.br\/noticias\/wp-json\/wp\/v2\/categories?post=301021"},{"taxonomy":"post_tag","embeddable":true,"href":"https:\/\/jundiai.sp.gov.br\/noticias\/wp-json\/wp\/v2\/tags?post=301021"},{"taxonomy":"ods","embeddable":true,"href":"https:\/\/jundiai.sp.gov.br\/noticias\/wp-json\/wp\/v2\/ods?post=301021"}],"curies":[{"name":"wp","href":"https:\/\/api.w.org\/{rel}","templated":true}]}}