{"id":301160,"date":"2022-09-12T17:35:16","date_gmt":"2022-09-12T20:35:16","guid":{"rendered":"https:\/\/jundiai.sp.gov.br\/noticias\/?p=301160"},"modified":"2022-09-12T17:50:57","modified_gmt":"2022-09-12T20:50:57","slug":"capacitacao-sobre-formacao-de-leitores-reune-profissionais-da-regiao-na-biblioteca-municipal","status":"publish","type":"post","link":"https:\/\/jundiai.sp.gov.br\/noticias\/2022\/09\/12\/capacitacao-sobre-formacao-de-leitores-reune-profissionais-da-regiao-na-biblioteca-municipal\/","title":{"rendered":"Capacita\u00e7\u00e3o sobre forma\u00e7\u00e3o de leitores re\u00fane profissionais da regi\u00e3o na Biblioteca Municipal"},"content":{"rendered":"\n<p>Cerca de 30 profissionais, entre bibliotec\u00e1rios e professores de toda a regi\u00e3o, participam ao longo desta segunda-feira (12) de uma capacita\u00e7\u00e3o na Biblioteca Municipal Professor Nelson Foot sobre forma\u00e7\u00e3o de leitores por meio de media\u00e7\u00e3o l\u00fadica.<\/p>\n\n\n\n<p>Com tema \u201cLer, mediar e narrar: a forma\u00e7\u00e3o de leitores liter\u00e1rios\u201d, o encontro foi mediado pelo professor doutor Cleber Fabiano e foi promovido pelo Sistema Estadual de Bibliotecas P\u00fablicas de S\u00e3o Paulo (SisEB), da Secretaria de Cultura e Economia Criativa do Estado de S\u00e3o Paulo.<\/p>\n\n\n\n<p>Como explica a bibliotec\u00e1ria Michele Bueno, a capacita\u00e7\u00e3o foi viabilizada a Jundia\u00ed a pedido da Biblioteca, por meio de inscri\u00e7\u00e3o em edital. \u201cSolicitamos a vinda de um profissional que compartilhasse a arte de mediar hist\u00f3rias e fomos contemplados com a vinda do professor Fabiano, que j\u00e1 desenvolve um trabalho de jogos liter\u00e1rios para o est\u00edmulo \u00e0 leitura. Como a proposta \u00e9 a forma\u00e7\u00e3o de equipes de toda a regi\u00e3o, fizemos contato tamb\u00e9m com as bibliotecas de Munic\u00edpios do entorno, como Itatiba, V\u00e1rzea Paulista, Campinas, Jarinu, entre outros, para que tamb\u00e9m pudessem participar\u201d.<\/p>\n\n\n\n<p>Para o gestor da Unidade de Gest\u00e3o de Cultura (UGC), Marcelo Peroni, a forma\u00e7\u00e3o vai ao encontro do trabalho que j\u00e1 vem sendo desenvolvido pela Biblioteca. \u201cAl\u00e9m de todas as iniciativas de incentivo \u00e0 leitura, a Biblioteca passou a contar com programa\u00e7\u00f5es gratuitas aos s\u00e1bados com este mesmo objetivo, por meio do programa municipal Cidade das Crian\u00e7as. Por meio desta capacita\u00e7\u00e3o, esperamos que estes profissionais e demais interessados participem tamb\u00e9m cada vez mais da nossa programa\u00e7\u00e3o e a divulguem entre os seus pequenos leitores\u201d, comentou.<\/p>\n\n\n\n<figure class=\"wp-block-image size-full\"><img loading=\"lazy\" decoding=\"async\" width=\"1280\" height=\"853\" src=\"https:\/\/jundiai.sp.gov.br\/noticias\/wp-content\/uploads\/sites\/32\/2022\/09\/capacitacao-leitura-biblioteca_fm_-18.jpg\" alt=\"Audit\u00f3rio da Biblioteca Municipal, com poltronas de estofado azul, carpetes de ch\u00e3o e parede cinzas, ilumina\u00e7\u00e3o no teto, e pessoas sentadas assistindo \u00e0 apresenta\u00e7\u00e3o de um homem de p\u00e9, falando, gesticulando e segurando microfone\" class=\"wp-image-301162\" srcset=\"https:\/\/jundiai.sp.gov.br\/noticias\/wp-content\/uploads\/sites\/32\/2022\/09\/capacitacao-leitura-biblioteca_fm_-18.jpg 1280w, https:\/\/jundiai.sp.gov.br\/noticias\/wp-content\/uploads\/sites\/32\/2022\/09\/capacitacao-leitura-biblioteca_fm_-18-300x200.jpg 300w, https:\/\/jundiai.sp.gov.br\/noticias\/wp-content\/uploads\/sites\/32\/2022\/09\/capacitacao-leitura-biblioteca_fm_-18-768x512.jpg 768w, https:\/\/jundiai.sp.gov.br\/noticias\/wp-content\/uploads\/sites\/32\/2022\/09\/capacitacao-leitura-biblioteca_fm_-18-450x300.jpg 450w\" sizes=\"auto, (max-width: 1280px) 100vw, 1280px\" \/><figcaption>Forma\u00e7\u00e3o no audit\u00f3rio segue ao longo do dia para a equipe da Biblioteca e demais inscritos gratuitamente <\/figcaption><\/figure>\n\n\n\n<p><strong>Assessoria de Imprensa<br>Foto: Fot\u00f3grafos PMJ<\/strong><\/p>\n","protected":false},"excerpt":{"rendered":"<p>Cerca de 30 profissionais, entre bibliotec\u00e1rios e professores de toda a regi\u00e3o, participam ao longo desta segunda-feira (12) de uma capacita\u00e7\u00e3o na Biblioteca Municipal Professor Nelson Foot sobre forma\u00e7\u00e3o de leitores por meio de media\u00e7\u00e3o l\u00fadica. Com tema \u201cLer, mediar e narrar: a forma\u00e7\u00e3o de leitores liter\u00e1rios\u201d, o encontro foi mediado pelo professor doutor Cleber [&hellip;]<\/p>\n","protected":false},"author":14,"featured_media":301162,"comment_status":"closed","ping_status":"0","sticky":false,"template":"","format":"standard","meta":{"footnotes":""},"categories":[2],"tags":[505,29],"ods":[],"class_list":["post-301160","post","type-post","status-publish","format-standard","has-post-thumbnail","hentry","category-noticias","tag-biblioteca-municipal-professor-nelson-foot","tag-cultura"],"_links":{"self":[{"href":"https:\/\/jundiai.sp.gov.br\/noticias\/wp-json\/wp\/v2\/posts\/301160","targetHints":{"allow":["GET"]}}],"collection":[{"href":"https:\/\/jundiai.sp.gov.br\/noticias\/wp-json\/wp\/v2\/posts"}],"about":[{"href":"https:\/\/jundiai.sp.gov.br\/noticias\/wp-json\/wp\/v2\/types\/post"}],"author":[{"embeddable":true,"href":"https:\/\/jundiai.sp.gov.br\/noticias\/wp-json\/wp\/v2\/users\/14"}],"replies":[{"embeddable":true,"href":"https:\/\/jundiai.sp.gov.br\/noticias\/wp-json\/wp\/v2\/comments?post=301160"}],"version-history":[{"count":4,"href":"https:\/\/jundiai.sp.gov.br\/noticias\/wp-json\/wp\/v2\/posts\/301160\/revisions"}],"predecessor-version":[{"id":301183,"href":"https:\/\/jundiai.sp.gov.br\/noticias\/wp-json\/wp\/v2\/posts\/301160\/revisions\/301183"}],"wp:featuredmedia":[{"embeddable":true,"href":"https:\/\/jundiai.sp.gov.br\/noticias\/wp-json\/wp\/v2\/media\/301162"}],"wp:attachment":[{"href":"https:\/\/jundiai.sp.gov.br\/noticias\/wp-json\/wp\/v2\/media?parent=301160"}],"wp:term":[{"taxonomy":"category","embeddable":true,"href":"https:\/\/jundiai.sp.gov.br\/noticias\/wp-json\/wp\/v2\/categories?post=301160"},{"taxonomy":"post_tag","embeddable":true,"href":"https:\/\/jundiai.sp.gov.br\/noticias\/wp-json\/wp\/v2\/tags?post=301160"},{"taxonomy":"ods","embeddable":true,"href":"https:\/\/jundiai.sp.gov.br\/noticias\/wp-json\/wp\/v2\/ods?post=301160"}],"curies":[{"name":"wp","href":"https:\/\/api.w.org\/{rel}","templated":true}]}}