{"id":301401,"date":"2022-09-18T08:02:00","date_gmt":"2022-09-18T11:02:00","guid":{"rendered":"https:\/\/jundiai.sp.gov.br\/noticias\/?p=301401"},"modified":"2023-01-16T11:02:32","modified_gmt":"2023-01-16T14:02:32","slug":"rede-municipal-de-jundiai-e-a-unica-do-brasil-selecionada-para-evento-internacional","status":"publish","type":"post","link":"https:\/\/jundiai.sp.gov.br\/noticias\/2022\/09\/18\/rede-municipal-de-jundiai-e-a-unica-do-brasil-selecionada-para-evento-internacional\/","title":{"rendered":"Rede municipal de Jundia\u00ed \u00e9 a \u00fanica do Brasil selecionada para evento internacional"},"content":{"rendered":"\n<p>Jundia\u00ed foi escolhida para apresentar, em evento internacional que mostrar\u00e1 abordagens bem-sucedidas e estrat\u00e9gias para tornar os jardins das escolas mais verdes, a experi\u00eancia do Desemparedamento da Escola, desenvolvido pela Prefeitura, por meio da Unidade de Gest\u00e3o de Educa\u00e7\u00e3o (UGE) &#8211; dentro do programa Escola Inovadora. Sendo a \u00fanica rede de ensino do Brasil, tamb\u00e9m participam organiza\u00e7\u00f5es de todo o mundo, como a UNESCO Paris, a Comiss\u00e3o Alem\u00e3 para a UNESCO, a Bangladesh\/Cardiff University, o movimento Quintais Brincantes, a Funda\u00e7\u00e3o P\u00e1tio Vivo do Chile e a Evergreen\/Climate Ready Schools do Canad\u00e1.<br><br>O evento \u201cGlobal Lessons on Greening School Grounds &amp; Outdoor Learning\u201d, organizado pela Children &amp; Nature Network \u2013 institui\u00e7\u00e3o que visa engajar l\u00edderes e profissionais de todo o mundo e apoia uma agenda de a\u00e7\u00e3o global para garantir que todas as crian\u00e7as e comunidades tenham acesso a terrenos escolares verdes e aprendizado ao ar livre -, ser\u00e1 ao vivo e ter\u00e1 24 horas de dura\u00e7\u00e3o, com in\u00edcio neste domingo (18). O projeto da UGE ser\u00e1 apresentado na segunda-feira (19), \u00e0s 11h, pelo prefeito Luiz Fernando Machado e pela gestora de Educa\u00e7\u00e3o, professora Vast\u00ed Ferrari Marques. Ao todo, ser\u00e3o 24 lives com transmiss\u00e3o pelo <a href=\"https:\/\/www.facebook.com\/childrenandnature\">Facebook da institui\u00e7\u00e3o<\/a> e pelo <a href=\"https:\/\/www.instagram.com\/escolainovadora\/\">Instagram do Escola Inovadora<\/a>. <br><br>Concomitante as lives, as lideran\u00e7as mundiais da ONU estar\u00e3o reunidas em Nova York para celebrar o 75\u00ba anivers\u00e1rio da Conven\u00e7\u00e3o de Salzburg que trata dos benef\u00edcios das escolas verdes e oferece oportunidades para abordar quest\u00f5es relacionadas \u00e0s mudan\u00e7as clim\u00e1ticas e \u00e0 resili\u00eancia.<\/p>\n\n\n\n<figure class=\"wp-block-image size-full\"><img loading=\"lazy\" decoding=\"async\" width=\"1280\" height=\"853\" src=\"https:\/\/jundiai.sp.gov.br\/noticias\/wp-content\/uploads\/sites\/32\/2022\/09\/emeb-fabio-de-mendes-130.jpg\" alt=\"\" class=\"wp-image-301407\" srcset=\"https:\/\/jundiai.sp.gov.br\/noticias\/wp-content\/uploads\/sites\/32\/2022\/09\/emeb-fabio-de-mendes-130.jpg 1280w, https:\/\/jundiai.sp.gov.br\/noticias\/wp-content\/uploads\/sites\/32\/2022\/09\/emeb-fabio-de-mendes-130-300x200.jpg 300w, https:\/\/jundiai.sp.gov.br\/noticias\/wp-content\/uploads\/sites\/32\/2022\/09\/emeb-fabio-de-mendes-130-768x512.jpg 768w, https:\/\/jundiai.sp.gov.br\/noticias\/wp-content\/uploads\/sites\/32\/2022\/09\/emeb-fabio-de-mendes-130-450x300.jpg 450w\" sizes=\"auto, (max-width: 1280px) 100vw, 1280px\" \/><figcaption class=\"wp-element-caption\">O Desemparedamento da Escola trouxe inova\u00e7\u00e3o e resulta em educa\u00e7\u00e3o de qualidade.<\/figcaption><\/figure>\n\n\n\n<p><strong>Refer\u00eancia<\/strong><br>Desde 2020, Jundia\u00ed se tornou refer\u00eancia nacional com o Desemparedamento da Escola, que preconiza que as crian\u00e7as da rede municipal de ensino desenvolvam atividades com e na natureza, ao ar livre e em espa\u00e7os abertos e arborizados dentro da pr\u00f3pria escola e tamb\u00e9m fora dela como nas pra\u00e7as dos bairros, nos Complexos Esportivos e no Mundo das Crian\u00e7as. O projeto est\u00e1 alinhado com a preocupa\u00e7\u00e3o da Organiza\u00e7\u00e3o Mundial da Sa\u00fade, que tem alertado para os perigos das doen\u00e7as que passaram a ser comuns entre crian\u00e7as como: sedentarismo, obesidade, diabetes, entre outras.<br><br>\u201cA cidade j\u00e1 pensava em pol\u00edticas p\u00fablicas para a inf\u00e2ncia a partir da integra\u00e7\u00e3o de diversos setores, por meio do nosso Programa Escola Inovadora e tamb\u00e9m do Programa \u201cCrian\u00e7a e Natureza\u201d do Instituto Alana, desenvolvido no Munic\u00edpio em parceria com a Prefeitura. Diante do cen\u00e1rio instalado pela pandemia de Covid-19, aceleramos a busca por novas iniciativas e desenvolvemos um novo olhar para pensar o ensino e a aprendizagem, levando em conta a pot\u00eancia das inf\u00e2ncias e dos educadores, e considerando que a experi\u00eancia que passa pelo corpo, permanece por toda a vida. O projeto que adotamos ganhou destaque na imprensa nacional e est\u00e1 sendo tamb\u00e9m levado para fora do Pa\u00eds como uma experi\u00eancia exitosa\u201d, destaca Vast\u00ed.<\/p>\n\n\n\n<figure class=\"wp-block-image size-full\"><img loading=\"lazy\" decoding=\"async\" width=\"1280\" height=\"854\" src=\"https:\/\/jundiai.sp.gov.br\/noticias\/wp-content\/uploads\/sites\/32\/2022\/09\/mundo_das_criancas_desemparedamento_revista-824.jpg\" alt=\"\" class=\"wp-image-301408\" srcset=\"https:\/\/jundiai.sp.gov.br\/noticias\/wp-content\/uploads\/sites\/32\/2022\/09\/mundo_das_criancas_desemparedamento_revista-824.jpg 1280w, https:\/\/jundiai.sp.gov.br\/noticias\/wp-content\/uploads\/sites\/32\/2022\/09\/mundo_das_criancas_desemparedamento_revista-824-300x200.jpg 300w, https:\/\/jundiai.sp.gov.br\/noticias\/wp-content\/uploads\/sites\/32\/2022\/09\/mundo_das_criancas_desemparedamento_revista-824-768x512.jpg 768w, https:\/\/jundiai.sp.gov.br\/noticias\/wp-content\/uploads\/sites\/32\/2022\/09\/mundo_das_criancas_desemparedamento_revista-824-450x300.jpg 450w\" sizes=\"auto, (max-width: 1280px) 100vw, 1280px\" \/><figcaption class=\"wp-element-caption\">O Mundo das Crian\u00e7as, os parques e os Centros Esportivos s\u00e3o locais de aprendizagem<\/figcaption><\/figure>\n\n\n\n<p><strong>Concurso<\/strong><br>A Children &amp; Nature Network escolheu os participantes para as lives a partir de um concurso, em que participaram 250 institui\u00e7\u00f5es, com universidades, institui\u00e7\u00f5es p\u00fablicas e privadas, e ONGs do mundo. Das 13 pr\u00e1ticas selecionadas, tr\u00eas foram consideradas as mais completas ao dialogar com os eixos: Brincar, Sa\u00fade e Bem-Estar; Resili\u00eancia Clim\u00e1tica e Biodiversidade; e Engajamento da Comunidade e Educa\u00e7\u00e3o. O Desemparedamento da Escola \u00e9 uma delas.<br><br>\u201cO Desemparedamento da Escola une dois movimentos adotados pelo Munic\u00edpio: ser a cidade das crian\u00e7as e inserir as crian\u00e7as em ambientes preservados de natureza. \u00c9 um projeto que trouxe inova\u00e7\u00e3o em um momento dif\u00edcil, de pandemia, e que resulta em educa\u00e7\u00e3o de qualidade. \u00c9 uma experi\u00eancia importante e que deve ser compartilhada. Essa participa\u00e7\u00e3o, em um evento com grandes institui\u00e7\u00f5es ligadas ao tema, tamb\u00e9m vem ao encontro da proposta de internacionalizar Jundia\u00ed\u201d, enfatiza o prefeito Luiz Fernando Machado.<br><br>A Prefeitura, al\u00e9m do convite para o evento, tamb\u00e9m recebeu da organiza\u00e7\u00e3o mil d\u00f3lares, que ser\u00e3o destinados para a aquisi\u00e7\u00e3o de brinquedos naturalizados. Um v\u00eddeo da UGE tamb\u00e9m ser\u00e1 disponibilizado no site da Children &amp; Nature Network.<\/p>\n\n\n\n<p><strong>Assessoria de Imprensa<br>Foto: Fot\u00f3grafos PMJ<\/strong> <\/p>\n","protected":false},"excerpt":{"rendered":"<p>Jundia\u00ed foi escolhida para apresentar, em evento internacional que mostrar\u00e1 abordagens bem-sucedidas e estrat\u00e9gias para tornar os jardins das escolas mais verdes, a experi\u00eancia do Desemparedamento da Escola, desenvolvido pela Prefeitura, por meio da Unidade de Gest\u00e3o de Educa\u00e7\u00e3o (UGE) &#8211; dentro do programa Escola Inovadora. Sendo a \u00fanica rede de ensino do Brasil, tamb\u00e9m [&hellip;]<\/p>\n","protected":false},"author":50,"featured_media":0,"comment_status":"closed","ping_status":"0","sticky":false,"template":"","format":"standard","meta":{"footnotes":""},"categories":[2],"tags":[2348,6,1061,1436],"ods":[],"class_list":["post-301401","post","type-post","status-publish","format-standard","hentry","category-noticias","tag-desemparedamento-da-escola","tag-educacao","tag-escola-inovadora","tag-mundo-das-criancas"],"_links":{"self":[{"href":"https:\/\/jundiai.sp.gov.br\/noticias\/wp-json\/wp\/v2\/posts\/301401","targetHints":{"allow":["GET"]}}],"collection":[{"href":"https:\/\/jundiai.sp.gov.br\/noticias\/wp-json\/wp\/v2\/posts"}],"about":[{"href":"https:\/\/jundiai.sp.gov.br\/noticias\/wp-json\/wp\/v2\/types\/post"}],"author":[{"embeddable":true,"href":"https:\/\/jundiai.sp.gov.br\/noticias\/wp-json\/wp\/v2\/users\/50"}],"replies":[{"embeddable":true,"href":"https:\/\/jundiai.sp.gov.br\/noticias\/wp-json\/wp\/v2\/comments?post=301401"}],"version-history":[{"count":4,"href":"https:\/\/jundiai.sp.gov.br\/noticias\/wp-json\/wp\/v2\/posts\/301401\/revisions"}],"predecessor-version":[{"id":309277,"href":"https:\/\/jundiai.sp.gov.br\/noticias\/wp-json\/wp\/v2\/posts\/301401\/revisions\/309277"}],"wp:attachment":[{"href":"https:\/\/jundiai.sp.gov.br\/noticias\/wp-json\/wp\/v2\/media?parent=301401"}],"wp:term":[{"taxonomy":"category","embeddable":true,"href":"https:\/\/jundiai.sp.gov.br\/noticias\/wp-json\/wp\/v2\/categories?post=301401"},{"taxonomy":"post_tag","embeddable":true,"href":"https:\/\/jundiai.sp.gov.br\/noticias\/wp-json\/wp\/v2\/tags?post=301401"},{"taxonomy":"ods","embeddable":true,"href":"https:\/\/jundiai.sp.gov.br\/noticias\/wp-json\/wp\/v2\/ods?post=301401"}],"curies":[{"name":"wp","href":"https:\/\/api.w.org\/{rel}","templated":true}]}}