{"id":301498,"date":"2022-09-16T17:11:38","date_gmt":"2022-09-16T20:11:38","guid":{"rendered":"https:\/\/jundiai.sp.gov.br\/noticias\/?p=301498"},"modified":"2022-09-16T17:11:38","modified_gmt":"2022-09-16T20:11:38","slug":"fim-do-inverno-propicia-incidencia-de-catapora","status":"publish","type":"post","link":"https:\/\/jundiai.sp.gov.br\/noticias\/2022\/09\/16\/fim-do-inverno-propicia-incidencia-de-catapora\/","title":{"rendered":"Fim do inverno propicia incid\u00eancia de catapora"},"content":{"rendered":"\n<p>Com o fim do inverno e a proximidade da primavera, al\u00e9m das doen\u00e7as provocadas pelo ar seco, come\u00e7am a aparecer casos de varicela no Pa\u00eds, conhecida popularmente como catapora.<\/p>\n\n\n\n<p>Causada pelo v\u00edrus Varicela-Zoster, a doen\u00e7a \u00e9 infecciosa, altamente contagiosa e geralmente benigna. Sendo comum na inf\u00e2ncia, atinge principalmente crian\u00e7as de at\u00e9 5 anos de idade. Em Jundia\u00ed, neste ano, a Vigil\u00e2ncia Epidemiol\u00f3gica (VE) registou sete casos. Em 2021, foram seis casos, sendo o \u00faltimo em agosto.<\/p>\n\n\n\n<p>A coordenadora da VE, enfermeira Maria do Carmo Possidente, explica que a contamina\u00e7\u00e3o acontece pelas got\u00edculas de saliva que o doente elimina quando tosse, fala ou espirra, ou pelo contato direto com as les\u00f5es da pele. Os sintomas come\u00e7am, em geral, entre 10 e 21 dias ap\u00f3s o cont\u00e1gio. O in\u00edcio pode se dar a partir de um quadro inespec\u00edfico de mal-estar, dor de cabe\u00e7a, perda de apetite e febre baixa. Em seguida, ocorre o aparecimento de manchas vermelhas ou les\u00f5es tipo \u201cbolhas\u201d no corpo, que \u00e9 o principal sintoma da catapora.<\/p>\n\n\n\n<p>\u201c\u00c9 importante que os pais\/respons\u00e1veis fiquem atentos ao aparecimento dos sintomas, procurando o servi\u00e7o de sa\u00fade para que a crian\u00e7a seja avaliada por um profissional e tamb\u00e9m comuniquem \u00e0s escolas. A catapora apresenta sintomas muito parecidos com a \u2018monkeypox\u2019, que tem casos em crescimento no Brasil\u201d, observa.<\/p>\n\n\n\n<figure class=\"wp-block-image size-full\"><img loading=\"lazy\" decoding=\"async\" width=\"612\" height=\"408\" src=\"https:\/\/jundiai.sp.gov.br\/noticias\/wp-content\/uploads\/sites\/32\/2022\/09\/catapora-3.jpg\" alt=\"\" class=\"wp-image-301500\" srcset=\"https:\/\/jundiai.sp.gov.br\/noticias\/wp-content\/uploads\/sites\/32\/2022\/09\/catapora-3.jpg 612w, https:\/\/jundiai.sp.gov.br\/noticias\/wp-content\/uploads\/sites\/32\/2022\/09\/catapora-3-300x200.jpg 300w, https:\/\/jundiai.sp.gov.br\/noticias\/wp-content\/uploads\/sites\/32\/2022\/09\/catapora-3-450x300.jpg 450w\" sizes=\"auto, (max-width: 612px) 100vw, 612px\" \/><figcaption>Les\u00f5es tipo bolhas no corpo \u00e9 o principal sintoma da catapora<\/figcaption><\/figure>\n\n\n\n<p>A Unidade de Gest\u00e3o de Promo\u00e7\u00e3o da Sa\u00fade oferta em todas as Unidades B\u00e1sicas de Sa\u00fade (UBSs) a vacina contra varicela, que \u00e9 a forma mais eficiente para prevenir ou evitar o agravamento da doen\u00e7a. A vacina est\u00e1 dispon\u00edvel no SUS no esquema de duas doses. Primeira dose com 15 meses e a segunda dose, entre 4 e 6 anos.<\/p>\n\n\n\n<p>Com o intuito de informar os pais, a Vigil\u00e2ncia Epidemiol\u00f3gica emitiu um comunicado para as escolas p\u00fablicas e privadas.<\/p>\n\n\n\n<p><strong>Assessoria de Imprensa<br>Foto: Divulga\u00e7\u00e3o <\/strong><\/p>\n\n\n\n<p><\/p>\n\n\n\n<p><\/p>\n","protected":false},"excerpt":{"rendered":"<p>Com o fim do inverno e a proximidade da primavera, al\u00e9m das doen\u00e7as provocadas pelo ar seco, come\u00e7am a aparecer casos de varicela no Pa\u00eds, conhecida popularmente como catapora. Causada pelo v\u00edrus Varicela-Zoster, a doen\u00e7a \u00e9 infecciosa, altamente contagiosa e geralmente benigna. Sendo comum na inf\u00e2ncia, atinge principalmente crian\u00e7as de at\u00e9 5 anos de idade. [&hellip;]<\/p>\n","protected":false},"author":50,"featured_media":301500,"comment_status":"closed","ping_status":"0","sticky":false,"template":"","format":"standard","meta":{"footnotes":""},"categories":[2],"tags":[981],"ods":[],"class_list":["post-301498","post","type-post","status-publish","format-standard","has-post-thumbnail","hentry","category-noticias","tag-promocao-da-saude"],"_links":{"self":[{"href":"https:\/\/jundiai.sp.gov.br\/noticias\/wp-json\/wp\/v2\/posts\/301498","targetHints":{"allow":["GET"]}}],"collection":[{"href":"https:\/\/jundiai.sp.gov.br\/noticias\/wp-json\/wp\/v2\/posts"}],"about":[{"href":"https:\/\/jundiai.sp.gov.br\/noticias\/wp-json\/wp\/v2\/types\/post"}],"author":[{"embeddable":true,"href":"https:\/\/jundiai.sp.gov.br\/noticias\/wp-json\/wp\/v2\/users\/50"}],"replies":[{"embeddable":true,"href":"https:\/\/jundiai.sp.gov.br\/noticias\/wp-json\/wp\/v2\/comments?post=301498"}],"version-history":[{"count":2,"href":"https:\/\/jundiai.sp.gov.br\/noticias\/wp-json\/wp\/v2\/posts\/301498\/revisions"}],"predecessor-version":[{"id":301506,"href":"https:\/\/jundiai.sp.gov.br\/noticias\/wp-json\/wp\/v2\/posts\/301498\/revisions\/301506"}],"wp:featuredmedia":[{"embeddable":true,"href":"https:\/\/jundiai.sp.gov.br\/noticias\/wp-json\/wp\/v2\/media\/301500"}],"wp:attachment":[{"href":"https:\/\/jundiai.sp.gov.br\/noticias\/wp-json\/wp\/v2\/media?parent=301498"}],"wp:term":[{"taxonomy":"category","embeddable":true,"href":"https:\/\/jundiai.sp.gov.br\/noticias\/wp-json\/wp\/v2\/categories?post=301498"},{"taxonomy":"post_tag","embeddable":true,"href":"https:\/\/jundiai.sp.gov.br\/noticias\/wp-json\/wp\/v2\/tags?post=301498"},{"taxonomy":"ods","embeddable":true,"href":"https:\/\/jundiai.sp.gov.br\/noticias\/wp-json\/wp\/v2\/ods?post=301498"}],"curies":[{"name":"wp","href":"https:\/\/api.w.org\/{rel}","templated":true}]}}