{"id":301818,"date":"2022-09-21T11:03:28","date_gmt":"2022-09-21T14:03:28","guid":{"rendered":"https:\/\/jundiai.sp.gov.br\/noticias\/?p=301818"},"modified":"2022-09-21T15:07:19","modified_gmt":"2022-09-21T18:07:19","slug":"ugmt-faz-blitz-educativa-com-motociclistas-em-dia-d-da-semana-nacional-de-transito","status":"publish","type":"post","link":"https:\/\/jundiai.sp.gov.br\/noticias\/2022\/09\/21\/ugmt-faz-blitz-educativa-com-motociclistas-em-dia-d-da-semana-nacional-de-transito\/","title":{"rendered":"UGMT faz blitz educativa com motociclistas em Dia D da Semana Nacional de Tr\u00e2nsito"},"content":{"rendered":"\n<p>Nesta ter\u00e7a-feira (20) aconteceu o Dia D da Semana Nacional de Tr\u00e2nsito, iniciada no \u00faltimo domingo. Sendo assim, a Unidade de Gest\u00e3o de Mobilidade e Transporte (UGMT), em parceria com a Pol\u00edcia Militar, Pol\u00edcia Militar Rodovi\u00e1ria e o Corpo de Bombeiro, promoveu uma blitz educativa para orientar os motociclistas sobre os perigos do tr\u00e2nsito, na Rodovia Vereador Geraldo Dias. O tema da campanha \u00e9 \u201cJuntos Salvamos Vidas\u201d.<\/p>\n\n\n\n<p>\u201cEssa \u00e9 mais uma da s\u00e9rie de a\u00e7\u00f5es que faremos durante toda essa semana. O principal objetivo \u00e9 alertar sobre os perigos de tr\u00e2nsito e checar as condi\u00e7\u00f5es de seguran\u00e7a dos motociclistas, principais v\u00edtimas de sinistros graves. Por\u00e9m, n\u00e3o podemos esquecer que o tr\u00e2nsito \u00e9 responsabilidade de todos, pois apenas juntos podemos salvar vidas\u201d, explica o Gestor de Mobilidade e Transporte, Aloysio Queiroz.<\/p>\n\n\n\n<figure class=\"wp-block-gallery has-nested-images columns-default is-cropped wp-block-gallery-1 is-layout-flex wp-block-gallery-is-layout-flex\">\n<figure class=\"wp-block-image size-large\"><img loading=\"lazy\" decoding=\"async\" width=\"1280\" height=\"853\" data-id=\"301819\" src=\"https:\/\/jundiai.sp.gov.br\/noticias\/wp-content\/uploads\/sites\/32\/2022\/09\/dia_d_semana_do_transito_pa-9.jpg\" alt=\"\" class=\"wp-image-301819\" srcset=\"https:\/\/jundiai.sp.gov.br\/noticias\/wp-content\/uploads\/sites\/32\/2022\/09\/dia_d_semana_do_transito_pa-9.jpg 1280w, https:\/\/jundiai.sp.gov.br\/noticias\/wp-content\/uploads\/sites\/32\/2022\/09\/dia_d_semana_do_transito_pa-9-300x200.jpg 300w, https:\/\/jundiai.sp.gov.br\/noticias\/wp-content\/uploads\/sites\/32\/2022\/09\/dia_d_semana_do_transito_pa-9-768x512.jpg 768w, https:\/\/jundiai.sp.gov.br\/noticias\/wp-content\/uploads\/sites\/32\/2022\/09\/dia_d_semana_do_transito_pa-9-450x300.jpg 450w\" sizes=\"auto, (max-width: 1280px) 100vw, 1280px\" \/><figcaption>UGMT realizou a\u00e7\u00e3o educativa para orientar os motociclistas sobre os perigos do tr\u00e2nsito<\/figcaption><\/figure>\n<\/figure>\n\n\n\n<p>A motogirl Melisse Bertagnoli, de 30 anos, conta que ficou um pouco assustada quando foi parada, pois n\u00e3o sabia do que se tratava a opera\u00e7\u00e3o, mas revelou estar com tudo em dia e aprovou a a\u00e7\u00e3o. \u201cMensagens de conscientiza\u00e7\u00e3o que visam a seguran\u00e7a e a preven\u00e7\u00e3o de acidentes s\u00e3o importantes e nos fazem refletir\u201d, afirma. J\u00e1 a assistente administrativa Erika Dion\u00edsio, de 24 anos, ganhou o refletivo, um adesivo para colocar no capacete, e agradeceu. \u201cVou colar j\u00e1, pois assim vou me sentir mais segura\u201d, avalia.<\/p>\n\n\n\n<figure class=\"wp-block-gallery has-nested-images columns-default is-cropped wp-block-gallery-2 is-layout-flex wp-block-gallery-is-layout-flex\">\n<figure class=\"wp-block-image size-large\"><img loading=\"lazy\" decoding=\"async\" width=\"1280\" height=\"853\" data-id=\"301820\" src=\"https:\/\/jundiai.sp.gov.br\/noticias\/wp-content\/uploads\/sites\/32\/2022\/09\/dia_d_semana_do_transito_pa-34.jpg\" alt=\"\" class=\"wp-image-301820\" srcset=\"https:\/\/jundiai.sp.gov.br\/noticias\/wp-content\/uploads\/sites\/32\/2022\/09\/dia_d_semana_do_transito_pa-34.jpg 1280w, https:\/\/jundiai.sp.gov.br\/noticias\/wp-content\/uploads\/sites\/32\/2022\/09\/dia_d_semana_do_transito_pa-34-300x200.jpg 300w, https:\/\/jundiai.sp.gov.br\/noticias\/wp-content\/uploads\/sites\/32\/2022\/09\/dia_d_semana_do_transito_pa-34-768x512.jpg 768w, https:\/\/jundiai.sp.gov.br\/noticias\/wp-content\/uploads\/sites\/32\/2022\/09\/dia_d_semana_do_transito_pa-34-450x300.jpg 450w\" sizes=\"auto, (max-width: 1280px) 100vw, 1280px\" \/><figcaption>Melisse avaliou positivamente a a\u00e7\u00e3o de conscientiza\u00e7\u00e3o da UGMT<\/figcaption><\/figure>\n<\/figure>\n\n\n\n<p><strong>Autua\u00e7\u00f5es<\/strong><br>Al\u00e9m da a\u00e7\u00e3o realizada na Rodovia Vereador Geraldo Dias, a Avenida 9 de Julho e a Avenida dos Imigrantes tamb\u00e9m foram alvo da opera\u00e7\u00e3o em conjunto com a Pol\u00edcia Militar. Apesar de ter como foco a educa\u00e7\u00e3o de tr\u00e2nsito, foram realizadas autua\u00e7\u00f5es e apreens\u00f5es de documentos pela Pol\u00edcia Militar, na a\u00e7\u00e3o de fiscaliza\u00e7\u00e3o, quando os policiais constataram irregularidades, tanto nos ve\u00edculos quanto nos condutores. Opera\u00e7\u00f5es como esta aconteceram em toda a regi\u00e3o metropolitana de Jundia\u00ed.<\/p>\n\n\n\n<p><strong>Programa\u00e7\u00e3o<\/strong><br><strong>21\/9<\/strong><br>\u2022 A\u00e7\u00e3o Passarela \u2013 Passarela SP 300 km 67 leste\/oeste \u2013 parceria com a AB Colinas \u2013 7h \u00e0s 9h<br>\u2022 Palestra EE Deolinda Copelli \u2013 10h<br>\u2022 Palestra MRS Log\u00edstica \u2013 15h<br><strong>22\/9<\/strong><br>\u2022 Palestra MRS Log\u00edstica \u2013 9h<br>\u2022 Atividade Pr\u00e1tica Minicidade \u2013 9h30 \u00e0s 10h30 \u2013 SESC<br>\u2022 A\u00e7\u00e3o Motociclistas \u2013 Av. Jos\u00e9 Luiz Sereno \u2013 parceria com a AB Colinas \u2013 16h<br>\u2022 Curso para Gestantes na Unimed \u2013 19h30<br><strong>23\/9<\/strong><br>\u2022 A\u00e7\u00e3o Ponto Cego &#8211; Bols\u00e3o do Parque da Uva, na avenida Jundia\u00ed &#8211; parceria com a Autoban &#8211; 7h \u00e0s 12h<br>\u2022 Palestra na Escola Crist\u00e3 \u2013 15h<br><strong>25\/9<\/strong><br>\u2022 Encerramento: Parque da Cidade &#8211; 7h \u00e0s 8h &#8211; Caminhada pelo Mundo das Crian\u00e7as &#8211; 8h \u00e0s 9h <\/p>\n\n\n\n<p><\/p>\n\n\n\n<p><strong>Assessoria de Imprensa<\/strong><\/p>\n\n\n\n<p>Foto: Fot\u00f3grafo PMJ<\/p>\n","protected":false},"excerpt":{"rendered":"<p>Nesta ter\u00e7a-feira (20) aconteceu o Dia D da Semana Nacional de Tr\u00e2nsito, iniciada no \u00faltimo domingo. Sendo assim, a Unidade de Gest\u00e3o de Mobilidade e Transporte (UGMT), em parceria com a Pol\u00edcia Militar, Pol\u00edcia Militar Rodovi\u00e1ria e o Corpo de Bombeiro, promoveu uma blitz educativa para orientar os motociclistas sobre os perigos do tr\u00e2nsito, na [&hellip;]<\/p>\n","protected":false},"author":90,"featured_media":0,"comment_status":"closed","ping_status":"0","sticky":false,"template":"","format":"standard","meta":{"footnotes":""},"categories":[2],"tags":[2248,1261],"ods":[],"class_list":["post-301818","post","type-post","status-publish","format-standard","hentry","category-noticias","tag-semana-nacional-de-transito","tag-ugmt"],"_links":{"self":[{"href":"https:\/\/jundiai.sp.gov.br\/noticias\/wp-json\/wp\/v2\/posts\/301818","targetHints":{"allow":["GET"]}}],"collection":[{"href":"https:\/\/jundiai.sp.gov.br\/noticias\/wp-json\/wp\/v2\/posts"}],"about":[{"href":"https:\/\/jundiai.sp.gov.br\/noticias\/wp-json\/wp\/v2\/types\/post"}],"author":[{"embeddable":true,"href":"https:\/\/jundiai.sp.gov.br\/noticias\/wp-json\/wp\/v2\/users\/90"}],"replies":[{"embeddable":true,"href":"https:\/\/jundiai.sp.gov.br\/noticias\/wp-json\/wp\/v2\/comments?post=301818"}],"version-history":[{"count":4,"href":"https:\/\/jundiai.sp.gov.br\/noticias\/wp-json\/wp\/v2\/posts\/301818\/revisions"}],"predecessor-version":[{"id":301876,"href":"https:\/\/jundiai.sp.gov.br\/noticias\/wp-json\/wp\/v2\/posts\/301818\/revisions\/301876"}],"wp:attachment":[{"href":"https:\/\/jundiai.sp.gov.br\/noticias\/wp-json\/wp\/v2\/media?parent=301818"}],"wp:term":[{"taxonomy":"category","embeddable":true,"href":"https:\/\/jundiai.sp.gov.br\/noticias\/wp-json\/wp\/v2\/categories?post=301818"},{"taxonomy":"post_tag","embeddable":true,"href":"https:\/\/jundiai.sp.gov.br\/noticias\/wp-json\/wp\/v2\/tags?post=301818"},{"taxonomy":"ods","embeddable":true,"href":"https:\/\/jundiai.sp.gov.br\/noticias\/wp-json\/wp\/v2\/ods?post=301818"}],"curies":[{"name":"wp","href":"https:\/\/api.w.org\/{rel}","templated":true}]}}