{"id":301920,"date":"2022-09-22T12:39:18","date_gmt":"2022-09-22T15:39:18","guid":{"rendered":"https:\/\/jundiai.sp.gov.br\/noticias\/?p=301920"},"modified":"2022-09-22T13:12:09","modified_gmt":"2022-09-22T16:12:09","slug":"duas-ubss-ficam-abertas-neste-sabado-para-multivacinacao","status":"publish","type":"post","link":"https:\/\/jundiai.sp.gov.br\/noticias\/2022\/09\/22\/duas-ubss-ficam-abertas-neste-sabado-para-multivacinacao\/","title":{"rendered":"Tr\u00eas UBSs ficam abertas neste s\u00e1bado para multivacina\u00e7\u00e3o"},"content":{"rendered":"\n<p>Neste s\u00e1bado (24), para alavancar a aplica\u00e7\u00e3o de vacinas no Munic\u00edpio, tr\u00eas Unidades B\u00e1sicas de Sa\u00fade (UBSs) estar\u00e3o dispon\u00edveis para o atendimento de crian\u00e7as, adolescentes e adultos. Das 8h30 \u00e0s 11h30 e das 13h \u00e0s 15h30, ficar\u00e3o abertas a Nova UBS Tulipas, localizada na rua Ana Congani Bocal\u00e3o, 80, e a UBS Pitangueiras, na rua It\u00e1lia, 91, e das 8h \u00e0s 13h, a Nova UBS S\u00e3o Camilo, na rua Pedro Ravanhani, 298. <\/p>\n\n\n\n<p>Ser\u00e3o aplicadas as doses contra Covid-19, inclusive a D4 para pessoas com mais de 18 anos e que receberam a D3 h\u00e1 pelo menos quatro meses (122 dias) e o imunizante Coronavac para crian\u00e7as entre 3 e 4 anos, al\u00e9m da vacina contra Influenza e as demais para que a popula\u00e7\u00e3o atualize a carteira de vacina\u00e7\u00e3o.<\/p>\n\n\n\n<p>Tamb\u00e9m prossegue a Campanha Nacional contra a Poliomielite e Multivacina\u00e7\u00e3o para crian\u00e7as e adolescentes menores de 15 anos.&nbsp; As crian\u00e7as menores de 1 ano devem receber a dose que estiver em atraso ou a vacina prevista na rotina. J\u00e1 as crian\u00e7as de 1 a 4 anos, 11 meses e 29 dias devem receber uma dose extra da vacina p\u00f3lio oral (gotinha), desde que j\u00e1 tenham recebido 3 doses da vacina inativada contra p\u00f3lio (VIP).<\/p>\n\n\n\n<p>Para as crian\u00e7as e adolescentes de 2 meses a 14 anos, 11 meses e 29 dias est\u00e3o dispon\u00edveis 18 imunizantes contra v\u00e1rias doen\u00e7as.<\/p>\n\n\n\n<p>Junto com um documento de identidade, \u00e9 importante apresentar a caderneta de vacina\u00e7\u00e3o. No caso da vacina contra Covid-19, quem n\u00e3o estiver com o comprovante, pode informar no momento e ser\u00e1 emitido outro imediatamente.<\/p>\n\n\n\n<p><strong>Assessoria de Imprensa<br>Foto: Fot\u00f3grafos PMJ<\/strong><\/p>\n","protected":false},"excerpt":{"rendered":"<p>Neste s\u00e1bado (24), para alavancar a aplica\u00e7\u00e3o de vacinas no Munic\u00edpio, tr\u00eas Unidades B\u00e1sicas de Sa\u00fade (UBSs) estar\u00e3o dispon\u00edveis para o atendimento de crian\u00e7as, adolescentes e adultos. Das 8h30 \u00e0s 11h30 e das 13h \u00e0s 15h30, ficar\u00e3o abertas a Nova UBS Tulipas, localizada na rua Ana Congani Bocal\u00e3o, 80, e a UBS Pitangueiras, na rua [&hellip;]<\/p>\n","protected":false},"author":50,"featured_media":301923,"comment_status":"closed","ping_status":"0","sticky":false,"template":"","format":"standard","meta":{"footnotes":""},"categories":[2],"tags":[1500,981,1307],"ods":[],"class_list":["post-301920","post","type-post","status-publish","format-standard","has-post-thumbnail","hentry","category-noticias","tag-coronavirus","tag-promocao-da-saude","tag-ubs"],"_links":{"self":[{"href":"https:\/\/jundiai.sp.gov.br\/noticias\/wp-json\/wp\/v2\/posts\/301920","targetHints":{"allow":["GET"]}}],"collection":[{"href":"https:\/\/jundiai.sp.gov.br\/noticias\/wp-json\/wp\/v2\/posts"}],"about":[{"href":"https:\/\/jundiai.sp.gov.br\/noticias\/wp-json\/wp\/v2\/types\/post"}],"author":[{"embeddable":true,"href":"https:\/\/jundiai.sp.gov.br\/noticias\/wp-json\/wp\/v2\/users\/50"}],"replies":[{"embeddable":true,"href":"https:\/\/jundiai.sp.gov.br\/noticias\/wp-json\/wp\/v2\/comments?post=301920"}],"version-history":[{"count":4,"href":"https:\/\/jundiai.sp.gov.br\/noticias\/wp-json\/wp\/v2\/posts\/301920\/revisions"}],"predecessor-version":[{"id":301959,"href":"https:\/\/jundiai.sp.gov.br\/noticias\/wp-json\/wp\/v2\/posts\/301920\/revisions\/301959"}],"wp:featuredmedia":[{"embeddable":true,"href":"https:\/\/jundiai.sp.gov.br\/noticias\/wp-json\/wp\/v2\/media\/301923"}],"wp:attachment":[{"href":"https:\/\/jundiai.sp.gov.br\/noticias\/wp-json\/wp\/v2\/media?parent=301920"}],"wp:term":[{"taxonomy":"category","embeddable":true,"href":"https:\/\/jundiai.sp.gov.br\/noticias\/wp-json\/wp\/v2\/categories?post=301920"},{"taxonomy":"post_tag","embeddable":true,"href":"https:\/\/jundiai.sp.gov.br\/noticias\/wp-json\/wp\/v2\/tags?post=301920"},{"taxonomy":"ods","embeddable":true,"href":"https:\/\/jundiai.sp.gov.br\/noticias\/wp-json\/wp\/v2\/ods?post=301920"}],"curies":[{"name":"wp","href":"https:\/\/api.w.org\/{rel}","templated":true}]}}