{"id":302122,"date":"2022-09-25T10:10:00","date_gmt":"2022-09-25T13:10:00","guid":{"rendered":"https:\/\/jundiai.sp.gov.br\/noticias\/?p=302122"},"modified":"2022-09-26T17:09:27","modified_gmt":"2022-09-26T20:09:27","slug":"musica-historias-leva-ao-palco-do-polytheama-uma-homenagem-a-musica-latina-e-ao-cantor-panamenho-ruben-blades","status":"publish","type":"post","link":"https:\/\/jundiai.sp.gov.br\/noticias\/2022\/09\/25\/musica-historias-leva-ao-palco-do-polytheama-uma-homenagem-a-musica-latina-e-ao-cantor-panamenho-ruben-blades\/","title":{"rendered":"&#8216;M\u00fasica &#038; Hist\u00f3rias&#8217; leva ao palco do Polytheama uma homenagem \u00e0 m\u00fasica latina e ao cantor panamenho Rub\u00e9n Blades"},"content":{"rendered":"\n<p>O M\u00fasica &amp; Hist\u00f3rias, a\u00e7\u00e3o realizada mensalmente pela Unidade de Gest\u00e3o de Cultura (UGC) no Polytheama, chega de volta ao teatro nesta quinta-feira (29), a partir das 19h30. Desta vez, o espet\u00e1culo, que re\u00fane m\u00fasicos, bailarinos e atores para uma apresenta\u00e7\u00e3o sempre bem avaliada pelo p\u00fablico, faz uma homenagem \u00e0 M\u00fasica Latina, atrav\u00e9s do trabalho do cantor e compositor panamenho Rub\u00e9n Blades.<\/p>\n\n\n\n<p>Com estilo musical classificado como Salsa Intelectual, Blades j\u00e1 gravou mais de 20 \u00e1lbuns e, em reconhecimento a seus trabalhos, j\u00e1 recebeu seis pr\u00eamios Grammy, tendo tamb\u00e9m sido convidado a participar de mais de quinze grava\u00e7\u00f5es de artistas de diferentes g\u00eaneros e tend\u00eancias musicais. Quem for ao teatro poder\u00e1 conferir cl\u00e1ssicos como \u201cTodos vuelven\u201d, \u201cEl Cantante\u201d e \u201cLa canci\u00f3n del final del mundo\u201d, para citar alguns exemplos.<\/p>\n\n\n\n<figure class=\"wp-block-image size-full is-resized\"><img loading=\"lazy\" decoding=\"async\" src=\"https:\/\/jundiai.sp.gov.br\/noticias\/wp-content\/uploads\/sites\/32\/2022\/09\/musica_e_historias_teatro_polytheama-66.jpg\" alt=\"\" class=\"wp-image-302142\" width=\"840\" height=\"559\" srcset=\"https:\/\/jundiai.sp.gov.br\/noticias\/wp-content\/uploads\/sites\/32\/2022\/09\/musica_e_historias_teatro_polytheama-66.jpg 1280w, https:\/\/jundiai.sp.gov.br\/noticias\/wp-content\/uploads\/sites\/32\/2022\/09\/musica_e_historias_teatro_polytheama-66-300x200.jpg 300w, https:\/\/jundiai.sp.gov.br\/noticias\/wp-content\/uploads\/sites\/32\/2022\/09\/musica_e_historias_teatro_polytheama-66-768x512.jpg 768w, https:\/\/jundiai.sp.gov.br\/noticias\/wp-content\/uploads\/sites\/32\/2022\/09\/musica_e_historias_teatro_polytheama-66-450x300.jpg 450w\" sizes=\"auto, (max-width: 840px) 100vw, 840px\" \/><figcaption>Espet\u00e1culo gratuito ser\u00e1 apresentado nesta quinta-feira (29), a partir das 19h30<\/figcaption><\/figure>\n\n\n\n<p>\u201cEsta edi\u00e7\u00e3o do M\u00fasica &amp; Hist\u00f3ria traz um tributo a este \u00edcone da m\u00fasica latina e panamenha Rub\u00e9n Blades, grande compositor e refer\u00eancia mundial. Para interpretar sua obra, contaremos com m\u00fasicos que h\u00e1 anos dedicam-se a esse trabalho. Entre eles, Aldo Villarroel, que tem origens latinas e que h\u00e1 anos est\u00e1 em Jundia\u00ed\u201d, comentou o diretor do Departamento de Cultura da UGC, Jo\u00e3o Carlos De Luca.<\/p>\n\n\n\n<p>Para esta edi\u00e7\u00e3o, na M\u00fasica, os artistas participantes ser\u00e3o Aldo Villarroel (vocal), Cahe Boldrini (baixo), Cassio Soares (percuss\u00e3o), D\u00f4 de Carvalho (sax), Peterson Silva (trombone), Romilton Silva (trompeta), Renato Lanza (bateria), Thiago Louren\u00e7o (piano), Wendel Verza (backing vocal) e Wesley Gonzaga (trompeta). J\u00e1 os bailarinos da noite ser\u00e3o Diego Ramos e Elly Gomes, e a atua\u00e7\u00e3o ficar\u00e1 por conta dos atores Jo\u00e3o Veras de Carvalho e Paula Bethiol.<\/p>\n\n\n\n<figure class=\"wp-block-gallery has-nested-images columns-5 is-cropped wp-block-gallery-1 is-layout-flex wp-block-gallery-is-layout-flex\">\n<figure class=\"wp-block-image size-large\"><a href=\"https:\/\/jundiai.sp.gov.br\/noticias\/wp-content\/uploads\/sites\/32\/2022\/09\/aldo-villarroel.jpeg\"><img loading=\"lazy\" decoding=\"async\" width=\"500\" height=\"500\" data-id=\"302130\" src=\"https:\/\/jundiai.sp.gov.br\/noticias\/wp-content\/uploads\/sites\/32\/2022\/09\/aldo-villarroel.jpeg\" alt=\"\" class=\"wp-image-302130\" srcset=\"https:\/\/jundiai.sp.gov.br\/noticias\/wp-content\/uploads\/sites\/32\/2022\/09\/aldo-villarroel.jpeg 500w, https:\/\/jundiai.sp.gov.br\/noticias\/wp-content\/uploads\/sites\/32\/2022\/09\/aldo-villarroel-300x300.jpeg 300w, https:\/\/jundiai.sp.gov.br\/noticias\/wp-content\/uploads\/sites\/32\/2022\/09\/aldo-villarroel-100x100.jpeg 100w\" sizes=\"auto, (max-width: 500px) 100vw, 500px\" \/><\/a><figcaption> Aldo Villarroel<\/figcaption><\/figure>\n\n\n\n<figure class=\"wp-block-image size-large\"><a href=\"https:\/\/jundiai.sp.gov.br\/noticias\/wp-content\/uploads\/sites\/32\/2022\/09\/cahe_boldrini.jpeg\"><img loading=\"lazy\" decoding=\"async\" width=\"500\" height=\"500\" data-id=\"302131\" src=\"https:\/\/jundiai.sp.gov.br\/noticias\/wp-content\/uploads\/sites\/32\/2022\/09\/cahe_boldrini.jpeg\" alt=\"\" class=\"wp-image-302131\" srcset=\"https:\/\/jundiai.sp.gov.br\/noticias\/wp-content\/uploads\/sites\/32\/2022\/09\/cahe_boldrini.jpeg 500w, https:\/\/jundiai.sp.gov.br\/noticias\/wp-content\/uploads\/sites\/32\/2022\/09\/cahe_boldrini-300x300.jpeg 300w, https:\/\/jundiai.sp.gov.br\/noticias\/wp-content\/uploads\/sites\/32\/2022\/09\/cahe_boldrini-100x100.jpeg 100w\" sizes=\"auto, (max-width: 500px) 100vw, 500px\" \/><\/a><figcaption>Cahe Boldrini <\/figcaption><\/figure>\n\n\n\n<figure class=\"wp-block-image size-large\"><a href=\"https:\/\/jundiai.sp.gov.br\/noticias\/wp-content\/uploads\/sites\/32\/2022\/09\/cassio_soares.jpeg\"><img loading=\"lazy\" decoding=\"async\" width=\"500\" height=\"500\" data-id=\"302133\" src=\"https:\/\/jundiai.sp.gov.br\/noticias\/wp-content\/uploads\/sites\/32\/2022\/09\/cassio_soares.jpeg\" alt=\"\" class=\"wp-image-302133\" srcset=\"https:\/\/jundiai.sp.gov.br\/noticias\/wp-content\/uploads\/sites\/32\/2022\/09\/cassio_soares.jpeg 500w, https:\/\/jundiai.sp.gov.br\/noticias\/wp-content\/uploads\/sites\/32\/2022\/09\/cassio_soares-300x300.jpeg 300w, https:\/\/jundiai.sp.gov.br\/noticias\/wp-content\/uploads\/sites\/32\/2022\/09\/cassio_soares-100x100.jpeg 100w\" sizes=\"auto, (max-width: 500px) 100vw, 500px\" \/><\/a><figcaption>Cassio Soares (percuss\u00e3o)<\/figcaption><\/figure>\n\n\n\n<figure class=\"wp-block-image size-large\"><a href=\"https:\/\/jundiai.sp.gov.br\/noticias\/wp-content\/uploads\/sites\/32\/2022\/09\/do_de_carvalho.jpeg\"><img loading=\"lazy\" decoding=\"async\" width=\"500\" height=\"500\" data-id=\"302134\" src=\"https:\/\/jundiai.sp.gov.br\/noticias\/wp-content\/uploads\/sites\/32\/2022\/09\/do_de_carvalho.jpeg\" alt=\"\" class=\"wp-image-302134\" srcset=\"https:\/\/jundiai.sp.gov.br\/noticias\/wp-content\/uploads\/sites\/32\/2022\/09\/do_de_carvalho.jpeg 500w, https:\/\/jundiai.sp.gov.br\/noticias\/wp-content\/uploads\/sites\/32\/2022\/09\/do_de_carvalho-300x300.jpeg 300w, https:\/\/jundiai.sp.gov.br\/noticias\/wp-content\/uploads\/sites\/32\/2022\/09\/do_de_carvalho-100x100.jpeg 100w\" sizes=\"auto, (max-width: 500px) 100vw, 500px\" \/><\/a><figcaption>D\u00f4 de Carvalho<\/figcaption><\/figure>\n\n\n\n<figure class=\"wp-block-image size-large\"><a href=\"https:\/\/jundiai.sp.gov.br\/noticias\/wp-content\/uploads\/sites\/32\/2022\/09\/peterson_silva.jpeg\"><img loading=\"lazy\" decoding=\"async\" width=\"500\" height=\"500\" data-id=\"302135\" src=\"https:\/\/jundiai.sp.gov.br\/noticias\/wp-content\/uploads\/sites\/32\/2022\/09\/peterson_silva.jpeg\" alt=\"\" class=\"wp-image-302135\" srcset=\"https:\/\/jundiai.sp.gov.br\/noticias\/wp-content\/uploads\/sites\/32\/2022\/09\/peterson_silva.jpeg 500w, https:\/\/jundiai.sp.gov.br\/noticias\/wp-content\/uploads\/sites\/32\/2022\/09\/peterson_silva-300x300.jpeg 300w, https:\/\/jundiai.sp.gov.br\/noticias\/wp-content\/uploads\/sites\/32\/2022\/09\/peterson_silva-100x100.jpeg 100w\" sizes=\"auto, (max-width: 500px) 100vw, 500px\" \/><\/a><figcaption>Peterson Silva<\/figcaption><\/figure>\n\n\n\n<figure class=\"wp-block-image size-large\"><a href=\"https:\/\/jundiai.sp.gov.br\/noticias\/wp-content\/uploads\/sites\/32\/2022\/09\/romilton_silva.jpeg\"><img loading=\"lazy\" decoding=\"async\" width=\"500\" height=\"500\" data-id=\"302136\" src=\"https:\/\/jundiai.sp.gov.br\/noticias\/wp-content\/uploads\/sites\/32\/2022\/09\/romilton_silva.jpeg\" alt=\"\" class=\"wp-image-302136\" srcset=\"https:\/\/jundiai.sp.gov.br\/noticias\/wp-content\/uploads\/sites\/32\/2022\/09\/romilton_silva.jpeg 500w, https:\/\/jundiai.sp.gov.br\/noticias\/wp-content\/uploads\/sites\/32\/2022\/09\/romilton_silva-300x300.jpeg 300w, https:\/\/jundiai.sp.gov.br\/noticias\/wp-content\/uploads\/sites\/32\/2022\/09\/romilton_silva-100x100.jpeg 100w\" sizes=\"auto, (max-width: 500px) 100vw, 500px\" \/><\/a><figcaption>Romilton Silva <\/figcaption><\/figure>\n\n\n\n<figure class=\"wp-block-image size-large\"><a href=\"https:\/\/jundiai.sp.gov.br\/noticias\/wp-content\/uploads\/sites\/32\/2022\/09\/renato_lanza.jpeg\"><img loading=\"lazy\" decoding=\"async\" width=\"500\" height=\"500\" data-id=\"302137\" src=\"https:\/\/jundiai.sp.gov.br\/noticias\/wp-content\/uploads\/sites\/32\/2022\/09\/renato_lanza.jpeg\" alt=\"\" class=\"wp-image-302137\" srcset=\"https:\/\/jundiai.sp.gov.br\/noticias\/wp-content\/uploads\/sites\/32\/2022\/09\/renato_lanza.jpeg 500w, https:\/\/jundiai.sp.gov.br\/noticias\/wp-content\/uploads\/sites\/32\/2022\/09\/renato_lanza-300x300.jpeg 300w, https:\/\/jundiai.sp.gov.br\/noticias\/wp-content\/uploads\/sites\/32\/2022\/09\/renato_lanza-100x100.jpeg 100w\" sizes=\"auto, (max-width: 500px) 100vw, 500px\" \/><\/a><figcaption>Renato Lanza<\/figcaption><\/figure>\n\n\n\n<figure class=\"wp-block-image size-large\"><a href=\"https:\/\/jundiai.sp.gov.br\/noticias\/wp-content\/uploads\/sites\/32\/2022\/09\/thiago_lourenco.jpeg\"><img loading=\"lazy\" decoding=\"async\" width=\"500\" height=\"500\" data-id=\"302138\" src=\"https:\/\/jundiai.sp.gov.br\/noticias\/wp-content\/uploads\/sites\/32\/2022\/09\/thiago_lourenco.jpeg\" alt=\"\" class=\"wp-image-302138\" srcset=\"https:\/\/jundiai.sp.gov.br\/noticias\/wp-content\/uploads\/sites\/32\/2022\/09\/thiago_lourenco.jpeg 500w, https:\/\/jundiai.sp.gov.br\/noticias\/wp-content\/uploads\/sites\/32\/2022\/09\/thiago_lourenco-300x300.jpeg 300w, https:\/\/jundiai.sp.gov.br\/noticias\/wp-content\/uploads\/sites\/32\/2022\/09\/thiago_lourenco-100x100.jpeg 100w\" sizes=\"auto, (max-width: 500px) 100vw, 500px\" \/><\/a><figcaption>Thiago Louren\u00e7o<\/figcaption><\/figure>\n\n\n\n<figure class=\"wp-block-image size-large\"><a href=\"https:\/\/jundiai.sp.gov.br\/noticias\/wp-content\/uploads\/sites\/32\/2022\/09\/wendel_verza.jpeg\"><img loading=\"lazy\" decoding=\"async\" width=\"500\" height=\"500\" data-id=\"302139\" src=\"https:\/\/jundiai.sp.gov.br\/noticias\/wp-content\/uploads\/sites\/32\/2022\/09\/wendel_verza.jpeg\" alt=\"\" class=\"wp-image-302139\" srcset=\"https:\/\/jundiai.sp.gov.br\/noticias\/wp-content\/uploads\/sites\/32\/2022\/09\/wendel_verza.jpeg 500w, https:\/\/jundiai.sp.gov.br\/noticias\/wp-content\/uploads\/sites\/32\/2022\/09\/wendel_verza-300x300.jpeg 300w, https:\/\/jundiai.sp.gov.br\/noticias\/wp-content\/uploads\/sites\/32\/2022\/09\/wendel_verza-100x100.jpeg 100w\" sizes=\"auto, (max-width: 500px) 100vw, 500px\" \/><\/a><figcaption>Wendel Verza<\/figcaption><\/figure>\n\n\n\n<figure class=\"wp-block-image size-large\"><a href=\"https:\/\/jundiai.sp.gov.br\/noticias\/wp-content\/uploads\/sites\/32\/2022\/09\/wesley_gonzaga.jpeg\"><img loading=\"lazy\" decoding=\"async\" width=\"500\" height=\"500\" data-id=\"302140\" src=\"https:\/\/jundiai.sp.gov.br\/noticias\/wp-content\/uploads\/sites\/32\/2022\/09\/wesley_gonzaga.jpeg\" alt=\"\" class=\"wp-image-302140\" srcset=\"https:\/\/jundiai.sp.gov.br\/noticias\/wp-content\/uploads\/sites\/32\/2022\/09\/wesley_gonzaga.jpeg 500w, https:\/\/jundiai.sp.gov.br\/noticias\/wp-content\/uploads\/sites\/32\/2022\/09\/wesley_gonzaga-300x300.jpeg 300w, https:\/\/jundiai.sp.gov.br\/noticias\/wp-content\/uploads\/sites\/32\/2022\/09\/wesley_gonzaga-100x100.jpeg 100w\" sizes=\"auto, (max-width: 500px) 100vw, 500px\" \/><\/a><figcaption>Wesley Gonzaga <\/figcaption><\/figure>\n<\/figure>\n\n\n\n<p>Os ingressos gratuitos ficam dispon\u00edveis para retirada tanto na bilheteria do Teatro quanto <a href=\"https:\/\/bileto.sympla.com.br\/event\/76425\/d\/157525\/s\/1049292\" target=\"_blank\" rel=\"noreferrer noopener\">pela internet, na plataforma Sympla<\/a>, a partir das 10h30 desta ter\u00e7a-feira (27). Cada interessado pode retirar at\u00e9 dois ingressos.<\/p>\n\n\n\n<p>O Teatro Polytheama fica na rua Bar\u00e3o de Jundia\u00ed, 176 \u2013 Centro. Mais informa\u00e7\u00f5es pelo telefone 4586-2472.<\/p>\n\n\n\n<figure class=\"wp-block-gallery has-nested-images columns-4 is-cropped wp-block-gallery-2 is-layout-flex wp-block-gallery-is-layout-flex\">\n<figure class=\"wp-block-image size-large\"><a href=\"https:\/\/jundiai.sp.gov.br\/noticias\/wp-content\/uploads\/sites\/32\/2022\/09\/diego-ramos.jpeg\"><img loading=\"lazy\" decoding=\"async\" width=\"500\" height=\"500\" data-id=\"302124\" src=\"https:\/\/jundiai.sp.gov.br\/noticias\/wp-content\/uploads\/sites\/32\/2022\/09\/diego-ramos.jpeg\" alt=\"\" class=\"wp-image-302124\" srcset=\"https:\/\/jundiai.sp.gov.br\/noticias\/wp-content\/uploads\/sites\/32\/2022\/09\/diego-ramos.jpeg 500w, https:\/\/jundiai.sp.gov.br\/noticias\/wp-content\/uploads\/sites\/32\/2022\/09\/diego-ramos-300x300.jpeg 300w, https:\/\/jundiai.sp.gov.br\/noticias\/wp-content\/uploads\/sites\/32\/2022\/09\/diego-ramos-100x100.jpeg 100w\" sizes=\"auto, (max-width: 500px) 100vw, 500px\" \/><\/a><figcaption>Diego Ramos<\/figcaption><\/figure>\n\n\n\n<figure class=\"wp-block-image size-large\"><a href=\"https:\/\/jundiai.sp.gov.br\/noticias\/wp-content\/uploads\/sites\/32\/2022\/09\/elly-gomes.jpeg\"><img loading=\"lazy\" decoding=\"async\" width=\"500\" height=\"500\" data-id=\"302125\" src=\"https:\/\/jundiai.sp.gov.br\/noticias\/wp-content\/uploads\/sites\/32\/2022\/09\/elly-gomes.jpeg\" alt=\"\" class=\"wp-image-302125\" srcset=\"https:\/\/jundiai.sp.gov.br\/noticias\/wp-content\/uploads\/sites\/32\/2022\/09\/elly-gomes.jpeg 500w, https:\/\/jundiai.sp.gov.br\/noticias\/wp-content\/uploads\/sites\/32\/2022\/09\/elly-gomes-300x300.jpeg 300w, https:\/\/jundiai.sp.gov.br\/noticias\/wp-content\/uploads\/sites\/32\/2022\/09\/elly-gomes-100x100.jpeg 100w\" sizes=\"auto, (max-width: 500px) 100vw, 500px\" \/><\/a><figcaption>Elly Gomes<\/figcaption><\/figure>\n\n\n\n<figure class=\"wp-block-image size-large\"><a href=\"https:\/\/jundiai.sp.gov.br\/noticias\/wp-content\/uploads\/sites\/32\/2022\/09\/joao_veras.jpeg\"><img loading=\"lazy\" decoding=\"async\" width=\"500\" height=\"500\" data-id=\"302126\" src=\"https:\/\/jundiai.sp.gov.br\/noticias\/wp-content\/uploads\/sites\/32\/2022\/09\/joao_veras.jpeg\" alt=\"\" class=\"wp-image-302126\" srcset=\"https:\/\/jundiai.sp.gov.br\/noticias\/wp-content\/uploads\/sites\/32\/2022\/09\/joao_veras.jpeg 500w, https:\/\/jundiai.sp.gov.br\/noticias\/wp-content\/uploads\/sites\/32\/2022\/09\/joao_veras-300x300.jpeg 300w, https:\/\/jundiai.sp.gov.br\/noticias\/wp-content\/uploads\/sites\/32\/2022\/09\/joao_veras-100x100.jpeg 100w\" sizes=\"auto, (max-width: 500px) 100vw, 500px\" \/><\/a><figcaption>Jo\u00e3o Veras de Carvalho<\/figcaption><\/figure>\n\n\n\n<figure class=\"wp-block-image size-large\"><a href=\"https:\/\/jundiai.sp.gov.br\/noticias\/wp-content\/uploads\/sites\/32\/2022\/09\/paula_bethiol.jpeg\"><img loading=\"lazy\" decoding=\"async\" width=\"500\" height=\"500\" data-id=\"302127\" src=\"https:\/\/jundiai.sp.gov.br\/noticias\/wp-content\/uploads\/sites\/32\/2022\/09\/paula_bethiol.jpeg\" alt=\"\" class=\"wp-image-302127\" srcset=\"https:\/\/jundiai.sp.gov.br\/noticias\/wp-content\/uploads\/sites\/32\/2022\/09\/paula_bethiol.jpeg 500w, https:\/\/jundiai.sp.gov.br\/noticias\/wp-content\/uploads\/sites\/32\/2022\/09\/paula_bethiol-300x300.jpeg 300w, https:\/\/jundiai.sp.gov.br\/noticias\/wp-content\/uploads\/sites\/32\/2022\/09\/paula_bethiol-100x100.jpeg 100w\" sizes=\"auto, (max-width: 500px) 100vw, 500px\" \/><\/a><figcaption>Paula Bethiol<\/figcaption><\/figure>\n<figcaption class=\"blocks-gallery-caption\">Como em todas as edi\u00e7\u00f5es, al\u00e9m dos m\u00fasicos, tamb\u00e9m participam bailarinos e atores<\/figcaption><\/figure>\n\n\n\n<p><strong>Assessoria de Imprensa<br>Fotos: Fot\u00f3grafos PMJ e Divulga\u00e7\u00e3o<\/strong><\/p>\n","protected":false},"excerpt":{"rendered":"<p>O M\u00fasica &amp; Hist\u00f3rias, a\u00e7\u00e3o realizada mensalmente pela Unidade de Gest\u00e3o de Cultura (UGC) no Polytheama, chega de volta ao teatro nesta quinta-feira (29), a partir das 19h30. Desta vez, o espet\u00e1culo, que re\u00fane m\u00fasicos, bailarinos e atores para uma apresenta\u00e7\u00e3o sempre bem avaliada pelo p\u00fablico, faz uma homenagem \u00e0 M\u00fasica Latina, atrav\u00e9s do trabalho [&hellip;]<\/p>\n","protected":false},"author":14,"featured_media":302142,"comment_status":"closed","ping_status":"0","sticky":false,"template":"","format":"standard","meta":{"footnotes":""},"categories":[2],"tags":[29,439,399,2276,400],"ods":[],"class_list":["post-302122","post","type-post","status-publish","format-standard","has-post-thumbnail","hentry","category-noticias","tag-cultura","tag-danca","tag-musica","tag-musica-historias","tag-teatro"],"_links":{"self":[{"href":"https:\/\/jundiai.sp.gov.br\/noticias\/wp-json\/wp\/v2\/posts\/302122","targetHints":{"allow":["GET"]}}],"collection":[{"href":"https:\/\/jundiai.sp.gov.br\/noticias\/wp-json\/wp\/v2\/posts"}],"about":[{"href":"https:\/\/jundiai.sp.gov.br\/noticias\/wp-json\/wp\/v2\/types\/post"}],"author":[{"embeddable":true,"href":"https:\/\/jundiai.sp.gov.br\/noticias\/wp-json\/wp\/v2\/users\/14"}],"replies":[{"embeddable":true,"href":"https:\/\/jundiai.sp.gov.br\/noticias\/wp-json\/wp\/v2\/comments?post=302122"}],"version-history":[{"count":6,"href":"https:\/\/jundiai.sp.gov.br\/noticias\/wp-json\/wp\/v2\/posts\/302122\/revisions"}],"predecessor-version":[{"id":302263,"href":"https:\/\/jundiai.sp.gov.br\/noticias\/wp-json\/wp\/v2\/posts\/302122\/revisions\/302263"}],"wp:featuredmedia":[{"embeddable":true,"href":"https:\/\/jundiai.sp.gov.br\/noticias\/wp-json\/wp\/v2\/media\/302142"}],"wp:attachment":[{"href":"https:\/\/jundiai.sp.gov.br\/noticias\/wp-json\/wp\/v2\/media?parent=302122"}],"wp:term":[{"taxonomy":"category","embeddable":true,"href":"https:\/\/jundiai.sp.gov.br\/noticias\/wp-json\/wp\/v2\/categories?post=302122"},{"taxonomy":"post_tag","embeddable":true,"href":"https:\/\/jundiai.sp.gov.br\/noticias\/wp-json\/wp\/v2\/tags?post=302122"},{"taxonomy":"ods","embeddable":true,"href":"https:\/\/jundiai.sp.gov.br\/noticias\/wp-json\/wp\/v2\/ods?post=302122"}],"curies":[{"name":"wp","href":"https:\/\/api.w.org\/{rel}","templated":true}]}}