{"id":302146,"date":"2022-09-24T10:00:00","date_gmt":"2022-09-24T13:00:00","guid":{"rendered":"https:\/\/jundiai.sp.gov.br\/noticias\/?p=302146"},"modified":"2022-09-23T18:53:12","modified_gmt":"2022-09-23T21:53:12","slug":"no-curso-de-panificacao-as-maos-vao-alem-da-massa-elas-comunicam-e-dao-acesso-ao-aprendizado","status":"publish","type":"post","link":"https:\/\/jundiai.sp.gov.br\/noticias\/2022\/09\/24\/no-curso-de-panificacao-as-maos-vao-alem-da-massa-elas-comunicam-e-dao-acesso-ao-aprendizado\/","title":{"rendered":"No curso de Panifica\u00e7\u00e3o, as m\u00e3os v\u00e3o al\u00e9m da massa: elas comunicam e d\u00e3o acesso ao aprendizado"},"content":{"rendered":"\n<p>Foi por meio das redes sociais que Fabiano Sebasti\u00e3o Cordeiro soube da pr\u00e9-inscri\u00e7\u00e3o para o curso de Panifica\u00e7\u00e3o, promovido pelo Fundo Social de Solidariedade de Jundia\u00ed (Funss). Morador no bairro \u00c1gua Doce, ele garantiu a vaga e, junto com a esposa, Valqu\u00edria Aparecida da Silva, participou da capacita\u00e7\u00e3o com um grande objetivo: futuramente, abrir o pr\u00f3prio neg\u00f3cio.<\/p>\n\n\n\n<p>Mas diferentemente das turmas j\u00e1 realizadas, nesta, as m\u00e3os dos participantes foram al\u00e9m da massa preparada: elas comunicaram e permitiram ao casal o acesso ao conhecimento profissional por meio da L\u00edngua Brasileira de Sinais (Libras). Para isso, o Fundo Social contou com a ajuda da Associa\u00e7\u00e3o e Clube dos Surdos de Jundia\u00ed (ACSJ) que, h\u00e1 51 anos, atua com a proposta de ensinar, educar e integrar a pessoa com defici\u00eancia auditiva.<\/p>\n\n\n\n<figure class=\"wp-block-image size-full\"><img loading=\"lazy\" decoding=\"async\" width=\"1280\" height=\"853\" src=\"https:\/\/jundiai.sp.gov.br\/noticias\/wp-content\/uploads\/sites\/32\/2022\/09\/panificacao_funss-2.jpg\" alt=\"\" class=\"wp-image-302147\" srcset=\"https:\/\/jundiai.sp.gov.br\/noticias\/wp-content\/uploads\/sites\/32\/2022\/09\/panificacao_funss-2.jpg 1280w, https:\/\/jundiai.sp.gov.br\/noticias\/wp-content\/uploads\/sites\/32\/2022\/09\/panificacao_funss-2-300x200.jpg 300w, https:\/\/jundiai.sp.gov.br\/noticias\/wp-content\/uploads\/sites\/32\/2022\/09\/panificacao_funss-2-768x512.jpg 768w, https:\/\/jundiai.sp.gov.br\/noticias\/wp-content\/uploads\/sites\/32\/2022\/09\/panificacao_funss-2-450x300.jpg 450w\" sizes=\"auto, (max-width: 1280px) 100vw, 1280px\" \/><figcaption>Fabiano e Valqu\u00edria participaram, pela primeira vez, de um curso gratuito do Fundo Social. A ideia do casal \u00e9 abrir o pr\u00f3prio neg\u00f3cio<\/figcaption><\/figure>\n\n\n\n<p>\u201cCidade boa \u00e9 aquela que se desenvolve e cresce sem deixar ningu\u00e9m para tr\u00e1s. A parceria com o Clube dos Surdos vem ao encontro desta nossa cren\u00e7a e do trabalho do Fundo Social, que, em Jundia\u00ed, \u00e9 lugar de fomento \u00e0 gera\u00e7\u00e3o de renda e emprego por meio da qualifica\u00e7\u00e3o profissional\u201d, afirmou a primeira-dama e presidente do Funss, Vanessa Machado.<\/p>\n\n\n\n<p>Para que o processo de aprendizagem fosse efetivo, a entidade disponibilizou duas alunas, que est\u00e3o na reta final do curso de forma\u00e7\u00e3o em Libras, para atuarem como int\u00e9rpretes durante as aulas. O acompanhamento serviu como uma esp\u00e9cie de est\u00e1gio. \u201cNesta uni\u00e3o de esfor\u00e7os, todos ganham: Fabiano e Valqu\u00edria, que aprendem um novo of\u00edcio para gerar renda; e as nossas alunas, que t\u00eam a possibilidade de j\u00e1 colocar em pr\u00e1tica o que vimos em sala de aula\u201d, disse o representante e professor da entidade, Luciano Germano.<\/p>\n\n\n\n<p>\u00a0\u201cEssa foi minha primeira experi\u00eancia em um curso de panifica\u00e7\u00e3o com surdos. J\u00e1 interpretei, mas em outros contextos. Para mim, foi uma experi\u00eancia maravilhosa. Fabiano e Valqu\u00edria est\u00e3o super envolvidos, h\u00e1 boa intera\u00e7\u00e3o em sala de aula e alguns alunos ouvintes at\u00e9 aprenderam sinais b\u00e1sicos para melhorar a comunica\u00e7\u00e3o com eles. Al\u00e9m de contribuir com a acessibilidade deles, tamb\u00e9m aprendi algumas receitas e vou fazer casa em depois\u201d, contou a int\u00e9rprete Elaine Silva.<\/p>\n\n\n\n<figure class=\"wp-block-image size-full\"><img loading=\"lazy\" decoding=\"async\" width=\"1280\" height=\"853\" src=\"https:\/\/jundiai.sp.gov.br\/noticias\/wp-content\/uploads\/sites\/32\/2022\/09\/panificacao_funss-1.jpg\" alt=\"\" class=\"wp-image-302148\" srcset=\"https:\/\/jundiai.sp.gov.br\/noticias\/wp-content\/uploads\/sites\/32\/2022\/09\/panificacao_funss-1.jpg 1280w, https:\/\/jundiai.sp.gov.br\/noticias\/wp-content\/uploads\/sites\/32\/2022\/09\/panificacao_funss-1-300x200.jpg 300w, https:\/\/jundiai.sp.gov.br\/noticias\/wp-content\/uploads\/sites\/32\/2022\/09\/panificacao_funss-1-768x512.jpg 768w, https:\/\/jundiai.sp.gov.br\/noticias\/wp-content\/uploads\/sites\/32\/2022\/09\/panificacao_funss-1-450x300.jpg 450w\" sizes=\"auto, (max-width: 1280px) 100vw, 1280px\" \/><figcaption>No Fundo Social, a parceria garantiu aprendizagem acess\u00edvel e de qualidade<\/figcaption><\/figure>\n\n\n\n<p>\u201cFoi maravilhoso promover este acolhimento junto ao Funss. A educa\u00e7\u00e3o inclusiva \u00e9 de extrema import\u00e2ncia para a promo\u00e7\u00e3o de um processo de aprendizagem acess\u00edvel e de qualidade. Com isso, torna-se mais simples formar profissionais e cidad\u00e3os preparados para lidar com as diferen\u00e7as no mercado de trabalho e na sociedade\u201d, compartilhou a professora Andressa Trevisan.<\/p>\n\n\n\n<p>\u201cFoi muito bom aprender com ouvintes. As int\u00e9rpretes ajudaram bastante na acessibilidade para entendermos os ensinamentos do curso. Gostamos tanto que tamb\u00e9m fizemos a pr\u00e9-inscri\u00e7\u00e3o para o pr\u00f3ximo, que ser\u00e1 o de Pizza\u201d, explicou Fabiano. \u201cN\u00f3s j\u00e1 preparamos e vendemos coxinhas. Com a capacita\u00e7\u00e3o, a nossa ideia \u00e9, futuramente, vender p\u00e3es e outros salgados\u201d, contou Valqu\u00edria.<\/p>\n\n\n\n<p>A pr\u00e9-inscri\u00e7\u00e3o para novos cursos \u00e9 totalmente digital e feita por meio de formul\u00e1rios Google. A divulga\u00e7\u00e3o das turmas ocorre, antecipadamente, pelos canais oficiais da Prefeitura de Jundia\u00ed e do Fundo Social, na internet. Para participar, o interessado deve acessar o link referente \u00e0 turma pretendida e preencher a ficha de inten\u00e7\u00e3o de participa\u00e7\u00e3o. O crit\u00e9rio de sele\u00e7\u00e3o e forma\u00e7\u00e3o das turmas \u00e9 a ordem de envio destas informa\u00e7\u00f5es, que considera hora, minuto e segundo.<\/p>\n\n\n\n<p>\u201cA transforma\u00e7\u00e3o por meio da qualifica\u00e7\u00e3o profissional \u00e9 a voca\u00e7\u00e3o do Fundo Social, desde 2017. De l\u00e1 para c\u00e1, mais de 24 mil vagas gratuitas j\u00e1 foram disponibilizadas em cursos gratuitos. Seguiremos fortes com este trabalho porque acreditamos que a forma\u00e7\u00e3o \u00e9 alicerce para melhorar a qualidade de vida das fam\u00edlias que vivem aqui\u201d, concluiu Vanessa.<\/p>\n\n\n\n<p>O endere\u00e7o do Fundo Social \u00e9 o Parque da Uva. O acesso \u00e9 pela avenida Dona Manoela Lacerda de Vergueiro, s\/n, port\u00e3o 03, bairro Anhangaba\u00fa. O funcionamento da unidade \u00e9 de segunda a sexta-feira, das 8h \u00e0s 17h, exceto feriados. Informa\u00e7\u00f5es pelos telefones (11) 4589-6319, 4589-6320, 4589-6322.<\/p>\n\n\n\n<p><strong>Assessoria de Imprensa<\/strong><\/p>\n\n\n\n<p><strong>Foto: Fot\u00f3grafo PMJ<\/strong><\/p>\n","protected":false},"excerpt":{"rendered":"<p>Foi por meio das redes sociais que Fabiano Sebasti\u00e3o Cordeiro soube da pr\u00e9-inscri\u00e7\u00e3o para o curso de Panifica\u00e7\u00e3o, promovido pelo Fundo Social de Solidariedade de Jundia\u00ed (Funss). Morador no bairro \u00c1gua Doce, ele garantiu a vaga e, junto com a esposa, Valqu\u00edria Aparecida da Silva, participou da capacita\u00e7\u00e3o com um grande objetivo: futuramente, abrir o [&hellip;]<\/p>\n","protected":false},"author":49,"featured_media":302148,"comment_status":"closed","ping_status":"0","sticky":false,"template":"","format":"standard","meta":{"footnotes":""},"categories":[2],"tags":[1039,416],"ods":[],"class_list":["post-302146","post","type-post","status-publish","format-standard","has-post-thumbnail","hentry","category-noticias","tag-cursos-funss","tag-fundo-social-de-solidariedade-funss"],"_links":{"self":[{"href":"https:\/\/jundiai.sp.gov.br\/noticias\/wp-json\/wp\/v2\/posts\/302146","targetHints":{"allow":["GET"]}}],"collection":[{"href":"https:\/\/jundiai.sp.gov.br\/noticias\/wp-json\/wp\/v2\/posts"}],"about":[{"href":"https:\/\/jundiai.sp.gov.br\/noticias\/wp-json\/wp\/v2\/types\/post"}],"author":[{"embeddable":true,"href":"https:\/\/jundiai.sp.gov.br\/noticias\/wp-json\/wp\/v2\/users\/49"}],"replies":[{"embeddable":true,"href":"https:\/\/jundiai.sp.gov.br\/noticias\/wp-json\/wp\/v2\/comments?post=302146"}],"version-history":[{"count":2,"href":"https:\/\/jundiai.sp.gov.br\/noticias\/wp-json\/wp\/v2\/posts\/302146\/revisions"}],"predecessor-version":[{"id":302150,"href":"https:\/\/jundiai.sp.gov.br\/noticias\/wp-json\/wp\/v2\/posts\/302146\/revisions\/302150"}],"wp:featuredmedia":[{"embeddable":true,"href":"https:\/\/jundiai.sp.gov.br\/noticias\/wp-json\/wp\/v2\/media\/302148"}],"wp:attachment":[{"href":"https:\/\/jundiai.sp.gov.br\/noticias\/wp-json\/wp\/v2\/media?parent=302146"}],"wp:term":[{"taxonomy":"category","embeddable":true,"href":"https:\/\/jundiai.sp.gov.br\/noticias\/wp-json\/wp\/v2\/categories?post=302146"},{"taxonomy":"post_tag","embeddable":true,"href":"https:\/\/jundiai.sp.gov.br\/noticias\/wp-json\/wp\/v2\/tags?post=302146"},{"taxonomy":"ods","embeddable":true,"href":"https:\/\/jundiai.sp.gov.br\/noticias\/wp-json\/wp\/v2\/ods?post=302146"}],"curies":[{"name":"wp","href":"https:\/\/api.w.org\/{rel}","templated":true}]}}