{"id":302202,"date":"2022-09-26T11:24:34","date_gmt":"2022-09-26T14:24:34","guid":{"rendered":"https:\/\/jundiai.sp.gov.br\/noticias\/?p=302202"},"modified":"2022-09-26T11:24:34","modified_gmt":"2022-09-26T14:24:34","slug":"cursos-gratuitos-do-funss-ja-estao-com-turmas-completas-confira-a-lista-de-contemplados","status":"publish","type":"post","link":"https:\/\/jundiai.sp.gov.br\/noticias\/2022\/09\/26\/cursos-gratuitos-do-funss-ja-estao-com-turmas-completas-confira-a-lista-de-contemplados\/","title":{"rendered":"Cursos gratuitos do Funss j\u00e1 est\u00e3o com turmas completas. Confira a lista de contemplados"},"content":{"rendered":"\n<p>O Fundo Social de Solidariedade de Jundia\u00ed (Funss) divulga, nesta segunda-feira (26), a lista com os nomes dos alunos contemplados com vagas para os cursos do m\u00eas de outubro. A pr\u00e9-inscri\u00e7\u00e3o para as capacita\u00e7\u00f5es ocorreu pela internet. Confira a listagem abaixo:<\/p>\n\n\n\n<figure class=\"wp-block-table\"><table><tbody><tr><td><strong>Curso de Barbeiro<\/strong><\/td><\/tr><tr><td>1. Jonathan de Souza Baciga<\/td><\/tr><tr><td>2.\u00a0Josu\u00e9 Geovanni Sena da Cunha<\/td><\/tr><tr><td>3.\u00a0Silvio Cesar Giarolla<\/td><\/tr><tr><td>4.\u00a0Valdinei Lima dos Santos<\/td><\/tr><tr><td>5.\u00a0William da Silva Joaquim<\/td><\/tr><tr><td>6.\u00a0Sandriele de Brito Almeida<\/td><\/tr><tr><td>7.\u00a0Tiago Vilucci Ruiz R\u00f3pa<\/td><\/tr><tr><td>8.\u00a0Thiago Henrique Keller<\/td><\/tr><tr><td>9.\u00a0Lucas Menegace<\/td><\/tr><tr><td>10. Luana Corr\u00eaa da Silva<\/td><\/tr><tr><td>11.\u00a0Adrian Akyllys dos Santos Ramos<\/td><\/tr><tr><td>12.\u00a0Patrick Santos<\/td><\/tr><tr><td>13.\u00a0Alex dos Santos Godoi<\/td><\/tr><tr><td>14.\u00a0Evelyn Monique Siqueira Santos<\/td><\/tr><tr><td>15.\u00a0Rafaela Vitoria Pereira Silva<\/td><\/tr><tr><td>16.\u00a0\u00c9der de Almeida Sousa<\/td><\/tr><tr><td>17.\u00a0Paula Carolina Amorim Ant\u00f4nio<\/td><\/tr><tr><td>18.\u00a0Victor dos Santos Lopes<\/td><\/tr><tr><td>19.\u00a0Jos\u00e9 Roberto Gon\u00e7alves da Silva<\/td><\/tr><tr><td>20.\u00a0Gustavo Henrique Campos<\/td><\/tr><tr><td><br><\/td><\/tr><tr><td><strong>Curso de Designer de Sobrancelha<\/strong><\/td><\/tr><tr><td>1. Amanda Carolina Dalter Lopes Pereira<\/td><\/tr><tr><td>2.\u00a0Bianca Nath\u00e1lia Pereira Fernandes<\/td><\/tr><tr><td>3.\u00a0Maria Elizabete Dos Santos Belchior<\/td><\/tr><tr><td>4.\u00a0Mylena Galeoti Neri<\/td><\/tr><tr><td>5.\u00a0Adriana Regina Perugini Rodrigues Santos<\/td><\/tr><tr><td>6. Ingrid Alessandra Barreto da Silva<\/td><\/tr><tr><td>7.\u00a0Luana Fernanda Franco Viana<\/td><\/tr><tr><td>8.\u00a0Carla Fernanda de Almeida Sirm\u00e3o<\/td><\/tr><tr><td>9.\u00a0Nat\u00e1lia Emy Rodrigues Monteoliva<\/td><\/tr><tr><td>10. Bruna Rivitti<\/td><\/tr><tr><td>11.\u00a0Martina Augusto Soares Pasquini<\/td><\/tr><tr><td>12.\u00a0Adriana Belarmino dos Santos<\/td><\/tr><tr><td>13.\u00a0Naiara Iana Volpiani Mariano<\/td><\/tr><tr><td>14.\u00a0C\u00e9lia Aparecida Mendes<\/td><\/tr><tr><td>15.\u00a0Ariane Cristine Barboza<\/td><\/tr><tr><td>16.\u00a0Silvani Ferreira da Costa Elesb\u00e3o<\/td><\/tr><tr><td>17.\u00a0Pamela Beatriz de Morais<\/td><\/tr><tr><td>18.\u00a0Maria Eduarda dos Anjos Silveira<\/td><\/tr><tr><td>19.\u00a0Magda Graziela de Lima Santos<\/td><\/tr><tr><td>20.\u00a0Tatiane Cristina da Rocha<\/td><\/tr><tr><td><br><\/td><\/tr><tr><td><strong>Curso de Eletricista Residencial<\/strong><\/td><\/tr><tr><td>1. Lucas Rafael Rampin<\/td><\/tr><tr><td>2.\u00a0Jo\u00e3o Victor Silva Lemos<\/td><\/tr><tr><td>3.\u00a0Cl\u00e1udio Luiz de Oliveira<\/td><\/tr><tr><td>4.\u00a0Valternei Pereira Reis<\/td><\/tr><tr><td>5.\u00a0Valdeir Carlos da Silva<\/td><\/tr><tr><td>6.\u00a0Andre Pereira Paoletti<\/td><\/tr><tr><td>7.\u00a0Sidney Aparecido Pereira Rodrigues<\/td><\/tr><tr><td>8.\u00a0Amilton Silva Santana<\/td><\/tr><tr><td>9.\u00a0Lucas Fernando Brito Melo<\/td><\/tr><tr><td>10. Adaiana Ferreira Gandra<\/td><\/tr><tr><td>11.\u00a0Carlos Eldth J\u00fanior<\/td><\/tr><tr><td>12.\u00a0Joel Rom\u00e3o dos Santos<\/td><\/tr><tr><td>13.\u00a0Higor Lima Silva<\/td><\/tr><tr><td>14.\u00a0Adailton Oliveira da Silva<\/td><\/tr><tr><td>15.\u00a0Daniel Paulo Vicioli Rodrigues<\/td><\/tr><tr><td>16.\u00a0Juan Felipe da Silva<\/td><\/tr><tr><td>17. Paulo Henrique Gersi<\/td><\/tr><tr><td>18.\u00a0Jacson Ferreira Ribeiro<\/td><\/tr><tr><td>19.\u00a0Saulo Rog\u00e9rio Barbosa<\/td><\/tr><tr><td>20.\u00a0Bruno Rigone Giatti<\/td><\/tr><tr><td><br><\/td><\/tr><tr><td><strong>Curso de Inicia\u00e7\u00e3o \u00e0 Costura Criativa &#8211; manh\u00e3<\/strong><\/td><\/tr><tr><td>1. Luciana da Silva Requelme Oliveira<\/td><\/tr><tr><td>2.\u00a0Thain\u00e1 Gabriele Silva<\/td><\/tr><tr><td>3.\u00a0Neusa Borges<\/td><\/tr><tr><td>4.\u00a0S\u00f4nia Regina Riccetto Galdeano<\/td><\/tr><tr><td>5.\u00a0Gisele Aparecida Machado Zomignan<\/td><\/tr><tr><td>6.\u00a0Vanecler Gomes de Almeida<\/td><\/tr><tr><td>7.\u00a0Tania Cristina Batistela Silva<\/td><\/tr><tr><td>8.\u00a0Eli Aparecida Dos Santos Silva<\/td><\/tr><tr><td>9.\u00a0Tatiane Aparecida Concei\u00e7\u00e3o dos Reis<\/td><\/tr><tr><td>10. Fernanda Lima Vieira da Rocha<\/td><\/tr><tr><td><br><\/td><\/tr><tr><td><strong>Curso de Inicia\u00e7\u00e3o \u00e0 Costura Criativa &#8211; tarde<\/strong><\/td><\/tr><tr><td>1. Rosianea Henrique Fernandes<\/td><\/tr><tr><td>2.\u00a0Talita Aparecida Ferreira Eldth<\/td><\/tr><tr><td>3.\u00a0Cecilia De Fatima Custodio<\/td><\/tr><tr><td>4.\u00a0Vera Lucia Pereira De Menezes<\/td><\/tr><tr><td>5.\u00a0Maria Heloisa de Faria Gebran<\/td><\/tr><tr><td>6.\u00a0Rosenilda da Silva Delgado Leal<\/td><\/tr><tr><td>7.\u00a0Karine Barbosa Placco Silva<\/td><\/tr><tr><td>8. Pollyanna dos Reis Fabris<\/td><\/tr><tr><td>9.\u00a0Maria Suely Cerqueira de Santana Oliveira<\/td><\/tr><tr><td>10. Ariane da Silva Straforini<\/td><\/tr><tr><td><br><\/td><\/tr><tr><td><strong>Oficina de Bonecas Natalinas<\/strong><\/td><\/tr><tr><td>1. Silvana Munhoz Benetti<\/td><\/tr><tr><td>2.\u00a0Flavia da Costa Rodrigues Souza<\/td><\/tr><tr><td>3.\u00a0Rossana de Moura Benatti<\/td><\/tr><tr><td>4.\u00a0Ernanda Ferreira Gandra Gomes<\/td><\/tr><tr><td>5.\u00a0Silvana Lo Monaco<\/td><\/tr><tr><td>6.\u00a0Alci Alves Ribeiro<\/td><\/tr><tr><td>7.\u00a0Susete Cristina de Camargo<\/td><\/tr><tr><td>8.\u00a0Delsione Messias Borges<\/td><\/tr><tr><td>9. Francine Ferigatti<\/td><\/tr><tr><td>10. Eva Donizete Prado Francisco<\/td><\/tr><tr><td><br><\/td><\/tr><tr><td><strong>Curso de Panifica\u00e7\u00e3o<\/strong><\/td><\/tr><tr><td>1. Jos\u00e9 V\u00edctor da Silva<\/td><\/tr><tr><td>2.\u00a0Douglas Pessim Mar\u00e7al<\/td><\/tr><tr><td>3.\u00a0Katlyn Graziele Nascimento Alves<\/td><\/tr><tr><td>4.\u00a0Cl\u00e1udia Aparecida Silva Santos<\/td><\/tr><tr><td>5. Welisson De Oliveira Santos<\/td><\/tr><tr><td>6.\u00a0Eduardo Augusto Pereira Ramalho<\/td><\/tr><tr><td>7.\u00a0Graziela Pistarinj<\/td><\/tr><tr><td>8.\u00a0Tha\u00eds Thomassoni Ortiz<\/td><\/tr><tr><td>9.\u00a0Laerte Pinto de Souza Laerte<\/td><\/tr><tr><td>10. Esther Rayane Cabral Gomes<\/td><\/tr><tr><td>11.\u00a0Leslie Cristina Oliveira Santos<\/td><\/tr><tr><td>12.\u00a0Maria Iolanda da Silva Zuchatti<\/td><\/tr><tr><td>13.\u00a0Kely C M Marques<\/td><\/tr><tr><td>14.\u00a0Dayane Aparecida Batista<\/td><\/tr><tr><td>15.\u00a0C\u00e9lia de Almeida Brito<\/td><\/tr><tr><td>16.\u00a0Mariza Duarte Laranja<\/td><\/tr><tr><td>17. Leidilene Rodrigues Fernandes<\/td><\/tr><tr><td>18.\u00a0Rog\u00e9rio Campos<\/td><\/tr><tr><td>19.\u00a0Daniel Berg Souza de Oliveira<\/td><\/tr><tr><td>20.\u00a0Maria Rita Baialuna dos Santos<\/td><\/tr><tr><td><br><\/td><\/tr><tr><td><strong>Curso de Pizza &#8211; Turma 2\u00aa e 4\u00aa<\/strong><\/td><\/tr><tr><td>1. Tais Custodia Messias<\/td><\/tr><tr><td>2.\u00a0Claudio Roberto De Oliveira<\/td><\/tr><tr><td>3.\u00a0Marilene da Silva Dutra Barros<\/td><\/tr><tr><td>4.\u00a0Rosana de Fatima Mendon\u00e7a<\/td><\/tr><tr><td>5.\u00a0Isabel Aparecida Cazoni F\u00e1varo<\/td><\/tr><tr><td>6.\u00a0Simone Ribeiro Martins<\/td><\/tr><tr><td>7.\u00a0Denis Tiago Silva<\/td><\/tr><tr><td>8.\u00a0K\u00e1tia Regina da Veiga<\/td><\/tr><tr><td>9.\u00a0Cec\u00edlia das Dores Spinassi Drago<\/td><\/tr><tr><td>10. Fabiano Sebasti\u00e3o Cordeiro<\/td><\/tr><tr><td>11.\u00a0Saulo Martins<\/td><\/tr><tr><td>12. Aline F\u00e1varo<\/td><\/tr><tr><td>13.\u00a0Valquiria Aparecida da Silva<\/td><\/tr><tr><td>14.\u00a0Simone Mantovani<\/td><\/tr><tr><td>15. Aline de Souza Santana<\/td><\/tr><tr><td>16.\u00a0Everaldo Francisco dos Santos<\/td><\/tr><tr><td>17.\u00a0Marlene Maria De Sobral Silva<\/td><\/tr><tr><td>18.\u00a0Maria Roseni Alves Leal<\/td><\/tr><tr><td>19.\u00a0Odineia Pereira Ribeiro<\/td><\/tr><tr><td>20.\u00a0Fabiana Costa Curta<\/td><\/tr><tr><td><br><\/td><\/tr><tr><td><strong>Curso de Pizza &#8211; Turma 3\u00aa e 5\u00aa<\/strong><\/td><\/tr><tr><td>1. Gabriela Fortunato Ferrara<\/td><\/tr><tr><td>2.\u00a0Daniela Nunes Santos Florencio<\/td><\/tr><tr><td>3.\u00a0Emerson Valentim Vila\u00e7a<\/td><\/tr><tr><td>4.\u00a0Claudin\u00e9ia de Aguiar Prado Silva<\/td><\/tr><tr><td>5.\u00a0Marina de Oliveira Garcia<\/td><\/tr><tr><td>6.\u00a0Eliane Coutinho Catarino<\/td><\/tr><tr><td>7.\u00a0Cintia Regina Ferreti Macan<\/td><\/tr><tr><td>8.\u00a0Silvana Aparecida Gomes da Silva<\/td><\/tr><tr><td>9.\u00a0Gisele de Oliveira Garcia Fiori<\/td><\/tr><tr><td>10. Divaldo Alves Teixeira<\/td><\/tr><tr><td>11.\u00a0Ivone Monteiro Coutinho<\/td><\/tr><tr><td>12.\u00a0Juliana Rose Salvador<\/td><\/tr><tr><td>13.\u00a0Janaina Anastacio<\/td><\/tr><tr><td>14.\u00a0Alexandre de Camargo Fiori<\/td><\/tr><tr><td>15.\u00a0Ang\u00e9lica Bandeira de Brito Palmezan<\/td><\/tr><tr><td>16.\u00a0Rog\u00e9rio Redondo Puga<\/td><\/tr><tr><td>17.\u00a0Heloise de F\u00e1tima Pagotto<\/td><\/tr><tr><td>18. Wendel Menegace<\/td><\/tr><tr><td>19.\u00a0Bruno Roberto Zonho<\/td><\/tr><tr><td>20.\u00a0Gisele Aparecida Ten\u00f3rio<\/td><\/tr><tr><td><br><\/td><\/tr><tr><td><strong>Workshop de Penteados<\/strong><\/td><\/tr><tr><td>1. Yasmin Oliveira Alcantara<\/td><\/tr><tr><td>2.\u00a0Simone Reis Dos Santos<\/td><\/tr><tr><td>3.\u00a0Viviane Regina Amorim de Souza Andrade<\/td><\/tr><tr><td>4.\u00a0Karen Sena Alves<\/td><\/tr><tr><td>5.\u00a0Marina Oliveira Santos Paoletti<\/td><\/tr><tr><td>6.\u00a0Fabiana Pereira Barbosa da Rosa<\/td><\/tr><tr><td>7.\u00a0Luana dos Santos Rodrigues<\/td><\/tr><tr><td>8.\u00a0Maria Jackeline Guerra Arruda<\/td><\/tr><tr><td>9.\u00a0Tha\u00eds de Assis de Oliveira<\/td><\/tr><tr><td>10. Jaina Fortunato Vieira de castro<\/td><\/tr><tr><td>11.\u00a0Daiane Moura Ambronisio<\/td><\/tr><tr><td>12.\u00a0Joelma Souza dos Santos<\/td><\/tr><tr><td>13.\u00a0Marcia Maria Martins Vieira<\/td><\/tr><tr><td>14.\u00a0Michele Santana Adriano<\/td><\/tr><tr><td>15.\u00a0Camila Marques Soares Peroto<\/td><\/tr><tr><td><br><\/td><\/tr><tr><td><strong>Oficina de Bolas de Natal em tecido<\/strong><\/td><\/tr><tr><td>1. Vera L\u00facia Pereira de Menezes<\/td><\/tr><tr><td>2.\u00a0Sandra Regina de Lima<\/td><\/tr><tr><td>3.\u00a0Catarina Milene Novielo Porta<\/td><\/tr><tr><td>4.\u00a0Ana Lina da Silva Dutra<\/td><\/tr><tr><td>5.\u00a0Silvia Cristiane Bee<\/td><\/tr><tr><td>6.\u00a0Eunice Gugliel.in<\/td><\/tr><tr><td>7.\u00a0Julia Nascimento<\/td><\/tr><tr><td>8.\u00a0Edna Carbone Pinheiros dos santos<\/td><\/tr><tr><td>9.\u00a0\u00c9rika Vendramini Guaratini<\/td><\/tr><tr><td>10. Renata Maria de Oliveira Zandona<\/td><\/tr><\/tbody><\/table><\/figure>\n\n\n\n<p>As aulas das capacita\u00e7\u00f5es ocorrer\u00e3o na sede do Fundo Social, no Parque da Uva. O acesso \u00e9 pela avenida Dona Manoela Lacerda de Vergueiro, s\/n, port\u00e3o 03, bairro Anhangaba\u00fa. Informa\u00e7\u00f5es pelos telefones (11) 4589-6319, 4589-6320, 4589-6322.<\/p>\n\n\n\n<p><strong>Assessoria de Imprensa<\/strong><\/p>\n\n\n\n<p><strong>Foto: Fot\u00f3grafo PMJ<\/strong><\/p>\n","protected":false},"excerpt":{"rendered":"<p>O Fundo Social de Solidariedade de Jundia\u00ed (Funss) divulga, nesta segunda-feira (26), a lista com os nomes dos alunos contemplados com vagas para os cursos do m\u00eas de outubro. A pr\u00e9-inscri\u00e7\u00e3o para as capacita\u00e7\u00f5es ocorreu pela internet. Confira a listagem abaixo: Curso de Barbeiro 1. Jonathan de Souza Baciga 2.\u00a0Josu\u00e9 Geovanni Sena da Cunha 3.\u00a0Silvio [&hellip;]<\/p>\n","protected":false},"author":49,"featured_media":302208,"comment_status":"closed","ping_status":"0","sticky":false,"template":"","format":"standard","meta":{"footnotes":""},"categories":[2],"tags":[1039,416],"ods":[],"class_list":["post-302202","post","type-post","status-publish","format-standard","has-post-thumbnail","hentry","category-noticias","tag-cursos-funss","tag-fundo-social-de-solidariedade-funss"],"_links":{"self":[{"href":"https:\/\/jundiai.sp.gov.br\/noticias\/wp-json\/wp\/v2\/posts\/302202","targetHints":{"allow":["GET"]}}],"collection":[{"href":"https:\/\/jundiai.sp.gov.br\/noticias\/wp-json\/wp\/v2\/posts"}],"about":[{"href":"https:\/\/jundiai.sp.gov.br\/noticias\/wp-json\/wp\/v2\/types\/post"}],"author":[{"embeddable":true,"href":"https:\/\/jundiai.sp.gov.br\/noticias\/wp-json\/wp\/v2\/users\/49"}],"replies":[{"embeddable":true,"href":"https:\/\/jundiai.sp.gov.br\/noticias\/wp-json\/wp\/v2\/comments?post=302202"}],"version-history":[{"count":8,"href":"https:\/\/jundiai.sp.gov.br\/noticias\/wp-json\/wp\/v2\/posts\/302202\/revisions"}],"predecessor-version":[{"id":302213,"href":"https:\/\/jundiai.sp.gov.br\/noticias\/wp-json\/wp\/v2\/posts\/302202\/revisions\/302213"}],"wp:featuredmedia":[{"embeddable":true,"href":"https:\/\/jundiai.sp.gov.br\/noticias\/wp-json\/wp\/v2\/media\/302208"}],"wp:attachment":[{"href":"https:\/\/jundiai.sp.gov.br\/noticias\/wp-json\/wp\/v2\/media?parent=302202"}],"wp:term":[{"taxonomy":"category","embeddable":true,"href":"https:\/\/jundiai.sp.gov.br\/noticias\/wp-json\/wp\/v2\/categories?post=302202"},{"taxonomy":"post_tag","embeddable":true,"href":"https:\/\/jundiai.sp.gov.br\/noticias\/wp-json\/wp\/v2\/tags?post=302202"},{"taxonomy":"ods","embeddable":true,"href":"https:\/\/jundiai.sp.gov.br\/noticias\/wp-json\/wp\/v2\/ods?post=302202"}],"curies":[{"name":"wp","href":"https:\/\/api.w.org\/{rel}","templated":true}]}}