{"id":302235,"date":"2022-09-26T17:05:53","date_gmt":"2022-09-26T20:05:53","guid":{"rendered":"https:\/\/jundiai.sp.gov.br\/noticias\/?p=302235"},"modified":"2022-09-26T17:05:53","modified_gmt":"2022-09-26T20:05:53","slug":"campanha-contra-polio-segue-nas-ubss","status":"publish","type":"post","link":"https:\/\/jundiai.sp.gov.br\/noticias\/2022\/09\/26\/campanha-contra-polio-segue-nas-ubss\/","title":{"rendered":"Campanha contra P\u00f3lio segue nas UBSs"},"content":{"rendered":"\n<p>Jundia\u00ed prossegue com a Campanha Nacional de Vacina\u00e7\u00e3o contra a Poliomielite e Multivacina\u00e7\u00e3o em todas as Unidades B\u00e1sicas de Sa\u00fade (UBSs), no hor\u00e1rio das salas de vacina\u00e7\u00e3o. Caso o Minist\u00e9rio da Sa\u00fade n\u00e3o prorrogue novamente a data, a a\u00e7\u00e3o termina nesta sexta-feira (30).<br><br>A gotinha \u00e9 para crian\u00e7as de 1 a 4 anos de idade (4 anos, 11 meses e 29 dias), independente de j\u00e1 terem tomado todas as doses na rotina, desde que tenham recebido tr\u00eas doses da vacina inativada contra P\u00f3lio (VIP). A a\u00e7\u00e3o de refor\u00e7o, desencadeada no dia 8 de agosto, visa reduzir o risco de reintrodu\u00e7\u00e3o do poliov\u00edrus selvagem no Pa\u00eds. Em pa\u00edses como os Estados Unidos e Israel, onde a doen\u00e7a j\u00e1 estava erradicada, ressurgiram casos.<br><br>De acordo com o \u00faltimo balan\u00e7o da Vigil\u00e2ncia Epidemiol\u00f3gica (VE), da Unidade de Gest\u00e3o de Promo\u00e7\u00e3o da Sa\u00fade (UGPS), em Jundia\u00ed, foram vacinadas 10.631 crian\u00e7as com a dose adicional, ou seja 53% do p\u00fablico-alvo. A meta \u00e9 atingir 95% das crian\u00e7as aptas. <\/p>\n\n\n\n<figure class=\"wp-block-image size-full\"><img loading=\"lazy\" decoding=\"async\" width=\"1280\" height=\"853\" src=\"https:\/\/jundiai.sp.gov.br\/noticias\/wp-content\/uploads\/sites\/32\/2022\/09\/ubs-hortolandia-multivacinacao_fm_-29.jpg\" alt=\"\" class=\"wp-image-302239\" srcset=\"https:\/\/jundiai.sp.gov.br\/noticias\/wp-content\/uploads\/sites\/32\/2022\/09\/ubs-hortolandia-multivacinacao_fm_-29.jpg 1280w, https:\/\/jundiai.sp.gov.br\/noticias\/wp-content\/uploads\/sites\/32\/2022\/09\/ubs-hortolandia-multivacinacao_fm_-29-300x200.jpg 300w, https:\/\/jundiai.sp.gov.br\/noticias\/wp-content\/uploads\/sites\/32\/2022\/09\/ubs-hortolandia-multivacinacao_fm_-29-768x512.jpg 768w, https:\/\/jundiai.sp.gov.br\/noticias\/wp-content\/uploads\/sites\/32\/2022\/09\/ubs-hortolandia-multivacinacao_fm_-29-450x300.jpg 450w\" sizes=\"auto, (max-width: 1280px) 100vw, 1280px\" \/><figcaption>O refor\u00e7o visa visa reduzir o risco de reintrodu\u00e7\u00e3o do poliov\u00edrus selvagem no Pa\u00eds<\/figcaption><\/figure>\n\n\n\n<p>Para alavancar a campanha, a aplica\u00e7\u00e3o tamb\u00e9m ocorre nas escolas de Educa\u00e7\u00e3o Infantil I da rede municipal de ensino e nas creches conveniadas, na presen\u00e7a dos pais ou respons\u00e1veis ou mediante autoriza\u00e7\u00e3o assinada.<\/p>\n\n\n\n<p><strong>Multivacina\u00e7\u00e3o<\/strong><br>Para a campanha de multivacina\u00e7\u00e3o \u2013 voltada para crian\u00e7as e adolescentes menores de 15 anos \u2013 est\u00e3o dispon\u00edveis 18 imunizantes contra v\u00e1rias doen\u00e7as. Entre elas: Hepatite A e B, Penta (DTP\/Hib\/Hep B), Pneumoc\u00f3cica 10 valente, VRH (Vacina Rotav\u00edrus Humano), Meningoc\u00f3cica C (conjugada), Febre amarela, Tr\u00edplice viral (Sarampo, Rub\u00e9ola, Caxumba), Tetraviral (Sarampo, Rub\u00e9ola, Caxumba, Varicela), DTP (tr\u00edplice bacteriana), Varicela e HPV quadrivalente (Papilomav\u00edrus Humano).<br><br>A estrat\u00e9gia \u00e9 atualizar a caderneta de vacina\u00e7\u00e3o, de acordo com o Calend\u00e1rio Nacional de Vacina\u00e7\u00e3o.<\/p>\n\n\n\n<p><strong>Covid-19<\/strong><br>O Munic\u00edpio tamb\u00e9m realiza campanha contra Covid-19, com aplica\u00e7\u00e3o das doses nas UBSs e no polo de vacina\u00e7\u00e3o, na Cidade Administrativa (antiga Creche do Idoso). O local, na avenida Alexandre Ludke, 780 (pr\u00f3ximo ao Terminal Hortol\u00e2ndia), \u00e9 polo exclusivo para a aplica\u00e7\u00e3o do imunizante Coronavac em crian\u00e7as entre 3 e 4 anos, e tamb\u00e9m oferta as doses anteriores para o p\u00fablico a partir de cinco anos e a vacina contra Influenza para pessoas a partir de 6 meses at\u00e9 o t\u00e9rmino do estoque da cidade.<\/p>\n\n\n\n<p><a href=\"https:\/\/jundiai.sp.gov.br\/saude\/rede-de-atendimento\/rede-completa-de-atendimento\/\">CONFIRA O ENDERE\u00c7O DAS UBSs<\/a><\/p>\n\n\n\n<p><strong>Assessoria de Imprensa<br>Foto: Fot\u00f3grafos PMJ<\/strong><\/p>\n","protected":false},"excerpt":{"rendered":"<p>Jundia\u00ed prossegue com a Campanha Nacional de Vacina\u00e7\u00e3o contra a Poliomielite e Multivacina\u00e7\u00e3o em todas as Unidades B\u00e1sicas de Sa\u00fade (UBSs), no hor\u00e1rio das salas de vacina\u00e7\u00e3o. Caso o Minist\u00e9rio da Sa\u00fade n\u00e3o prorrogue novamente a data, a a\u00e7\u00e3o termina nesta sexta-feira (30). A gotinha \u00e9 para crian\u00e7as de 1 a 4 anos de idade [&hellip;]<\/p>\n","protected":false},"author":50,"featured_media":302239,"comment_status":"closed","ping_status":"0","sticky":false,"template":"","format":"standard","meta":{"footnotes":""},"categories":[2],"tags":[1500,981,1307],"ods":[],"class_list":["post-302235","post","type-post","status-publish","format-standard","has-post-thumbnail","hentry","category-noticias","tag-coronavirus","tag-promocao-da-saude","tag-ubs"],"_links":{"self":[{"href":"https:\/\/jundiai.sp.gov.br\/noticias\/wp-json\/wp\/v2\/posts\/302235","targetHints":{"allow":["GET"]}}],"collection":[{"href":"https:\/\/jundiai.sp.gov.br\/noticias\/wp-json\/wp\/v2\/posts"}],"about":[{"href":"https:\/\/jundiai.sp.gov.br\/noticias\/wp-json\/wp\/v2\/types\/post"}],"author":[{"embeddable":true,"href":"https:\/\/jundiai.sp.gov.br\/noticias\/wp-json\/wp\/v2\/users\/50"}],"replies":[{"embeddable":true,"href":"https:\/\/jundiai.sp.gov.br\/noticias\/wp-json\/wp\/v2\/comments?post=302235"}],"version-history":[{"count":3,"href":"https:\/\/jundiai.sp.gov.br\/noticias\/wp-json\/wp\/v2\/posts\/302235\/revisions"}],"predecessor-version":[{"id":302244,"href":"https:\/\/jundiai.sp.gov.br\/noticias\/wp-json\/wp\/v2\/posts\/302235\/revisions\/302244"}],"wp:featuredmedia":[{"embeddable":true,"href":"https:\/\/jundiai.sp.gov.br\/noticias\/wp-json\/wp\/v2\/media\/302239"}],"wp:attachment":[{"href":"https:\/\/jundiai.sp.gov.br\/noticias\/wp-json\/wp\/v2\/media?parent=302235"}],"wp:term":[{"taxonomy":"category","embeddable":true,"href":"https:\/\/jundiai.sp.gov.br\/noticias\/wp-json\/wp\/v2\/categories?post=302235"},{"taxonomy":"post_tag","embeddable":true,"href":"https:\/\/jundiai.sp.gov.br\/noticias\/wp-json\/wp\/v2\/tags?post=302235"},{"taxonomy":"ods","embeddable":true,"href":"https:\/\/jundiai.sp.gov.br\/noticias\/wp-json\/wp\/v2\/ods?post=302235"}],"curies":[{"name":"wp","href":"https:\/\/api.w.org\/{rel}","templated":true}]}}